{"id":138948,"date":"2020-05-29T13:16:38","date_gmt":"2020-05-29T12:16:38","guid":{"rendered":"https:\/\/die-webzeitung.de\/stuttgart\/2020\/05\/29\/nachwuchstalent-julian-guttenson-wechselt-nach-freiberg\/"},"modified":"2020-05-29T20:23:40","modified_gmt":"2020-05-29T19:23:40","slug":"nachwuchstalent-julian-guttenson-wechselt-nach-freiberg","status":"publish","type":"post","link":"https:\/\/die-webzeitung.de\/stuttgart\/2020\/05\/29\/nachwuchstalent-julian-guttenson-wechselt-nach-freiberg\/","title":{"rendered":"Nachwuchstalent Julian Guttenson wechselt nach Freiberg"},"content":{"rendered":"<p style=\"text-align: justify;\">Freiberg a. N.| Der wfv-Auswahltorwart Julian Guttenson (18) wechselt zur Saison 2020\/2021 von der U19 Oberliga-Mannschaft der Stuttgarter Kickers zum Oberliga Herrenteam des SGV Freiberg Fu\u00dfball. Julian Guttenson, der in Ludwigsburg wohnt und in Stuttgart eine \u201eEliteschule des Sports\u201c besucht, wurde in der aktuellen Saison mit dem U19 Team der Kickers auf dem Weg in die Junioren-Bundesliga durch die Pandemie gestoppt. In der abgebrochenen Saison stand er viermal im Tor der Auswahlmannschaft des W\u00fcrttembergischen Fu\u00dfball-Verbands und wurde mit dem wfv-Team Dritter bei den S\u00fcddeutschen Meisterschaften.<\/p>\n<p style=\"text-align: justify;\">Mit der Verpflichtung des Nachwuchstalents verst\u00e4rkt sich der SGV auch im Tor und verj\u00fcngt sein Team weiter.<\/p>\n<p style=\"text-align: justify;\"><strong>Christian Werner, SGV Sportdirektor:<br \/>\n<\/strong>Wir haben Julian verpflichtet, weil wir von seinem Talent absolut \u00fcberzeugt sind. Er ist ein sehr spielstarker Torwart mit viel Potential und passt auch menschlich sehr gut in unser Team.<\/p>\n<p style=\"text-align: justify;\"><strong>Julian Guttenson:<br \/>\n<\/strong>Ich freue mich sehr auf die neue Herausforderung beim SGV. Die Gespr\u00e4che mit der sportlichen Leitung waren sehr professionell und das sportliche Konzept hat mich \u00fcberzeugt. Ich m\u00f6chte n\u00e4chste Saison angreifen und mit dem SGV-Team eine wichtige Rolle in der Oberliga Baden-W\u00fcrttemberg spielen.<\/p>\n<hr \/>\n<p style=\"text-align: justify;\">\n","protected":false},"excerpt":{"rendered":"<p>Freiberg a. N.| Der wfv-Auswahltorwart Julian Guttenson (18) wechselt zur Saison 2020\/2021 von der U19 Oberliga-Mannschaft der Stuttgarter Kickers zum Oberliga Herrenteam des SGV Freiberg Fu\u00dfball. Julian Guttenson, der in Ludwigsburg wohnt und in Stuttgart eine \u201eEliteschule des Sports\u201c besucht, wurde in der aktuellen Saison mit dem U19 Team der Kickers auf dem Weg in [&hellip;]<\/p>\n","protected":false},"author":4,"featured_media":138971,"comment_status":"closed","ping_status":"open","sticky":false,"template":"","format":"standard","meta":{"inline_featured_image":false,"_exactmetrics_skip_tracking":false,"_exactmetrics_sitenote_active":false,"_exactmetrics_sitenote_note":"","_exactmetrics_sitenote_category":0,"footnotes":""},"categories":[59,110],"tags":[14857,80,129,5,68,9,119],"class_list":{"0":"post-138948","1":"post","2":"type-post","3":"status-publish","4":"format-standard","5":"has-post-thumbnail","7":"category-aktuell","8":"category-sport","9":"tag-die-webzeitung","10":"tag-freiberger-seite","11":"tag-fusball","12":"tag-internetzeitung","13":"tag-online-zeitung","14":"tag-schaumedia","15":"tag-sgv"},"image_feature":"https:\/\/die-webzeitung.de\/stuttgart\/wp-content\/uploads\/sites\/4\/2020\/05\/P5282508.jpg","author_name":"Redaktion","pure_taxonomies":{"categories":[{"term_id":59,"name":"Aktuell","slug":"aktuell","term_group":0,"term_taxonomy_id":60,"taxonomy":"category","description":"","parent":0,"count":1017,"filter":"raw","image":""},{"term_id":110,"name":"Sport","slug":"sport","term_group":0,"term_taxonomy_id":112,"taxonomy":"category","description":"Sportberichte","parent":0,"count":1043,"filter":"raw","image":""}],"tags":[{"term_id":14857,"name":"Die-Webzeitung","slug":"die-webzeitung","term_group":0,"term_taxonomy_id":14876,"taxonomy":"post_tag","description":"","parent":0,"count":3625,"filter":"raw","image":""},{"term_id":80,"name":"Freiberg","slug":"freiberger-seite","term_group":0,"term_taxonomy_id":95,"taxonomy":"post_tag","description":"","parent":0,"count":78,"filter":"raw","image":""},{"term_id":129,"name":"Fu\u00dfball","slug":"fusball","term_group":0,"term_taxonomy_id":131,"taxonomy":"post_tag","description":"","parent":0,"count":171,"filter":"raw","image":""},{"term_id":5,"name":"Internetzeitung","slug":"internetzeitung","term_group":0,"term_taxonomy_id":5,"taxonomy":"post_tag","description":"","parent":0,"count":1461,"filter":"raw","image":""},{"term_id":68,"name":"Online-Zeitung","slug":"online-zeitung","term_group":0,"term_taxonomy_id":69,"taxonomy":"post_tag","description":"","parent":0,"count":3595,"filter":"raw","image":""},{"term_id":9,"name":"SchauMedia","slug":"schaumedia","term_group":0,"term_taxonomy_id":9,"taxonomy":"post_tag","description":"","parent":0,"count":1607,"filter":"raw","image":""},{"term_id":119,"name":"SGV","slug":"sgv","term_group":0,"term_taxonomy_id":121,"taxonomy":"post_tag","description":"","parent":0,"count":66,"filter":"raw","image":""}]},"_links":{"self":[{"href":"https:\/\/die-webzeitung.de\/stuttgart\/wp-json\/wp\/v2\/posts\/138948","targetHints":{"allow":["GET"]}}],"collection":[{"href":"https:\/\/die-webzeitung.de\/stuttgart\/wp-json\/wp\/v2\/posts"}],"about":[{"href":"https:\/\/die-webzeitung.de\/stuttgart\/wp-json\/wp\/v2\/types\/post"}],"author":[{"embeddable":true,"href":"https:\/\/die-webzeitung.de\/stuttgart\/wp-json\/wp\/v2\/users\/4"}],"replies":[{"embeddable":true,"href":"https:\/\/die-webzeitung.de\/stuttgart\/wp-json\/wp\/v2\/comments?post=138948"}],"version-history":[{"count":1,"href":"https:\/\/die-webzeitung.de\/stuttgart\/wp-json\/wp\/v2\/posts\/138948\/revisions"}],"predecessor-version":[{"id":138972,"href":"https:\/\/die-webzeitung.de\/stuttgart\/wp-json\/wp\/v2\/posts\/138948\/revisions\/138972"}],"wp:featuredmedia":[{"embeddable":true,"href":"https:\/\/die-webzeitung.de\/stuttgart\/wp-json\/wp\/v2\/media\/138971"}],"wp:attachment":[{"href":"https:\/\/die-webzeitung.de\/stuttgart\/wp-json\/wp\/v2\/media?parent=138948"}],"wp:term":[{"taxonomy":"category","embeddable":true,"href":"https:\/\/die-webzeitung.de\/stuttgart\/wp-json\/wp\/v2\/categories?post=138948"},{"taxonomy":"post_tag","embeddable":true,"href":"https:\/\/die-webzeitung.de\/stuttgart\/wp-json\/wp\/v2\/tags?post=138948"}],"curies":[{"name":"wp","href":"https:\/\/api.w.org\/{rel}","templated":true}]}}