{"id":138832,"date":"2020-05-18T13:46:04","date_gmt":"2020-05-18T12:46:04","guid":{"rendered":"https:\/\/die-webzeitung.de\/stuttgart\/?p=138832"},"modified":"2020-05-18T13:46:04","modified_gmt":"2020-05-18T12:46:04","slug":"wasser-ist-knapp-in-unseren-baechen-und-fluessen","status":"publish","type":"post","link":"https:\/\/die-webzeitung.de\/stuttgart\/2020\/05\/18\/wasser-ist-knapp-in-unseren-baechen-und-fluessen\/","title":{"rendered":"Wasser ist knapp in unseren B\u00e4chen und Fl\u00fcssen"},"content":{"rendered":"<h5 style=\"text-align: justify;\"><strong>Entnahme von Wasser aus B\u00e4chen ist unzul\u00e4ssig<\/strong><\/h5>\n<p style=\"text-align: justify;\">Kreis B\u00f6blingen.| Auch wenn die Niederschl\u00e4ge in den Wintermonaten erfreulicherweise daf\u00fcr gesorgt haben, dass sich die Grundwasserst\u00e4nde leicht erholen konnten, so waren die letzten Monate deutlich zu trocken. Die fehlenden Niederschl\u00e4ge f\u00fchren zu sinkenden Wasserst\u00e4nden in vielen B\u00e4chen und Fl\u00fcssen Baden-W\u00fcrttembergs. Zus\u00e4tzliche Wasserentnahmen k\u00f6nnen das \u00f6kologische Gleichgewicht beeintr\u00e4chtigen und den Fischbestand gef\u00e4hrden. Davon sind insbesondere kleinere und mittlere B\u00e4che betroffen. Ein Ende der weitgehend trockenen Witterung ist nicht in Sicht, sodass auch im Landkreis B\u00f6blingen mit weiter sinkenden Wasserst\u00e4nden zu rechnen ist.<\/p>\n<p style=\"text-align: justify;\">Deshalb wird darauf hingewiesen, dass es in den kommenden Monaten Juni bis September nicht erlaubt ist, Wasser aus B\u00e4chen und Fl\u00fcssen zur Bew\u00e4sserung oder Beregnung von g\u00e4rtnerischen oder landwirtschaftlichen Fl\u00e4chen zu entnehmen. Eine Ausnahme bilden genehmigte gemeindeeigene Entnahmestellen. Im Landkreis B\u00f6blingen gibt es eine solche nur in Herrenberg. Dort wird, in Abh\u00e4ngigkeit zur aktuellen Wassermenge des Bachs, Wasser an Landwirte und Kleing\u00e4rtner abgegeben. Ansonsten ist dies nach einer Allgemeinverf\u00fcgung des Landratsamts an den Flie\u00dfgew\u00e4ssern im Landkreis B\u00f6blingen, mit Ausnahme der W\u00fcrm unterhalb des Schwippezuflusses bei Schafhausen, generell verboten. Der Kreis B\u00f6blingen geh\u00f6rt zu den Wassermangelgebieten. Verst\u00f6\u00dfe gegen das Wasserentnahmeverbot sind Ordnungswidrigkeiten und werden mit einem Bu\u00dfgeld belegt.<\/p>\n<p style=\"text-align: justify;\">Das Landratsamt B\u00f6blingen hat den \u201eGemeingebrauch an den Flie\u00dfgew\u00e4ssern\u201c, wie es amtlich hei\u00dft, schon vor Jahren eingeschr\u00e4nkt. Denn hier entspringen zwar viele B\u00e4che, sie f\u00fchren aber im Quellgebiet noch relativ wenig Wasser. Hinzu kommt, dass in Karstlandschaften, wie dem G\u00e4u, Wasser aus dem Bachbett direkt in den Untergrund versickert.<\/p>\n<hr \/>\n<p style=\"text-align: justify;\">\n","protected":false},"excerpt":{"rendered":"<p>Entnahme von Wasser aus B\u00e4chen ist unzul\u00e4ssig Kreis B\u00f6blingen.| Auch wenn die Niederschl\u00e4ge in den Wintermonaten erfreulicherweise daf\u00fcr gesorgt haben, dass sich die Grundwasserst\u00e4nde leicht erholen konnten, so waren die letzten Monate deutlich zu trocken. Die fehlenden Niederschl\u00e4ge f\u00fchren zu sinkenden Wasserst\u00e4nden in vielen B\u00e4chen und Fl\u00fcssen Baden-W\u00fcrttembergs. Zus\u00e4tzliche Wasserentnahmen k\u00f6nnen das \u00f6kologische Gleichgewicht beeintr\u00e4chtigen [&hellip;]<\/p>\n","protected":false},"author":4,"featured_media":0,"comment_status":"closed","ping_status":"open","sticky":false,"template":"","format":"standard","meta":{"inline_featured_image":false,"_exactmetrics_skip_tracking":false,"_exactmetrics_sitenote_active":false,"_exactmetrics_sitenote_note":"","_exactmetrics_sitenote_category":0,"footnotes":""},"categories":[2246],"tags":[3061,14857,5,68,9,16682],"class_list":{"0":"post-138832","1":"post","2":"type-post","3":"status-publish","4":"format-standard","6":"category-kreis-boeblingen","7":"tag-boblingen","8":"tag-die-webzeitung","9":"tag-internetzeitung","10":"tag-online-zeitung","11":"tag-schaumedia","12":"tag-wasserknappheit"},"image_feature":null,"author_name":"Redaktion","pure_taxonomies":{"categories":[{"term_id":2246,"name":"Kreis B\u00f6blingen","slug":"kreis-boeblingen","term_group":0,"term_taxonomy_id":2259,"taxonomy":"category","description":"","parent":171,"count":197,"filter":"raw","image":""}],"tags":[{"term_id":3061,"name":"B\u00f6blingen","slug":"boblingen","term_group":0,"term_taxonomy_id":3075,"taxonomy":"post_tag","description":"","parent":0,"count":260,"filter":"raw","image":""},{"term_id":14857,"name":"Die-Webzeitung","slug":"die-webzeitung","term_group":0,"term_taxonomy_id":14876,"taxonomy":"post_tag","description":"","parent":0,"count":3625,"filter":"raw","image":""},{"term_id":5,"name":"Internetzeitung","slug":"internetzeitung","term_group":0,"term_taxonomy_id":5,"taxonomy":"post_tag","description":"","parent":0,"count":1461,"filter":"raw","image":""},{"term_id":68,"name":"Online-Zeitung","slug":"online-zeitung","term_group":0,"term_taxonomy_id":69,"taxonomy":"post_tag","description":"","parent":0,"count":3595,"filter":"raw","image":""},{"term_id":9,"name":"SchauMedia","slug":"schaumedia","term_group":0,"term_taxonomy_id":9,"taxonomy":"post_tag","description":"","parent":0,"count":1607,"filter":"raw","image":""},{"term_id":16682,"name":"Wasserknappheit","slug":"wasserknappheit","term_group":0,"term_taxonomy_id":16701,"taxonomy":"post_tag","description":"","parent":0,"count":1,"filter":"raw","image":""}]},"_links":{"self":[{"href":"https:\/\/die-webzeitung.de\/stuttgart\/wp-json\/wp\/v2\/posts\/138832","targetHints":{"allow":["GET"]}}],"collection":[{"href":"https:\/\/die-webzeitung.de\/stuttgart\/wp-json\/wp\/v2\/posts"}],"about":[{"href":"https:\/\/die-webzeitung.de\/stuttgart\/wp-json\/wp\/v2\/types\/post"}],"author":[{"embeddable":true,"href":"https:\/\/die-webzeitung.de\/stuttgart\/wp-json\/wp\/v2\/users\/4"}],"replies":[{"embeddable":true,"href":"https:\/\/die-webzeitung.de\/stuttgart\/wp-json\/wp\/v2\/comments?post=138832"}],"version-history":[{"count":1,"href":"https:\/\/die-webzeitung.de\/stuttgart\/wp-json\/wp\/v2\/posts\/138832\/revisions"}],"predecessor-version":[{"id":138833,"href":"https:\/\/die-webzeitung.de\/stuttgart\/wp-json\/wp\/v2\/posts\/138832\/revisions\/138833"}],"wp:attachment":[{"href":"https:\/\/die-webzeitung.de\/stuttgart\/wp-json\/wp\/v2\/media?parent=138832"}],"wp:term":[{"taxonomy":"category","embeddable":true,"href":"https:\/\/die-webzeitung.de\/stuttgart\/wp-json\/wp\/v2\/categories?post=138832"},{"taxonomy":"post_tag","embeddable":true,"href":"https:\/\/die-webzeitung.de\/stuttgart\/wp-json\/wp\/v2\/tags?post=138832"}],"curies":[{"name":"wp","href":"https:\/\/api.w.org\/{rel}","templated":true}]}}