{"id":138830,"date":"2020-05-18T13:44:25","date_gmt":"2020-05-18T12:44:25","guid":{"rendered":"https:\/\/die-webzeitung.de\/stuttgart\/?p=138830"},"modified":"2020-05-18T13:44:25","modified_gmt":"2020-05-18T12:44:25","slug":"verstimmungen-zwischen-gemeinderaeten-und-buergermeister-in-schoenaich","status":"publish","type":"post","link":"https:\/\/die-webzeitung.de\/stuttgart\/2020\/05\/18\/verstimmungen-zwischen-gemeinderaeten-und-buergermeister-in-schoenaich\/","title":{"rendered":"Verstimmungen zwischen Gemeinder\u00e4ten und B\u00fcrgermeister in Sch\u00f6naich"},"content":{"rendered":"<ul>\n<li style=\"text-align: justify;\"><strong>Landrat Bernhard vermittelt zwischen B\u00fcrgermeister Dr. Daniel Schamburek und Gemeinderat Norbert Mezger<\/strong><\/li>\n<li style=\"text-align: justify;\"><strong>Landrat: \u201eDie Zusammenarbeit zwischen Gremium und B\u00fcrgermeister muss besser werden\u201c<\/strong><\/li>\n<\/ul>\n<p style=\"text-align: justify;\">Sch\u00f6naich.| Seit L\u00e4ngerem ist in der Gemeinde Sch\u00f6naich die kommunalpolitische Atmosph\u00e4re zwischen dem B\u00fcrgermeister und einigen Mitgliedern des Gemeinderats angespannt. Der Konflikt ist j\u00fcngst Thema eines Briefes an den stellvertretenden B\u00fcrgermeister Norbert Mezger geworden. Da es weitergehenden Gespr\u00e4chsbedarf gab, wurde Landrat Roland Bernhard um Vermittlung gebeten. In seiner Funktion als Kommunalaufsicht m\u00f6ge er einen L\u00f6sungspfad aufzeigen, so die Bitte aus Sch\u00f6naich.<\/p>\n<p style=\"text-align: justify;\">Am Mittwoch, 13. Mai, kam es zu einer Aussprache zwischen dem B\u00fcrgermeister Daniel Schamburek und seinem Stellvertreter Norbert Mezger unter Moderation des Landrats. Dabei tauschte man sich aus \u00fcber die jeweiligen Erwartungen und Rollenverst\u00e4ndnisse des Gemeinderates als Kontrollorgan der Verwaltung sowie des Amtes eines B\u00fcrgermeisters, der Gemeinderatsvorsitzender und Verwaltungschef ist. Auch die Zusammenarbeit mit der Verwaltung kam dabei zur Sprache.<\/p>\n<p style=\"text-align: justify;\">\u201eEs kommt in der Kommunalpolitik vor, dass B\u00fcrgermeister und Gemeinder\u00e4te verschiedener Meinungen sind \u00fcber Aufgaben, Kompetenzen und Befugnisse. Solche Unstimmigkeiten m\u00fcssen gekl\u00e4rt werden, damit die Sachthemen im Vordergrund bleiben,\u201c meint der Landrat. \u201eWenn keine Einigung mehr m\u00f6glich ist, braucht es die Vermittlung von au\u00dfen. Denn die B\u00fcrger haben zu Recht den Anspruch, dass sich ihre gew\u00e4hlten Politiker auf das Wesentliche verst\u00e4ndigen k\u00f6nnen.\u201c<\/p>\n<p style=\"text-align: justify;\">Um die Zusammenarbeit wieder zu verbessern, habe man eine g\u00fctliche Verst\u00e4ndigung gefunden. Beide Seiten erkl\u00e4rten ihre Dialogbereitschaft und ihren Willen, Meinungsunterschiede konstruktiv zu kl\u00e4ren. Der B\u00fcrgermeister und sein Stellvertreter m\u00f6chten zun\u00e4chst ein bilaterales Gespr\u00e4ch f\u00fchren um dann die weiteren Schritte zu planen, wie z.B. die Durchf\u00fchrung einer Klausurtagung und die Anpassung der Gesch\u00e4ftsordnung. Die Kommunalaufsicht wird, sobald sie hinzugezogen wird, als neutrale Instanz auftretende Rechtsfragen kl\u00e4ren.<\/p>\n<p style=\"text-align: justify;\">Landrat Bernhard meint abschlie\u00dfend: \u201eEs geht nicht darum Recht zu haben, sondern die andere Seite anzuh\u00f6ren und deren Perspektive zu verstehen. Wenn man das aush\u00e4lt, kann daraus wieder ein wertsch\u00e4tzender Umgang miteinander entstehen und die n\u00f6tige Kompromissbereitschaft erwachsen. Es ist doch die gemeinsame Aufgabe aller Beteiligten, erfolgreiche Arbeit zum Wohle der Gemeinde und ihrer B\u00fcrger zu leisten. Das ist das Ma\u00df aller Dinge \u2013 auch in Sch\u00f6naich.\u201c<\/p>\n<hr \/>\n<p style=\"text-align: justify;\">\n","protected":false},"excerpt":{"rendered":"<p>Landrat Bernhard vermittelt zwischen B\u00fcrgermeister Dr. Daniel Schamburek und Gemeinderat Norbert Mezger Landrat: \u201eDie Zusammenarbeit zwischen Gremium und B\u00fcrgermeister muss besser werden\u201c Sch\u00f6naich.| Seit L\u00e4ngerem ist in der Gemeinde Sch\u00f6naich die kommunalpolitische Atmosph\u00e4re zwischen dem B\u00fcrgermeister und einigen Mitgliedern des Gemeinderats angespannt. Der Konflikt ist j\u00fcngst Thema eines Briefes an den stellvertretenden B\u00fcrgermeister Norbert Mezger [&hellip;]<\/p>\n","protected":false},"author":4,"featured_media":0,"comment_status":"closed","ping_status":"open","sticky":false,"template":"","format":"standard","meta":{"inline_featured_image":false,"_exactmetrics_skip_tracking":false,"_exactmetrics_sitenote_active":false,"_exactmetrics_sitenote_note":"","_exactmetrics_sitenote_category":0,"footnotes":""},"categories":[2246],"tags":[9377,14857,480,5,68,9,15435,16681],"class_list":{"0":"post-138830","1":"post","2":"type-post","3":"status-publish","4":"format-standard","6":"category-kreis-boeblingen","7":"tag-burgermeister","8":"tag-die-webzeitung","9":"tag-gemeinderat","10":"tag-internetzeitung","11":"tag-online-zeitung","12":"tag-schaumedia","13":"tag-schoenaich","14":"tag-verstimmung"},"image_feature":null,"author_name":"Redaktion","pure_taxonomies":{"categories":[{"term_id":2246,"name":"Kreis B\u00f6blingen","slug":"kreis-boeblingen","term_group":0,"term_taxonomy_id":2259,"taxonomy":"category","description":"","parent":171,"count":197,"filter":"raw","image":""}],"tags":[{"term_id":9377,"name":"B\u00fcrgermeister","slug":"burgermeister","term_group":0,"term_taxonomy_id":9406,"taxonomy":"post_tag","description":"","parent":0,"count":10,"filter":"raw","image":""},{"term_id":14857,"name":"Die-Webzeitung","slug":"die-webzeitung","term_group":0,"term_taxonomy_id":14876,"taxonomy":"post_tag","description":"","parent":0,"count":3625,"filter":"raw","image":""},{"term_id":480,"name":"Gemeinderat","slug":"gemeinderat","term_group":0,"term_taxonomy_id":487,"taxonomy":"post_tag","description":"","parent":0,"count":10,"filter":"raw","image":""},{"term_id":5,"name":"Internetzeitung","slug":"internetzeitung","term_group":0,"term_taxonomy_id":5,"taxonomy":"post_tag","description":"","parent":0,"count":1461,"filter":"raw","image":""},{"term_id":68,"name":"Online-Zeitung","slug":"online-zeitung","term_group":0,"term_taxonomy_id":69,"taxonomy":"post_tag","description":"","parent":0,"count":3595,"filter":"raw","image":""},{"term_id":9,"name":"SchauMedia","slug":"schaumedia","term_group":0,"term_taxonomy_id":9,"taxonomy":"post_tag","description":"","parent":0,"count":1607,"filter":"raw","image":""},{"term_id":15435,"name":"Sch\u00f6naich","slug":"schoenaich","term_group":0,"term_taxonomy_id":15454,"taxonomy":"post_tag","description":"","parent":0,"count":1,"filter":"raw","image":""},{"term_id":16681,"name":"Verstimmung","slug":"verstimmung","term_group":0,"term_taxonomy_id":16700,"taxonomy":"post_tag","description":"","parent":0,"count":1,"filter":"raw","image":""}]},"_links":{"self":[{"href":"https:\/\/die-webzeitung.de\/stuttgart\/wp-json\/wp\/v2\/posts\/138830","targetHints":{"allow":["GET"]}}],"collection":[{"href":"https:\/\/die-webzeitung.de\/stuttgart\/wp-json\/wp\/v2\/posts"}],"about":[{"href":"https:\/\/die-webzeitung.de\/stuttgart\/wp-json\/wp\/v2\/types\/post"}],"author":[{"embeddable":true,"href":"https:\/\/die-webzeitung.de\/stuttgart\/wp-json\/wp\/v2\/users\/4"}],"replies":[{"embeddable":true,"href":"https:\/\/die-webzeitung.de\/stuttgart\/wp-json\/wp\/v2\/comments?post=138830"}],"version-history":[{"count":1,"href":"https:\/\/die-webzeitung.de\/stuttgart\/wp-json\/wp\/v2\/posts\/138830\/revisions"}],"predecessor-version":[{"id":138831,"href":"https:\/\/die-webzeitung.de\/stuttgart\/wp-json\/wp\/v2\/posts\/138830\/revisions\/138831"}],"wp:attachment":[{"href":"https:\/\/die-webzeitung.de\/stuttgart\/wp-json\/wp\/v2\/media?parent=138830"}],"wp:term":[{"taxonomy":"category","embeddable":true,"href":"https:\/\/die-webzeitung.de\/stuttgart\/wp-json\/wp\/v2\/categories?post=138830"},{"taxonomy":"post_tag","embeddable":true,"href":"https:\/\/die-webzeitung.de\/stuttgart\/wp-json\/wp\/v2\/tags?post=138830"}],"curies":[{"name":"wp","href":"https:\/\/api.w.org\/{rel}","templated":true}]}}