{"id":138803,"date":"2020-05-15T16:19:23","date_gmt":"2020-05-15T15:19:23","guid":{"rendered":"https:\/\/die-webzeitung.de\/stuttgart\/?p=138803"},"modified":"2020-05-15T16:19:23","modified_gmt":"2020-05-15T15:19:23","slug":"corona-testzentren-mit-neuen-oeffnungszeiten","status":"publish","type":"post","link":"https:\/\/die-webzeitung.de\/stuttgart\/2020\/05\/15\/corona-testzentren-mit-neuen-oeffnungszeiten\/","title":{"rendered":"Corona-Testzentren\u00a0 mit neuen \u00d6ffnungszeiten"},"content":{"rendered":"<ul>\n<li style=\"text-align: justify;\"><strong>Betroffen sind die Zentren\u00a0 <\/strong><strong>in Herrenberg und Sindelfingen<\/strong><\/li>\n<li style=\"text-align: justify;\"><strong>In Sindelfingen von Montag bis Freitag, in Herrenberg nur noch montags, mittwochs und freitags<\/strong><\/li>\n<li style=\"text-align: justify;\"><strong>Terminvergabe nach wie vor \u00fcber die Hotline (Tel-Nr. 07031 663-3500)<\/strong><\/li>\n<\/ul>\n<p style=\"text-align: justify;\"><strong>Kreis B\u00f6blingen.| <\/strong>Seit Wochen gehen die Zahlen der Corona-Neuinfektionen kontinuierlich zur\u00fcck. In den letzten sieben Tagen gab es im Landkreis B\u00f6blingen gerade noch \u2026 neue F\u00e4lle. Der inzwischen so wichtig gewordene Inzidenz-Wert (F\u00e4lle \/ 100.000 Einwohner) betr\u00e4gt derzeit 1,7. (Zur Erinnerung \u2013 mit Blick auf die Lockerungsma\u00dfnahmen gilt, dass wo eine Inzidenz von 50 erreicht ist, m\u00fcssen die Lockerungen wieder eingeschr\u00e4nkt bzw. zur\u00fcck genommen werden).<\/p>\n<p style=\"text-align: justify;\">Diese erfreuliche Entwicklung spiegelt sich nat\u00fcrlich auch im Betrieb in den beiden Testzentren Herrenberg und Sindelfingen wider. Der Wochenschnitt (KW 19) lag in Herrenberg bei 14,5 Testungen pro Tag und in Sindelfingen bei 35 Testungen pro Tag. \u201eWenn wir der Entspannung der Situation aktuell Rechnung tragen und den Betrieb der Testzentren einschr\u00e4nken, sparen wir Kosten f\u00fcr Helfer-, \u00c4rzte- und Sicherheitsdienststunden ein\u201c, erkl\u00e4rt Landrat Roland Bernhard. Entsprechend gilt ab kommender Woche, Montag, 18. Mai: Das Testzentrum Sindelfingen bleibt Montag bis Freitag von jeweils 16 bis 18 Uhr ge\u00f6ffnet. Das Testzentrum Herrenberg nur noch Montag, Mittwoch und Freitag, jeweils von 18 bis 19 Uhr. \u201eWichtig ist, dass jeden Tag Tests m\u00f6glich sind\u201c, so der Landrat. \u201eUnd ganz wichtig ist auch, dass wir die Anzahl an Testungen innerhalb von 24 Stunden wieder hochfahren k\u00f6nnen, wenn es die Situation erforderlich macht.\u201c Wenn die Testzentren am Wochenende geschlossen sind, wird das \u00fcber die Zentrale Corona Ambulanz kompensiert bzw. unterst\u00fctzt.<\/p>\n<p style=\"text-align: justify;\">Auch an der Hotline des Gesundheitsamts war das Anrufer-Aufkommen zuletzt stark r\u00fcckl\u00e4ufig, so dass der Betrieb am Wochenende eingestellt wurde. Aktuell wird nochmals evaluiert, ob die Hotline samstags und sonntags ben\u00f6tigt wird. Nachdem sie bereits am vergangenen Wochenende jeweils von 8 bis 10 Uhr erreichbar war, gilt dieses Angebot auch am kommenden Wochenende noch. \u201eDanach wollen wir die Zahlen untersuchen und entscheiden, wie weiter verfahren wird.\u201c<\/p>\n<hr \/>\n<p style=\"text-align: justify;\">\n","protected":false},"excerpt":{"rendered":"<p>Betroffen sind die Zentren\u00a0 in Herrenberg und Sindelfingen In Sindelfingen von Montag bis Freitag, in Herrenberg nur noch montags, mittwochs und freitags Terminvergabe nach wie vor \u00fcber die Hotline (Tel-Nr. 07031 663-3500) Kreis B\u00f6blingen.| Seit Wochen gehen die Zahlen der Corona-Neuinfektionen kontinuierlich zur\u00fcck. In den letzten sieben Tagen gab es im Landkreis B\u00f6blingen gerade noch [&hellip;]<\/p>\n","protected":false},"author":4,"featured_media":0,"comment_status":"closed","ping_status":"open","sticky":false,"template":"","format":"standard","meta":{"inline_featured_image":false,"_exactmetrics_skip_tracking":false,"_exactmetrics_sitenote_active":false,"_exactmetrics_sitenote_note":"","_exactmetrics_sitenote_category":0,"footnotes":""},"categories":[59,2246],"tags":[3061,16675,14857,5,68,9],"class_list":{"0":"post-138803","1":"post","2":"type-post","3":"status-publish","4":"format-standard","6":"category-aktuell","7":"category-kreis-boeblingen","8":"tag-boblingen","9":"tag-corona-testzentrum","10":"tag-die-webzeitung","11":"tag-internetzeitung","12":"tag-online-zeitung","13":"tag-schaumedia"},"image_feature":null,"author_name":"Redaktion","pure_taxonomies":{"categories":[{"term_id":59,"name":"Aktuell","slug":"aktuell","term_group":0,"term_taxonomy_id":60,"taxonomy":"category","description":"","parent":0,"count":1017,"filter":"raw","image":""},{"term_id":2246,"name":"Kreis B\u00f6blingen","slug":"kreis-boeblingen","term_group":0,"term_taxonomy_id":2259,"taxonomy":"category","description":"","parent":171,"count":197,"filter":"raw","image":""}],"tags":[{"term_id":3061,"name":"B\u00f6blingen","slug":"boblingen","term_group":0,"term_taxonomy_id":3075,"taxonomy":"post_tag","description":"","parent":0,"count":260,"filter":"raw","image":""},{"term_id":16675,"name":"Corona-Testzentrum","slug":"corona-testzentrum","term_group":0,"term_taxonomy_id":16694,"taxonomy":"post_tag","description":"","parent":0,"count":3,"filter":"raw","image":""},{"term_id":14857,"name":"Die-Webzeitung","slug":"die-webzeitung","term_group":0,"term_taxonomy_id":14876,"taxonomy":"post_tag","description":"","parent":0,"count":3625,"filter":"raw","image":""},{"term_id":5,"name":"Internetzeitung","slug":"internetzeitung","term_group":0,"term_taxonomy_id":5,"taxonomy":"post_tag","description":"","parent":0,"count":1461,"filter":"raw","image":""},{"term_id":68,"name":"Online-Zeitung","slug":"online-zeitung","term_group":0,"term_taxonomy_id":69,"taxonomy":"post_tag","description":"","parent":0,"count":3595,"filter":"raw","image":""},{"term_id":9,"name":"SchauMedia","slug":"schaumedia","term_group":0,"term_taxonomy_id":9,"taxonomy":"post_tag","description":"","parent":0,"count":1607,"filter":"raw","image":""}]},"_links":{"self":[{"href":"https:\/\/die-webzeitung.de\/stuttgart\/wp-json\/wp\/v2\/posts\/138803","targetHints":{"allow":["GET"]}}],"collection":[{"href":"https:\/\/die-webzeitung.de\/stuttgart\/wp-json\/wp\/v2\/posts"}],"about":[{"href":"https:\/\/die-webzeitung.de\/stuttgart\/wp-json\/wp\/v2\/types\/post"}],"author":[{"embeddable":true,"href":"https:\/\/die-webzeitung.de\/stuttgart\/wp-json\/wp\/v2\/users\/4"}],"replies":[{"embeddable":true,"href":"https:\/\/die-webzeitung.de\/stuttgart\/wp-json\/wp\/v2\/comments?post=138803"}],"version-history":[{"count":1,"href":"https:\/\/die-webzeitung.de\/stuttgart\/wp-json\/wp\/v2\/posts\/138803\/revisions"}],"predecessor-version":[{"id":138804,"href":"https:\/\/die-webzeitung.de\/stuttgart\/wp-json\/wp\/v2\/posts\/138803\/revisions\/138804"}],"wp:attachment":[{"href":"https:\/\/die-webzeitung.de\/stuttgart\/wp-json\/wp\/v2\/media?parent=138803"}],"wp:term":[{"taxonomy":"category","embeddable":true,"href":"https:\/\/die-webzeitung.de\/stuttgart\/wp-json\/wp\/v2\/categories?post=138803"},{"taxonomy":"post_tag","embeddable":true,"href":"https:\/\/die-webzeitung.de\/stuttgart\/wp-json\/wp\/v2\/tags?post=138803"}],"curies":[{"name":"wp","href":"https:\/\/api.w.org\/{rel}","templated":true}]}}