{"id":138780,"date":"2020-05-13T17:36:48","date_gmt":"2020-05-13T16:36:48","guid":{"rendered":"https:\/\/die-webzeitung.de\/stuttgart\/2020\/05\/13\/praesidentenkonferenz-fordert-drittligisten-zu-verantwortung-auf\/"},"modified":"2020-05-13T17:36:48","modified_gmt":"2020-05-13T16:36:48","slug":"praesidentenkonferenz-fordert-drittligisten-zu-verantwortung-auf","status":"publish","type":"post","link":"https:\/\/die-webzeitung.de\/stuttgart\/2020\/05\/13\/praesidentenkonferenz-fordert-drittligisten-zu-verantwortung-auf\/","title":{"rendered":"Pr\u00e4sidentenkonferenz fordert Drittligisten zu Verantwortung auf"},"content":{"rendered":"<div>\n<p style=\"text-align: justify;\">Die Pr\u00e4sidenten der Regional- und Landesverb\u00e4nde des Deutschen Fu\u00dfball-Bundes (DFB) haben sich im Rahmen ihrer heutigen Konferenz intensiv mit der aktuellen Situation in der 3. Liga befasst. Die Konferenz ist der Auffassung, dass die aktuellen und von einigen Vereinen betriebenen Debatten sowohl der 3. Liga als auch dem gesamten deutschen Fu\u00dfball mit dem DFB und seinen 26 Mitgliedsverb\u00e4nden gro\u00dfen Schaden zuf\u00fcgen. Dies gef\u00e4hrdet die gesamte Zukunft der 3. Liga. Die Pr\u00e4sidenten fordern daher alle Klubs zu einem l\u00f6sungsorientierten Verhalten auf.<\/p>\n<p style=\"text-align: justify;\">Sie weisen in diesem Zusammenhang gemeinsam mit dem DFB die Klubs ausdr\u00fccklich auf die satzungsgem\u00e4\u00dfe und mittels Zulassungsvertrag zwischen DFB und Vereinen vereinbarte Verpflichtung hin, einen Spielbetrieb in der 3. Liga durchzuf\u00fchren und folglich die Saison in der 3. Liga zu Ende spielen zu wollen \u2013 stets vorbehaltlich der politischen Entscheidungsprozesse und der \u00fcbergeordneten beh\u00f6rdlichen Verf\u00fcgungslage.<\/p>\n<p style=\"text-align: justify;\">Insbesondere die Vereine, die einen Saisonabbruch bef\u00fcrworten, sind dringend angehalten, umgehend f\u00fcr Klarheit und Aufkl\u00e4rung zu zentralen Fragen zu sorgen, die mit einem selbst gew\u00e4hlten Abbruch der Spielzeit verbunden w\u00e4ren. Dazu z\u00e4hlen die Aufstiegs- und Abstiegsregelungen sowie praktikable Vorschl\u00e4ge, wie die 3. Liga k\u00fcnftig einen Spielbetrieb als Profiliga durchf\u00fchren soll und die kommende Saison durchzuf\u00fchren w\u00e4re. Zu kl\u00e4ren w\u00e4re unter anderem, ob die 3. Liga bereit ist, in diesem Fall Absteiger zu stellen, ab wann sie den Spielbetrieb in der neuen Saison wieder aufnehmen m\u00f6chte und insbesondere, ob sie auch ohne Zuschauer zu spielen bereit ist.<\/p>\n<p style=\"text-align: justify;\">F\u00fcr den Fall eines Abbruchs ohne Absteiger h\u00e4tte die 3. Liga in der Saison 2020\/2021 voraussichtlich 24 Vereine. Die Regional- und Landesverb\u00e4nde erwarten von den Bef\u00fcrwortern eines Saisonabbruchs bis zum Au\u00dferordentlichen DFB-Bundestag am 25. Mai ein klares und machbares Konzept, wie und in welchem Zeitrahmen eine solche Saison ordnungsgem\u00e4\u00df abgewickelt werden k\u00f6nne. Diese Forderungen umzusetzen, h\u00e4lt die Pr\u00e4sidentenkonferenz f\u00fcr unerl\u00e4sslich, um den Delegierten des Au\u00dferordentlichen DFB-Bundestags eine sachgerechte Entscheidung zur Zukunft der 3. Liga zu erm\u00f6glichen. In diesem Zuge erwartet die Konferenz der Pr\u00e4sidenten, dass etwaige, mit einem selbst gew\u00e4hlten Abbruch der Saison verbundene Zahlungsverpflichtungen des DFB in Bezug auf Schadenersatz und Regress von den Vereinen der 3. Liga getragen w\u00fcrden.<\/p>\n<p style=\"text-align: justify;\">Peter Frymuth, als DFB-Vizepr\u00e4sident Spielbetrieb und Fu\u00dfballentwicklung zust\u00e4ndig f\u00fcr die 3. Liga, sagt: \u201cF\u00fcr alle Beteiligten gilt strikt, rein l\u00f6sungsorientiert zu denken und nicht problemorientiert. Die Beurteilung, was gesundheitlich in welchem Rahmen vertretbar und sinnvoll ist, treffen die Experten. Und das sind in diesem Punkt weder der Verband noch die Vereine, sondern die Politik und die Gesundheitsbeh\u00f6rden. Wir hoffen zeitnah auf ein \u00fcbergeordnetes Signal, ob es bundesweit bezogen in der 3. Liga weitergehen kann. Wir haben Regeln und gemeinsame Pflichten, anders ist ein organisierter Spielbetrieb nicht denkbar, unabh\u00e4ngig von der Corona-Krise. Der Ausschuss 3. Liga sowie die Mehrheit der Vereine verfolgen das Ziel einer m\u00f6glichen Wiederaufnahme des Spielbetriebs. Dieses Vorgehen folgt dem Grundgedanken, dass sportliche Entscheidungen auf dem Spielfeld fallen sollen und Drittligisten wieder ihrem Beruf nachgehen k\u00f6nnen. Ein selbst gew\u00e4hlter Saisonabbruch w\u00e4re mit enormen Risiken verbunden, allen voran in Bezug auf m\u00f6gliche Schadenersatz- und Regressforderungen. Zudem w\u00e4ren die Auf- und Abstiegsregelungen unklar und erst vom DFB-Bundestag zu entscheiden, ein Aufstieg in die 2. Bundesliga w\u00e4re nicht automatisch gew\u00e4hrleistet. Es geht um die Zukunft der 3. Liga.\u201d<\/p>\n<p style=\"text-align: justify;\">Rainer Koch, 1. DFB-Vizepr\u00e4sident, sagt: \u201cEin Teil der Vereine der 3. Liga spielt seit Wochen ein f\u00fcr den Fu\u00dfball in Deutschland unw\u00fcrdiges Schauspiel, bei dem die Landes- und Regionalverb\u00e4nde, die den DFB gemeinsam mit der DFL bilden, nur Zuschauer sind. Dies ist unertr\u00e4glich und nicht l\u00e4nger hinzunehmen. All jene, die vehement einen Saisonabbruch verfolgen, m\u00fcssen endlich Antworten liefern, was ihre konkreten Alternativen sind, und ob sie bereit sind, die Verantwortung f\u00fcr die gravierenden wirtschaftlichen und strukturellen Folgen zu \u00fcbernehmen. Die Vorschl\u00e4ge m\u00fcssen praktikabel sein. Ein Vorschlag mit acht Absteigern nach einer Aufstockung geh\u00f6rt nicht dazu. Ein solches Modell geistert zwar momentan durch die \u00d6ffentlichkeit, wurde im \u00dcbrigen aber bisher von keinem Klub offiziell dem DFB vorgestellt.\u201d<\/p>\n<p style=\"text-align: justify;\">Zum Antrag des Saarl\u00e4ndischen Fu\u00dfball-Verbandes (SFV) f\u00fcr den Au\u00dferordentlichen DFB-Bundestag, die 3. Liga zu erweitern und in zwei Staffeln aufzuteilen, geben die Regional- und Landesverb\u00e4nde zu bedenken, dass zum gegenw\u00e4rtigen Zeitpunkt die notwendigen strukturellen, ordnungsrechtlichen, wirtschaftlichen und zulassungstechnischen Voraussetzungen zur Einf\u00fchrung einer zweigleisigen 3. Liga nicht vorliegen d\u00fcrften. Vor diesem Hintergrund scheint eine kurzfristige Einf\u00fchrung nach Einsch\u00e4tzung der Konferenz weder faktisch noch rechtlich und wirtschaftlich umsetzbar sein. Die Regional- und Landesverb\u00e4nde schlagen daher \u2013 wie schon im Zuge der Regionalliga-Reform beim DFB-Bundestag 2019 festgehalten \u2013 erneut vor, \u00fcber die Struktur des Profifu\u00dfballs unterhalb der Bundesligen der DFL bis zum DFB-Bundestag 2022 intensiv zu beraten und deshalb den Antrag des SFV zur weiteren Beratung an den Ausschuss 3. Liga und den DFB-Spielausschuss zu verweisen.<\/p>\n<hr \/>\n<p style=\"text-align: justify;\">\n<\/div>\n","protected":false},"excerpt":{"rendered":"<p>Die Pr\u00e4sidenten der Regional- und Landesverb\u00e4nde des Deutschen Fu\u00dfball-Bundes (DFB) haben sich im Rahmen ihrer heutigen Konferenz intensiv mit der aktuellen Situation in der 3. Liga befasst. Die Konferenz ist der Auffassung, dass die aktuellen und von einigen Vereinen betriebenen Debatten sowohl der 3. Liga als auch dem gesamten deutschen Fu\u00dfball mit dem DFB und [&hellip;]<\/p>\n","protected":false},"author":4,"featured_media":0,"comment_status":"closed","ping_status":"open","sticky":false,"template":"","format":"standard","meta":{"inline_featured_image":false,"_exactmetrics_skip_tracking":false,"_exactmetrics_sitenote_active":false,"_exactmetrics_sitenote_note":"","_exactmetrics_sitenote_category":0,"footnotes":""},"categories":[110],"tags":[11983,14857,16672,129,5,68,9],"class_list":{"0":"post-138780","1":"post","2":"type-post","3":"status-publish","4":"format-standard","6":"category-sport","7":"tag-dfb","8":"tag-die-webzeitung","9":"tag-drittligisten","10":"tag-fusball","11":"tag-internetzeitung","12":"tag-online-zeitung","13":"tag-schaumedia"},"image_feature":null,"author_name":"Redaktion","pure_taxonomies":{"categories":[{"term_id":110,"name":"Sport","slug":"sport","term_group":0,"term_taxonomy_id":112,"taxonomy":"category","description":"Sportberichte","parent":0,"count":1043,"filter":"raw","image":""}],"tags":[{"term_id":11983,"name":"DFB","slug":"dfb","term_group":0,"term_taxonomy_id":12021,"taxonomy":"post_tag","description":"","parent":0,"count":46,"filter":"raw","image":""},{"term_id":14857,"name":"Die-Webzeitung","slug":"die-webzeitung","term_group":0,"term_taxonomy_id":14876,"taxonomy":"post_tag","description":"","parent":0,"count":3624,"filter":"raw","image":""},{"term_id":16672,"name":"Drittligisten","slug":"drittligisten","term_group":0,"term_taxonomy_id":16691,"taxonomy":"post_tag","description":"","parent":0,"count":1,"filter":"raw","image":""},{"term_id":129,"name":"Fu\u00dfball","slug":"fusball","term_group":0,"term_taxonomy_id":131,"taxonomy":"post_tag","description":"","parent":0,"count":171,"filter":"raw","image":""},{"term_id":5,"name":"Internetzeitung","slug":"internetzeitung","term_group":0,"term_taxonomy_id":5,"taxonomy":"post_tag","description":"","parent":0,"count":1461,"filter":"raw","image":""},{"term_id":68,"name":"Online-Zeitung","slug":"online-zeitung","term_group":0,"term_taxonomy_id":69,"taxonomy":"post_tag","description":"","parent":0,"count":3594,"filter":"raw","image":""},{"term_id":9,"name":"SchauMedia","slug":"schaumedia","term_group":0,"term_taxonomy_id":9,"taxonomy":"post_tag","description":"","parent":0,"count":1607,"filter":"raw","image":""}]},"_links":{"self":[{"href":"https:\/\/die-webzeitung.de\/stuttgart\/wp-json\/wp\/v2\/posts\/138780","targetHints":{"allow":["GET"]}}],"collection":[{"href":"https:\/\/die-webzeitung.de\/stuttgart\/wp-json\/wp\/v2\/posts"}],"about":[{"href":"https:\/\/die-webzeitung.de\/stuttgart\/wp-json\/wp\/v2\/types\/post"}],"author":[{"embeddable":true,"href":"https:\/\/die-webzeitung.de\/stuttgart\/wp-json\/wp\/v2\/users\/4"}],"replies":[{"embeddable":true,"href":"https:\/\/die-webzeitung.de\/stuttgart\/wp-json\/wp\/v2\/comments?post=138780"}],"version-history":[{"count":0,"href":"https:\/\/die-webzeitung.de\/stuttgart\/wp-json\/wp\/v2\/posts\/138780\/revisions"}],"wp:attachment":[{"href":"https:\/\/die-webzeitung.de\/stuttgart\/wp-json\/wp\/v2\/media?parent=138780"}],"wp:term":[{"taxonomy":"category","embeddable":true,"href":"https:\/\/die-webzeitung.de\/stuttgart\/wp-json\/wp\/v2\/categories?post=138780"},{"taxonomy":"post_tag","embeddable":true,"href":"https:\/\/die-webzeitung.de\/stuttgart\/wp-json\/wp\/v2\/tags?post=138780"}],"curies":[{"name":"wp","href":"https:\/\/api.w.org\/{rel}","templated":true}]}}