{"id":138769,"date":"2020-05-12T13:12:38","date_gmt":"2020-05-12T12:12:38","guid":{"rendered":"https:\/\/die-webzeitung.de\/stuttgart\/2020\/05\/12\/duerr-ag-sorgt-fuer-refinanzierungsbedarf-im-kommenden-jahr-vor\/"},"modified":"2020-05-12T13:12:38","modified_gmt":"2020-05-12T12:12:38","slug":"duerr-ag-sorgt-fuer-refinanzierungsbedarf-im-kommenden-jahr-vor","status":"publish","type":"post","link":"https:\/\/die-webzeitung.de\/stuttgart\/2020\/05\/12\/duerr-ag-sorgt-fuer-refinanzierungsbedarf-im-kommenden-jahr-vor\/","title":{"rendered":"D\u00fcrr AG sorgt f\u00fcr Refinanzierungsbedarf im kommenden Jahr vor"},"content":{"rendered":"<p style=\"text-align: justify;\">Bietigheim-Bissingen, 12. Mai 2020.| Zur Erh\u00f6hung der finanziellen Flexibilit\u00e4t hat die D\u00fcrr AG mit einem Bankenkonsortium eine zus\u00e4tzliche Kreditlinie \u00fcber 350 Mio. \u20ac vereinbart. Damit sichert der Maschinen- und Anlagenbauer eine im kommenden Jahr anstehende Refinanzierung in gleicher H\u00f6he ab.<\/p>\n<p style=\"text-align: justify;\">Die von sechs Banken bereitgestellte Kreditlinie hat zun\u00e4chst eine Laufzeit von einem Jahr, kann von der D\u00fcrr AG aber zwei Mal um jeweils sechs Monate verl\u00e4ngert werden. Im April 2021 l\u00e4uft eine im Jahr 2014 begebene Unternehmensanleihe \u00fcber 300 Mio. \u20ac aus, zugleich wird eine Tranche von 50 Mio. \u20ac aus dem Schuldscheindarlehen des Jahres 2016 f\u00e4llig. Sollte die D\u00fcrr AG daf\u00fcr infolge der Corona-Krise am Kapitalmarkt nicht rechtzeitig eine langfristige Anschlussfinanzierung abschlie\u00dfen k\u00f6nnen, kann sie auf die Kreditlinie zur\u00fcckgreifen. Zum Bankenkonsortium geh\u00f6ren BNP Paribas, Commerzbank Aktiengesellschaft, Deutsche Bank, LBBW, Santander und UniCredit. Rechtlich wurden die D\u00fcrr AG von Freshfields Bruckhaus Deringer und die Banken von Hengeler Mueller beraten.<\/p>\n<p style=\"text-align: justify;\">Der D\u00fcrr-Konzern ist gut f\u00fcr die erwarteten finanziellen Belastungen infolge der Corona-Pandemie gewappnet. Neben einer Gesamtliquidit\u00e4t von rund 850 Mio. \u20ac steht zus\u00e4tzlich eine freie Kreditlinie \u00fcber 500 Mio. \u20ac zur Verf\u00fcgung, die im Vorjahr vereinbart wurde. Ralf W. Dieter, Vorstandsvorsitzender der D\u00fcrr AG: \u201eWir verf\u00fcgen \u00fcber eine ausreichende Liquidit\u00e4t, um im aktuell schwierigen Umfeld sicher bestehen zu k\u00f6nnen. Die nun vereinbarte Kreditlinie vergr\u00f6\u00dfert unseren Spielraum, um in Ruhe eine passende Langfristfinanzierung zu arrangieren.\u201c<\/p>\n<p style=\"text-align: justify;\">Die neue Kreditlinie ist die zweite Finanzierungstransaktion der D\u00fcrr AG im laufenden Jahr. Anfang April erhielt die D\u00fcrr AG Erl\u00f6se von 115 Mio. \u20ac aus der Emission eines Sustainability-Schuldscheindarlehens. Sie wurden \u00fcberwiegend zur g\u00fcnstigeren Refinanzierung \u00e4lterer Finanzverbindlichkeiten aus dem Jahr 2016 verwendet. Der Zinssatz des Sustainability-Schuldscheindarlehens betr\u00e4gt durchschnittlich 0,9 % und ist an das Nachhaltigkeits-Rating des Konzerns gekoppelt.<\/p>\n<hr \/>\n<p style=\"text-align: justify;\">\n","protected":false},"excerpt":{"rendered":"<p>Bietigheim-Bissingen, 12. Mai 2020.| Zur Erh\u00f6hung der finanziellen Flexibilit\u00e4t hat die D\u00fcrr AG mit einem Bankenkonsortium eine zus\u00e4tzliche Kreditlinie \u00fcber 350 Mio. \u20ac vereinbart. Damit sichert der Maschinen- und Anlagenbauer eine im kommenden Jahr anstehende Refinanzierung in gleicher H\u00f6he ab. Die von sechs Banken bereitgestellte Kreditlinie hat zun\u00e4chst eine Laufzeit von einem Jahr, kann von [&hellip;]<\/p>\n","protected":false},"author":4,"featured_media":0,"comment_status":"closed","ping_status":"open","sticky":false,"template":"","format":"standard","meta":{"inline_featured_image":false,"_exactmetrics_skip_tracking":false,"_exactmetrics_sitenote_active":false,"_exactmetrics_sitenote_note":"","_exactmetrics_sitenote_category":0,"footnotes":""},"categories":[479],"tags":[9121,14857,13680,5,68],"class_list":{"0":"post-138769","1":"post","2":"type-post","3":"status-publish","4":"format-standard","6":"category-wirtschaft","7":"tag-bietigheim-bissingen","8":"tag-die-webzeitung","9":"tag-duerr","10":"tag-internetzeitung","11":"tag-online-zeitung"},"image_feature":null,"author_name":"Redaktion","pure_taxonomies":{"categories":[{"term_id":479,"name":"Wirtschaft","slug":"wirtschaft","term_group":0,"term_taxonomy_id":1941,"taxonomy":"category","description":"","parent":0,"count":281,"filter":"raw","image":""}],"tags":[{"term_id":9121,"name":"Bietigheim-Bissingen","slug":"bietigheim-bissingen","term_group":0,"term_taxonomy_id":9147,"taxonomy":"post_tag","description":"","parent":0,"count":291,"filter":"raw","image":""},{"term_id":14857,"name":"Die-Webzeitung","slug":"die-webzeitung","term_group":0,"term_taxonomy_id":14876,"taxonomy":"post_tag","description":"","parent":0,"count":3624,"filter":"raw","image":""},{"term_id":13680,"name":"D\u00fcrr","slug":"duerr","term_group":0,"term_taxonomy_id":13722,"taxonomy":"post_tag","description":"","parent":0,"count":26,"filter":"raw","image":""},{"term_id":5,"name":"Internetzeitung","slug":"internetzeitung","term_group":0,"term_taxonomy_id":5,"taxonomy":"post_tag","description":"","parent":0,"count":1461,"filter":"raw","image":""},{"term_id":68,"name":"Online-Zeitung","slug":"online-zeitung","term_group":0,"term_taxonomy_id":69,"taxonomy":"post_tag","description":"","parent":0,"count":3594,"filter":"raw","image":""}]},"_links":{"self":[{"href":"https:\/\/die-webzeitung.de\/stuttgart\/wp-json\/wp\/v2\/posts\/138769","targetHints":{"allow":["GET"]}}],"collection":[{"href":"https:\/\/die-webzeitung.de\/stuttgart\/wp-json\/wp\/v2\/posts"}],"about":[{"href":"https:\/\/die-webzeitung.de\/stuttgart\/wp-json\/wp\/v2\/types\/post"}],"author":[{"embeddable":true,"href":"https:\/\/die-webzeitung.de\/stuttgart\/wp-json\/wp\/v2\/users\/4"}],"replies":[{"embeddable":true,"href":"https:\/\/die-webzeitung.de\/stuttgart\/wp-json\/wp\/v2\/comments?post=138769"}],"version-history":[{"count":0,"href":"https:\/\/die-webzeitung.de\/stuttgart\/wp-json\/wp\/v2\/posts\/138769\/revisions"}],"wp:attachment":[{"href":"https:\/\/die-webzeitung.de\/stuttgart\/wp-json\/wp\/v2\/media?parent=138769"}],"wp:term":[{"taxonomy":"category","embeddable":true,"href":"https:\/\/die-webzeitung.de\/stuttgart\/wp-json\/wp\/v2\/categories?post=138769"},{"taxonomy":"post_tag","embeddable":true,"href":"https:\/\/die-webzeitung.de\/stuttgart\/wp-json\/wp\/v2\/tags?post=138769"}],"curies":[{"name":"wp","href":"https:\/\/api.w.org\/{rel}","templated":true}]}}