{"id":138749,"date":"2020-05-11T16:31:41","date_gmt":"2020-05-11T15:31:41","guid":{"rendered":"https:\/\/die-webzeitung.de\/stuttgart\/2020\/05\/11\/dfb-plan-pokalendspiele-am-4-juli\/"},"modified":"2020-05-11T16:31:41","modified_gmt":"2020-05-11T15:31:41","slug":"dfb-plan-pokalendspiele-am-4-juli","status":"publish","type":"post","link":"https:\/\/die-webzeitung.de\/stuttgart\/2020\/05\/11\/dfb-plan-pokalendspiele-am-4-juli\/","title":{"rendered":"DFB-Plan: Pokalendspiele am 4. Juli"},"content":{"rendered":"<p style=\"text-align: justify;\">Im Zuge der Anpassungen des Rahmenterminkalenders f\u00fcr den Spielbetrieb der Frauen und M\u00e4nner hat der DFB auch die Termine der verbliebenen Spiele in den DFB-Pokalwettbewerben festgelegt. Als Datum f\u00fcr das DFB-Pokalfinale der M\u00e4nner ist der 4. Juli vorgesehen, die Halbfinalspiele sollen am 9. und 10. Juni ausgetragen werden. Im DFB-Pokal der Frauen sollen die Viertelfinalpartien am 3. Juni stattfinden, die Halbfinalspiele sind f\u00fcr den 10. und 11. Juni vorgesehen, das Endspiel soll wie bei den M\u00e4nnern am 4. Juli durchgef\u00fchrt werden.<\/p>\n<p style=\"text-align: justify;\">Der DFB steht in intensivem Austausch mit der Politik und hat sich heute im Rahmen einer au\u00dferordentlichen Pr\u00e4sidiumssitzung erneut f\u00fcr die Fortsetzung des Spielbetriebs in der 3. Liga, der FLYERALARM Frauen-Bundesliga und im DFB-Pokal ausgesprochen. Die Planungen f\u00fcr den DFB-Pokal gelten vorbehaltlich der \u00fcbergeordneten beh\u00f6rdlichen Verf\u00fcgungslagen und der politischen Zustimmung f\u00fcr eine Wiederaufnahme des Spielbetriebs auch in den DFB-Pokalwettbewerben.<\/p>\n<p style=\"text-align: justify;\">DFB-Pr\u00e4sident Fritz Keller sagt: \u201cDas Hygienekonzept, das die Wiederaufnahme des Spielbetriebs in der Bundesliga und 2. Bundesliga an diesem Wochenende erm\u00f6glicht, wurde gemeinsam von DFB und DFL f\u00fcr den gesamten Berufsfu\u00dfball entwickelt und konzipiert. Ich bin daher sehr zuversichtlich, dass wir von der Politik zeitnah auch die Erlaubnis zur Fortsetzung der 3. Liga, der FLYERALARM Frauen-Bundesliga und nat\u00fcrlich auch des DFB-Pokals bekommen werden. Unsere Planungen laufen auf Hochtouren, damit wir die Pokalsaison angemessen auf dem Rasen beenden k\u00f6nnen. Viel spricht daf\u00fcr, dass wir zum ersten Mal \u2018Wohnzimmerfinals\u2019 erleben werden, also Spiele ohne Publikum im Stadion. F\u00fcr diesen tollen Wettbewerb, f\u00fcr die Spielerinnen und Spieler sowie nat\u00fcrlich insbesondere f\u00fcr die Fans tut mir dies sehr leid. Ich bin aber fest davon \u00fcberzeugt, dass diese Variante die mit Abstand beste ist. Wir alle hoffen, dass wir in der n\u00e4chsten Pokalsaison wieder stimmungsvolle Spieltage in vollbesetzten Arenen und in den Stadien der Amateurvereine, die diesen Wettbewerb so einzigartig machen, erleben werden.\u201d<\/p>\n<hr \/>\n<p style=\"text-align: justify;\">\n","protected":false},"excerpt":{"rendered":"<p>Im Zuge der Anpassungen des Rahmenterminkalenders f\u00fcr den Spielbetrieb der Frauen und M\u00e4nner hat der DFB auch die Termine der verbliebenen Spiele in den DFB-Pokalwettbewerben festgelegt. Als Datum f\u00fcr das DFB-Pokalfinale der M\u00e4nner ist der 4. Juli vorgesehen, die Halbfinalspiele sollen am 9. und 10. Juni ausgetragen werden. Im DFB-Pokal der Frauen sollen die Viertelfinalpartien [&hellip;]<\/p>\n","protected":false},"author":4,"featured_media":0,"comment_status":"closed","ping_status":"open","sticky":false,"template":"","format":"standard","meta":{"inline_featured_image":false,"_exactmetrics_skip_tracking":false,"_exactmetrics_sitenote_active":false,"_exactmetrics_sitenote_note":"","_exactmetrics_sitenote_category":0,"footnotes":""},"categories":[110],"tags":[11983,14857,5,68,16668],"class_list":{"0":"post-138749","1":"post","2":"type-post","3":"status-publish","4":"format-standard","6":"category-sport","7":"tag-dfb","8":"tag-die-webzeitung","9":"tag-internetzeitung","10":"tag-online-zeitung","11":"tag-pokalendspiel"},"image_feature":null,"author_name":"Redaktion","pure_taxonomies":{"categories":[{"term_id":110,"name":"Sport","slug":"sport","term_group":0,"term_taxonomy_id":112,"taxonomy":"category","description":"Sportberichte","parent":0,"count":1043,"filter":"raw","image":""}],"tags":[{"term_id":11983,"name":"DFB","slug":"dfb","term_group":0,"term_taxonomy_id":12021,"taxonomy":"post_tag","description":"","parent":0,"count":46,"filter":"raw","image":""},{"term_id":14857,"name":"Die-Webzeitung","slug":"die-webzeitung","term_group":0,"term_taxonomy_id":14876,"taxonomy":"post_tag","description":"","parent":0,"count":3624,"filter":"raw","image":""},{"term_id":5,"name":"Internetzeitung","slug":"internetzeitung","term_group":0,"term_taxonomy_id":5,"taxonomy":"post_tag","description":"","parent":0,"count":1461,"filter":"raw","image":""},{"term_id":68,"name":"Online-Zeitung","slug":"online-zeitung","term_group":0,"term_taxonomy_id":69,"taxonomy":"post_tag","description":"","parent":0,"count":3594,"filter":"raw","image":""},{"term_id":16668,"name":"Pokalendspiel","slug":"pokalendspiel","term_group":0,"term_taxonomy_id":16687,"taxonomy":"post_tag","description":"","parent":0,"count":1,"filter":"raw","image":""}]},"_links":{"self":[{"href":"https:\/\/die-webzeitung.de\/stuttgart\/wp-json\/wp\/v2\/posts\/138749","targetHints":{"allow":["GET"]}}],"collection":[{"href":"https:\/\/die-webzeitung.de\/stuttgart\/wp-json\/wp\/v2\/posts"}],"about":[{"href":"https:\/\/die-webzeitung.de\/stuttgart\/wp-json\/wp\/v2\/types\/post"}],"author":[{"embeddable":true,"href":"https:\/\/die-webzeitung.de\/stuttgart\/wp-json\/wp\/v2\/users\/4"}],"replies":[{"embeddable":true,"href":"https:\/\/die-webzeitung.de\/stuttgart\/wp-json\/wp\/v2\/comments?post=138749"}],"version-history":[{"count":0,"href":"https:\/\/die-webzeitung.de\/stuttgart\/wp-json\/wp\/v2\/posts\/138749\/revisions"}],"wp:attachment":[{"href":"https:\/\/die-webzeitung.de\/stuttgart\/wp-json\/wp\/v2\/media?parent=138749"}],"wp:term":[{"taxonomy":"category","embeddable":true,"href":"https:\/\/die-webzeitung.de\/stuttgart\/wp-json\/wp\/v2\/categories?post=138749"},{"taxonomy":"post_tag","embeddable":true,"href":"https:\/\/die-webzeitung.de\/stuttgart\/wp-json\/wp\/v2\/tags?post=138749"}],"curies":[{"name":"wp","href":"https:\/\/api.w.org\/{rel}","templated":true}]}}