{"id":138734,"date":"2020-05-10T15:09:28","date_gmt":"2020-05-10T14:09:28","guid":{"rendered":"https:\/\/die-webzeitung.de\/stuttgart\/?p=138734"},"modified":"2020-05-10T15:09:47","modified_gmt":"2020-05-10T14:09:47","slug":"volleyball-allianz-mtv-stuttgart-setzt-naechstes-ausrufezeichen","status":"publish","type":"post","link":"https:\/\/die-webzeitung.de\/stuttgart\/2020\/05\/10\/volleyball-allianz-mtv-stuttgart-setzt-naechstes-ausrufezeichen\/","title":{"rendered":"Volleyball: Allianz MTV Stuttgart setzt n\u00e4chstes Ausrufezeichen"},"content":{"rendered":"<p style=\"text-align: justify;\">Stuttgart.| Nach den bereits bekanntgegebenen Verl\u00e4ngerungen und Neuverpflichtungen zeigt Allianz MTV Stuttgart auch mit der Allerneusten, dass sie in der kommenden Saison wieder vorne mitmischen wollen. Au\u00dfenangreiferin Michaela Mlejnkova kehrt zur\u00fcck an den Neckar.<\/p>\n<p style=\"text-align: justify;\">Es scheint fast, als habe Sportdirektorin Kim Renkema hellseherische F\u00e4higkeiten. Als die beiden ehemaligen Teamkameradinnen vergangenes Jahr nach einem CEV-Spiel zuf\u00e4llig am Flughafen in Bergamo aufeinandertrafen, scherzte Renkema, dass es an der Zeit sei, dass Michaela Mlejnkova wieder f\u00fcr Stuttgart spiele. Zum damaligen Zeitpunkt hatten weder die beiden noch sonst irgendjemand auf dem Schirm, dass diese \u00c4u\u00dferung schon bald Realit\u00e4t werden w\u00fcrde.<\/p>\n<p style=\"text-align: justify;\">Nun ist die 23-j\u00e4hrige Tschechin wieder zur\u00fcck am Neckar, wo sie im Jahre 2015 schon die Fans begeisterte. Mit gerade einmal 19 Jahren kam die junge Au\u00dfenangreiferin damals in die Landeshauptstadt, die auf dem Spielfeld geradezu explodierte und schnell zu einem wichtigen Eckpfeiler des Teams wurde. Der 184cm gro\u00dfen Mlejnkova gefiel es so gut in ihrem neuen zuhause, sodass dass sie ihren Vertrag noch zwei weitere Jahre verl\u00e4ngerte. In dieser Zeit entwickelte sich das noch sch\u00fcchterne Talent zu einer gestandenen und nicht mehr wegzudenkenden F\u00fchrungsspielerin, die mit Allianz MTV Stuttgart ein Finale nach dem n\u00e4chsten erreichte. Neben dem Super-Cup-Sieg 2016 und dem Pokalsieg 2017 wurde Mlejnkova mit dem Stuttgarter Team drei Mal Deutsche Vize-Meisterin. Auch auf internationalem Niveau konnte die tschechische Nationalspielerin schon damals \u00fcberzeugen, war sie doch ein Teil der allerersten Champions League Teilnahme in der Clubgeschichte. Doch ihre Qualit\u00e4t zeigte sich nicht nur in siegreichen Stunden. Nach dem verpassten Pokalfinale 2018 war sie eine der wichtigen Spielerinnen, die das Team wieder aus dem Loch holte und schlussendlich zu Platz 3 im CEV-Cup f\u00fchrte.<\/p>\n<p style=\"text-align: justify;\">Nach drei Jahren in der deutschen Bundesliga f\u00fchrte ihr Weg Mlejnkova in die polnische Liga. Mit ihrem Club Developres SkyRes Rzesz\u00f3w erreichte sie in den vergangenen zwei Jahren zweimal das polnische Pokalfinale und holte Bronze und anschlie\u00dfend Silber in der Meisterschaft.<\/p>\n<p style=\"text-align: justify;\">Auch in der tschechischen Nationalmannschaft, der Mlejnkova seit 2015 angeh\u00f6rt, ist sie eine feste Gr\u00f6\u00dfe. Erst vergangenes Jahr konnte das Team die European League 2019 f\u00fcr sich entscheiden. Damals als Head Coach an der Seitenlinie Mlejnkovas alter und nun wieder neuer Vereinstrainer Giannis Athanasopoulos.<\/p>\n<p style=\"text-align: justify;\">Nun ist Michaela Mlejnkova zur\u00fcck an ihrer alten Wirkungsst\u00e4tte in der SCHARRena und unterschreibt einen Einjahresvertrag. Gesch\u00e4ftsf\u00fchrer Aurel Irion: \u201eIch freue mich, dass wir Michaela wieder in Stuttgart sehen werden. Diese Verpflichtung ist gro\u00dfartig und etwas Besonderes. Ich hatte bei ihr irgendwie immer das Gef\u00fchl, dass Stuttgart f\u00fcr sie mehr war als nur ein Verein, vielmehr war es eine Herzensangelegenheit und dass sie hier noch nicht fertig war. In den vergangenen zwei Jahren hat sie sich weiterentwickelt und ist die n\u00e4chsten Schritte in ihrer Karriere gegangen. Es wird spannend zu sehen, wie sie sich hier wieder zurecht finden wird. Gemeinsam mit Krystal Rivers und Michaela Mlejnkova haben wir unheimlich viel Power auf dem Feld, was Volleyball auf h\u00f6chstem Niveau garantiert.\u201c<\/p>\n<p style=\"text-align: justify;\">Sportdirektorin Kim Renkema: \u201eIch h\u00e4tte es nie f\u00fcr m\u00f6glich gehalten, dass wir Michaela erneut f\u00fcr uns gewinnen k\u00f6nnen. Der Spruch am Flughafen war tats\u00e4chlich ein Scherz und vielleicht auch ein bisschen Wunschdenken. Nun sind wir tats\u00e4chlich ins Gespr\u00e4ch gekommen und nach und nach wurde die ganze Sache auch immer realisierbarer. Ich denke, dass Michaela nicht nur f\u00fcr mich, sondern auch f\u00fcr alle Fans von Allianz MTV Stuttgart eine absolute Wunschkandidatin ist. Sie ist eine immens starke Angreiferin und hat sich, seit sie Stuttgart verlassen hat, nochmals weiterentwickelt. Sie hat zwei gute Jahre in Polen gespielt und wird uns in der neuen Spielzeit auf Au\u00dfen enorm verst\u00e4rken. Auch menschlich wird sie eine sehr gute Erg\u00e4nzung f\u00fcr die Mannschaft darstellen, da sie sich auch in Stuttgart auskennt und sich hier sehr wohlgef\u00fchlt hat. Wir freuen uns, dass es uns immer wieder gelingt ehemalige Spielerinnen zur\u00fcckzuholen, was f\u00fcr unsere Arbeit hier im Verein spricht. Michaela wird uns nicht nur sportlich, sondern auch menschlich viel Freude in der n\u00e4chsten Saison machen.\u201c<\/p>\n<hr \/>\n<p style=\"text-align: justify;\">\n","protected":false},"excerpt":{"rendered":"<p>Stuttgart.| Nach den bereits bekanntgegebenen Verl\u00e4ngerungen und Neuverpflichtungen zeigt Allianz MTV Stuttgart auch mit der Allerneusten, dass sie in der kommenden Saison wieder vorne mitmischen wollen. Au\u00dfenangreiferin Michaela Mlejnkova kehrt zur\u00fcck an den Neckar. Es scheint fast, als habe Sportdirektorin Kim Renkema hellseherische F\u00e4higkeiten. Als die beiden ehemaligen Teamkameradinnen vergangenes Jahr nach einem CEV-Spiel zuf\u00e4llig [&hellip;]<\/p>\n","protected":false},"author":4,"featured_media":138735,"comment_status":"closed","ping_status":"open","sticky":false,"template":"","format":"standard","meta":{"inline_featured_image":false,"_exactmetrics_skip_tracking":false,"_exactmetrics_sitenote_active":false,"_exactmetrics_sitenote_note":"","_exactmetrics_sitenote_category":0,"footnotes":""},"categories":[59,110],"tags":[16187,14857,5,68,9,10629],"class_list":{"0":"post-138734","1":"post","2":"type-post","3":"status-publish","4":"format-standard","5":"has-post-thumbnail","7":"category-aktuell","8":"category-sport","9":"tag-allianz-mtv","10":"tag-die-webzeitung","11":"tag-internetzeitung","12":"tag-online-zeitung","13":"tag-schaumedia","14":"tag-volleyball"},"image_feature":"https:\/\/die-webzeitung.de\/stuttgart\/wp-content\/uploads\/sites\/4\/2020\/05\/amsstraubing026.jpg","author_name":"Redaktion","pure_taxonomies":{"categories":[{"term_id":59,"name":"Aktuell","slug":"aktuell","term_group":0,"term_taxonomy_id":60,"taxonomy":"category","description":"","parent":0,"count":1017,"filter":"raw","image":""},{"term_id":110,"name":"Sport","slug":"sport","term_group":0,"term_taxonomy_id":112,"taxonomy":"category","description":"Sportberichte","parent":0,"count":1043,"filter":"raw","image":""}],"tags":[{"term_id":16187,"name":"Allianz MTV","slug":"allianz-mtv","term_group":0,"term_taxonomy_id":16206,"taxonomy":"post_tag","description":"","parent":0,"count":44,"filter":"raw","image":""},{"term_id":14857,"name":"Die-Webzeitung","slug":"die-webzeitung","term_group":0,"term_taxonomy_id":14876,"taxonomy":"post_tag","description":"","parent":0,"count":3623,"filter":"raw","image":""},{"term_id":5,"name":"Internetzeitung","slug":"internetzeitung","term_group":0,"term_taxonomy_id":5,"taxonomy":"post_tag","description":"","parent":0,"count":1461,"filter":"raw","image":""},{"term_id":68,"name":"Online-Zeitung","slug":"online-zeitung","term_group":0,"term_taxonomy_id":69,"taxonomy":"post_tag","description":"","parent":0,"count":3593,"filter":"raw","image":""},{"term_id":9,"name":"SchauMedia","slug":"schaumedia","term_group":0,"term_taxonomy_id":9,"taxonomy":"post_tag","description":"","parent":0,"count":1607,"filter":"raw","image":""},{"term_id":10629,"name":"Volleyball","slug":"volleyball","term_group":0,"term_taxonomy_id":10665,"taxonomy":"post_tag","description":"","parent":0,"count":90,"filter":"raw","image":""}]},"_links":{"self":[{"href":"https:\/\/die-webzeitung.de\/stuttgart\/wp-json\/wp\/v2\/posts\/138734","targetHints":{"allow":["GET"]}}],"collection":[{"href":"https:\/\/die-webzeitung.de\/stuttgart\/wp-json\/wp\/v2\/posts"}],"about":[{"href":"https:\/\/die-webzeitung.de\/stuttgart\/wp-json\/wp\/v2\/types\/post"}],"author":[{"embeddable":true,"href":"https:\/\/die-webzeitung.de\/stuttgart\/wp-json\/wp\/v2\/users\/4"}],"replies":[{"embeddable":true,"href":"https:\/\/die-webzeitung.de\/stuttgart\/wp-json\/wp\/v2\/comments?post=138734"}],"version-history":[{"count":2,"href":"https:\/\/die-webzeitung.de\/stuttgart\/wp-json\/wp\/v2\/posts\/138734\/revisions"}],"predecessor-version":[{"id":138737,"href":"https:\/\/die-webzeitung.de\/stuttgart\/wp-json\/wp\/v2\/posts\/138734\/revisions\/138737"}],"wp:featuredmedia":[{"embeddable":true,"href":"https:\/\/die-webzeitung.de\/stuttgart\/wp-json\/wp\/v2\/media\/138735"}],"wp:attachment":[{"href":"https:\/\/die-webzeitung.de\/stuttgart\/wp-json\/wp\/v2\/media?parent=138734"}],"wp:term":[{"taxonomy":"category","embeddable":true,"href":"https:\/\/die-webzeitung.de\/stuttgart\/wp-json\/wp\/v2\/categories?post=138734"},{"taxonomy":"post_tag","embeddable":true,"href":"https:\/\/die-webzeitung.de\/stuttgart\/wp-json\/wp\/v2\/tags?post=138734"}],"curies":[{"name":"wp","href":"https:\/\/api.w.org\/{rel}","templated":true}]}}