{"id":138718,"date":"2020-05-09T09:43:40","date_gmt":"2020-05-09T08:43:40","guid":{"rendered":"https:\/\/die-webzeitung.de\/stuttgart\/?p=138718"},"modified":"2020-05-09T09:43:40","modified_gmt":"2020-05-09T08:43:40","slug":"besuch-der-zulassungsstelle-ohne-termin-ab-13-mai-wieder-moeglich","status":"publish","type":"post","link":"https:\/\/die-webzeitung.de\/stuttgart\/2020\/05\/09\/besuch-der-zulassungsstelle-ohne-termin-ab-13-mai-wieder-moeglich\/","title":{"rendered":"Besuch der Zulassungsstelle ohne Termin ab 13. Mai wieder m\u00f6glich"},"content":{"rendered":"<ul>\n<li style=\"text-align: justify;\"><strong>Besucher m\u00fcssen sich in den ersten Tagen auf lange Wartezeiten einstellen<\/strong><\/li>\n<li style=\"text-align: justify;\"><strong>Landrat Bernhard begr\u00fc\u00dft St\u00e4rkung der kommunalen Ebene beim Krisenmanagement<\/strong><\/li>\n<\/ul>\n<p style=\"text-align: justify;\">Kreis B\u00f6blingen.| Ab Mittwoch, 13. Mai, ist es f\u00fcr B\u00fcrgerinnen und B\u00fcrger wieder m\u00f6glich, die Zulassungsstelle des Landratsamtes B\u00f6blingen in B\u00f6blingen und Herrenberg ohne Terminvereinbarung zu besuchen. Eine Terminvergabe findet derzeit nicht mehr statt. In Leonberg bleibt die Zulassungsstelle vorerst nur f\u00fcr Kfz-H\u00e4ndler nach Voranmeldung ge\u00f6ffnet, da die erforderlichen Mindestabst\u00e4nde sonst nicht eingehalten werden k\u00f6nnen. Dort soll die Au\u00dfenstelle Ende Mai wieder f\u00fcr unangemeldete Besucher ge\u00f6ffnet werden.<\/p>\n<p style=\"text-align: justify;\">Wer die Zulassungsstelle und generell das Landratsamt betritt, muss sich dennoch an die strengen, allgemeinen Hygienevorschriften halten. Dies betrifft insbesondere den Mindestabstand zu anderen sowie die Maskenpflicht im Landratsamt.<\/p>\n<p style=\"text-align: justify;\">Das Landratsamt bittet darum, Zeit und Geduld f\u00fcr den Besuch der Zulassungsstelle mitzubringen, da vor allem in den ersten Tagen und Wochen mit l\u00e4ngeren Wartezeiten zu rechnen ist. Um den Andrang und lange Wartezeiten zu reduzieren, empfiehlt es sich, die Zulassung zu Beginn nur aufzusuchen, wenn das Anliegen unaufschiebbar ist.<\/p>\n<p style=\"text-align: justify;\">Empfohlen wird zudem, den Online-Dienst iKfz3 zu nutzen. Die h\u00e4ufigsten Dienstleistungen lassen sich hier bequem von zu Hause aus erledigen, ohne Wartezeiten. Den Online-Dienst und Informationen zu den technischen Voraussetzungen findet man unter <a href=\"http:\/\/www.lrabb.de\/zulassung\" target=\"_blank\" rel=\"noopener noreferrer\">www.lrabb.de\/zulassung<\/a>.<\/p>\n<p style=\"text-align: justify;\">Mit der \u00d6ffnung der Zulassungsstelle unternimmt das Landratsamt erste Schritte zu mehr \u00d6ffentlichkeit. Die Lockerungen, die Bund und L\u00e4nder diese Woche beschlossen haben, sehen weitere Schritte vor. Kompetenzen in der Corona-Krise sollen wieder st\u00e4rker vom Bund auf die L\u00e4nder und auf die kommunale Ebene r\u00fccken. Nach einem noch nicht genauer definierten Notfallplan, sollen versch\u00e4rfte Ma\u00dfnahmen in einem Landkreis getroffen werden, sobald die Infektionen innerhalb von sieben Tagen um mindestens 50 pro 100,000 Einwohner steigen. F\u00fcr den Landkreis B\u00f6blingen mit fast 400.000 Einwohner liegt die kritische Kennziffer somit bei etwa 200 Neuinfektionen pro Woche. Landrat Roland Bernhard begr\u00fc\u00dft die Entscheidung: \u201eNun warten wir auf die genauen Spielregeln seitens des Landes. Diese Rollenverteilung r\u00fcckt die kommunale Basis in den Fokus. Der Landkreis k\u00fcmmert sich mit seinem Gesundheitsamt, den Kreiskliniken und gemeinsam mit den St\u00e4dten und Gemeinden um die Eind\u00e4mmung der Pandemie. Die Macher vor Ort haben sich bislang bestens bew\u00e4hrt.\u201c<\/p>\n<p style=\"text-align: justify;\">An die Bev\u00f6lkerung gerichtet bittet Roland Bernhard dringend, sich weiterhin vorsichtig und r\u00fccksichtsvoll zu verhalten und sich gewissenhaft an die Hygienevorschriften und Maskenpflicht zu halten. \u201eSonst waren unsere Anstrengungen der vergangenen Woche vergebens, wenn wir sorglos werden sind und das Virus sich wieder st\u00e4rker verbreitet.\u201c<\/p>\n<hr \/>\n<p style=\"text-align: justify;\">\n","protected":false},"excerpt":{"rendered":"<p>Besucher m\u00fcssen sich in den ersten Tagen auf lange Wartezeiten einstellen Landrat Bernhard begr\u00fc\u00dft St\u00e4rkung der kommunalen Ebene beim Krisenmanagement Kreis B\u00f6blingen.| Ab Mittwoch, 13. Mai, ist es f\u00fcr B\u00fcrgerinnen und B\u00fcrger wieder m\u00f6glich, die Zulassungsstelle des Landratsamtes B\u00f6blingen in B\u00f6blingen und Herrenberg ohne Terminvereinbarung zu besuchen. Eine Terminvergabe findet derzeit nicht mehr statt. In [&hellip;]<\/p>\n","protected":false},"author":4,"featured_media":0,"comment_status":"closed","ping_status":"open","sticky":false,"template":"","format":"standard","meta":{"inline_featured_image":false,"_exactmetrics_skip_tracking":false,"_exactmetrics_sitenote_active":false,"_exactmetrics_sitenote_note":"","_exactmetrics_sitenote_category":0,"footnotes":""},"categories":[59,2246],"tags":[3061,14857,5,15022,68,16663],"class_list":{"0":"post-138718","1":"post","2":"type-post","3":"status-publish","4":"format-standard","6":"category-aktuell","7":"category-kreis-boeblingen","8":"tag-boblingen","9":"tag-die-webzeitung","10":"tag-internetzeitung","11":"tag-landratsamt","12":"tag-online-zeitung","13":"tag-zulassungsstelle"},"image_feature":null,"author_name":"Redaktion","pure_taxonomies":{"categories":[{"term_id":59,"name":"Aktuell","slug":"aktuell","term_group":0,"term_taxonomy_id":60,"taxonomy":"category","description":"","parent":0,"count":1017,"filter":"raw","image":""},{"term_id":2246,"name":"Kreis B\u00f6blingen","slug":"kreis-boeblingen","term_group":0,"term_taxonomy_id":2259,"taxonomy":"category","description":"","parent":171,"count":197,"filter":"raw","image":""}],"tags":[{"term_id":3061,"name":"B\u00f6blingen","slug":"boblingen","term_group":0,"term_taxonomy_id":3075,"taxonomy":"post_tag","description":"","parent":0,"count":260,"filter":"raw","image":""},{"term_id":14857,"name":"Die-Webzeitung","slug":"die-webzeitung","term_group":0,"term_taxonomy_id":14876,"taxonomy":"post_tag","description":"","parent":0,"count":3623,"filter":"raw","image":""},{"term_id":5,"name":"Internetzeitung","slug":"internetzeitung","term_group":0,"term_taxonomy_id":5,"taxonomy":"post_tag","description":"","parent":0,"count":1461,"filter":"raw","image":""},{"term_id":15022,"name":"Landratsamt","slug":"landratsamt","term_group":0,"term_taxonomy_id":15041,"taxonomy":"post_tag","description":"","parent":0,"count":11,"filter":"raw","image":""},{"term_id":68,"name":"Online-Zeitung","slug":"online-zeitung","term_group":0,"term_taxonomy_id":69,"taxonomy":"post_tag","description":"","parent":0,"count":3593,"filter":"raw","image":""},{"term_id":16663,"name":"Zulassungsstelle","slug":"zulassungsstelle","term_group":0,"term_taxonomy_id":16682,"taxonomy":"post_tag","description":"","parent":0,"count":2,"filter":"raw","image":""}]},"_links":{"self":[{"href":"https:\/\/die-webzeitung.de\/stuttgart\/wp-json\/wp\/v2\/posts\/138718","targetHints":{"allow":["GET"]}}],"collection":[{"href":"https:\/\/die-webzeitung.de\/stuttgart\/wp-json\/wp\/v2\/posts"}],"about":[{"href":"https:\/\/die-webzeitung.de\/stuttgart\/wp-json\/wp\/v2\/types\/post"}],"author":[{"embeddable":true,"href":"https:\/\/die-webzeitung.de\/stuttgart\/wp-json\/wp\/v2\/users\/4"}],"replies":[{"embeddable":true,"href":"https:\/\/die-webzeitung.de\/stuttgart\/wp-json\/wp\/v2\/comments?post=138718"}],"version-history":[{"count":1,"href":"https:\/\/die-webzeitung.de\/stuttgart\/wp-json\/wp\/v2\/posts\/138718\/revisions"}],"predecessor-version":[{"id":138719,"href":"https:\/\/die-webzeitung.de\/stuttgart\/wp-json\/wp\/v2\/posts\/138718\/revisions\/138719"}],"wp:attachment":[{"href":"https:\/\/die-webzeitung.de\/stuttgart\/wp-json\/wp\/v2\/media?parent=138718"}],"wp:term":[{"taxonomy":"category","embeddable":true,"href":"https:\/\/die-webzeitung.de\/stuttgart\/wp-json\/wp\/v2\/categories?post=138718"},{"taxonomy":"post_tag","embeddable":true,"href":"https:\/\/die-webzeitung.de\/stuttgart\/wp-json\/wp\/v2\/tags?post=138718"}],"curies":[{"name":"wp","href":"https:\/\/api.w.org\/{rel}","templated":true}]}}