{"id":138676,"date":"2020-05-06T15:03:14","date_gmt":"2020-05-06T14:03:14","guid":{"rendered":"https:\/\/die-webzeitung.de\/stuttgart\/?p=138676"},"modified":"2020-05-06T15:03:14","modified_gmt":"2020-05-06T14:03:14","slug":"verkehrsunternehmen-fahren-nahezu-kompletten-fahrplan","status":"publish","type":"post","link":"https:\/\/die-webzeitung.de\/stuttgart\/2020\/05\/06\/verkehrsunternehmen-fahren-nahezu-kompletten-fahrplan\/","title":{"rendered":"Verkehrsunternehmen fahren nahezu kompletten Fahrplan"},"content":{"rendered":"<ul>\n<li style=\"text-align: justify;\">Ab Montag, 11. Mai 2020, ist die S-Bahn Stuttgart wieder mit vollem Angebot unterwegs<\/li>\n<li style=\"text-align: justify;\">Nachtverkehr entf\u00e4llt weiterhin<\/li>\n<\/ul>\n<p style=\"text-align: justify;\">Stuttgart.| Nach mehrw\u00f6chigem Ausnahmezustand haben die Verkehrsunternehmen im VVS nach und nach ihr Fahrplanangebot wieder hochgefahren. Der n\u00e4chste Schritt zum regul\u00e4ren Fahrplan folgt nun am Montag, 11. Mai 2020. Dann f\u00e4hrt die S-Bahn Stuttgart abgesehen vom Nachtverkehr wieder wie gewohnt.<\/p>\n<p style=\"text-align: justify;\">Die Stuttgarter Stra\u00dfenbahnen AG, die regionalen Busse in den Verbundlandkreisen und die Nebenbahnen fahren schon seit letzter Woche wieder den vollen Fahrplan. Da viele Veranstaltungen abgesagt worden sind, Bars und Kneipen noch nicht \u00f6ffnen d\u00fcrfen, entf\u00e4llt im ganzen VVS jedoch nach wie vor der Nachtverkehr.<\/p>\n<p style=\"text-align: justify;\">Bei einem Teil der Regionalz\u00fcge gibt es ab 11. Mai ebenfalls weitere Aufstockungen. Ab 18. Mai gilt beim Abellio-Zug RB 18 (Stuttgart \u2013 Osterburken) wieder der regul\u00e4re Fahrplan. Die Linie RB 17 (Stuttgart \u2013 Pforzheim\/Heidelberg) f\u00e4hrt ab dann infolge der Sperrung auf der Schnellfahrtstrecke nach dem eingeschr\u00e4nkten Fahrplan.<\/p>\n<p style=\"text-align: justify;\">Die anderen Z\u00fcge fahren in den n\u00e4chsten Wochen weiterhin grunds\u00e4tzlich im Stundentakt. Einige Bahnen sind in den Hauptverkehrszeiten zweimal pro Stunde im Einsatz oder werden durch einzelne Z\u00fcge verst\u00e4rkt. Die Schusterbahn f\u00e4hrt ab 11. Mai wieder nach dem Regelfahrplan.<\/p>\n<p style=\"text-align: justify;\">Die Freizeitbusse in den Verbundlandkreisen gehen erstmals am 16. Mai 2020 auf die Strecke. Allerdings sind sie vorerst ohne Fahrradanh\u00e4nger unterwegs.<\/p>\n<p style=\"text-align: justify;\">Auch wenn die Nachfrage bei Weitem nicht so hoch ist wie vor der Pandemie fahren die Verkehrsunternehmen im VVS trotz massiven Kostendrucks wieder ihren nahezu vollen Fahrplan. Damit tragen die Verkehrsunternehmen dazu bei, dass das \u00f6ffentliche Leben wieder normale Z\u00fcge annimmt und die geltenden Ma\u00dfnahmen zur Eind\u00e4mmung der Pandemie weitestgehend eingehalten werden k\u00f6nnen.<\/p>\n<p style=\"text-align: justify;\">Da es in Bus und Bahn naturgem\u00e4\u00df immer wieder zu Situationen kommt, in denen der Mindestabstand nicht eingehalten werden kann, appelliert der VVS weiterhin dringend an seine Fahrg\u00e4ste, die Maskenpflicht in den Fahrzeugen und an den Haltestellen und Stationen dringend einzuhalten. Au\u00dferdem sollten die bekannten Hygienevorschriften unbedingt beachtet werden.<\/p>\n<p style=\"text-align: justify;\">Um die Kontaktm\u00f6glichkeiten so weit wie m\u00f6glich zu reduzieren, empfiehlt der VVS seinen Fahrg\u00e4sten, VVS-Tickets \u00fcbers Handy zu kaufen, beispielsweise \u00fcber die App \u201eVVS mobil\u201c. Damit k\u00f6nnen sie vermeiden, in einer Verkaufsstelle oder am Automaten in der Schlange stehen oder Bargeld abz\u00e4hlen zu m\u00fcssen.<\/p>\n<p style=\"text-align: justify;\"><strong>Verbindungen ab 11. Mai schon jetzt in der VVS-Fahrplanauskunft<br \/>\n<\/strong>Fahrg\u00e4ste k\u00f6nnen ihre individuellen Verbindungen in der VVS-Fahrplanauskunft unter <a href=\"http:\/\/vvs.de\" target=\"_blank\" rel=\"noopener noreferrer\" data-saferedirecturl=\"https:\/\/www.google.com\/url?q=http:\/\/vvs.de&amp;source=gmail&amp;ust=1588857906329000&amp;usg=AFQjCNHQhm4p55ixD30gJEb2dRJWlEqd2g\">vvs.de<\/a> oder \u00fcber die App \u201eVVS mobil\u201c abrufen. Der Fahrplan ab 11. Mai ist dort bereits hinterlegt.<\/p>\n<hr \/>\n<p style=\"text-align: justify;\">\n","protected":false},"excerpt":{"rendered":"<p>Ab Montag, 11. Mai 2020, ist die S-Bahn Stuttgart wieder mit vollem Angebot unterwegs Nachtverkehr entf\u00e4llt weiterhin Stuttgart.| Nach mehrw\u00f6chigem Ausnahmezustand haben die Verkehrsunternehmen im VVS nach und nach ihr Fahrplanangebot wieder hochgefahren. Der n\u00e4chste Schritt zum regul\u00e4ren Fahrplan folgt nun am Montag, 11. Mai 2020. Dann f\u00e4hrt die S-Bahn Stuttgart abgesehen vom Nachtverkehr wieder [&hellip;]<\/p>\n","protected":false},"author":4,"featured_media":0,"comment_status":"closed","ping_status":"open","sticky":false,"template":"","format":"standard","meta":{"inline_featured_image":false,"_exactmetrics_skip_tracking":false,"_exactmetrics_sitenote_active":false,"_exactmetrics_sitenote_note":"","_exactmetrics_sitenote_category":0,"footnotes":""},"categories":[2246,2247,2239],"tags":[111,695,14857,5,68,9,7904],"class_list":{"0":"post-138676","1":"post","2":"type-post","3":"status-publish","4":"format-standard","6":"category-kreis-boeblingen","7":"category-kreis-esslingen","8":"category-stuttgart-lokal","9":"tag-bahn","10":"tag-bus","11":"tag-die-webzeitung","12":"tag-internetzeitung","13":"tag-online-zeitung","14":"tag-schaumedia","15":"tag-strasenbahn"},"image_feature":null,"author_name":"Redaktion","pure_taxonomies":{"categories":[{"term_id":2246,"name":"Kreis B\u00f6blingen","slug":"kreis-boeblingen","term_group":0,"term_taxonomy_id":2259,"taxonomy":"category","description":"","parent":171,"count":197,"filter":"raw","image":""},{"term_id":2247,"name":"Kreis Esslingen","slug":"kreis-esslingen","term_group":0,"term_taxonomy_id":2260,"taxonomy":"category","description":"Informationen aus dem Landkreis Esslingen","parent":171,"count":214,"filter":"raw","image":""},{"term_id":2239,"name":"Stuttgart","slug":"stuttgart-lokal","term_group":0,"term_taxonomy_id":2252,"taxonomy":"category","description":"Berichte und Informationen aus Stuttgart","parent":1433,"count":941,"filter":"raw","image":""}],"tags":[{"term_id":111,"name":"Bahn","slug":"bahn","term_group":0,"term_taxonomy_id":113,"taxonomy":"post_tag","description":"","parent":0,"count":36,"filter":"raw","image":""},{"term_id":695,"name":"Bus","slug":"bus","term_group":0,"term_taxonomy_id":703,"taxonomy":"post_tag","description":"","parent":0,"count":17,"filter":"raw","image":""},{"term_id":14857,"name":"Die-Webzeitung","slug":"die-webzeitung","term_group":0,"term_taxonomy_id":14876,"taxonomy":"post_tag","description":"","parent":0,"count":3623,"filter":"raw","image":""},{"term_id":5,"name":"Internetzeitung","slug":"internetzeitung","term_group":0,"term_taxonomy_id":5,"taxonomy":"post_tag","description":"","parent":0,"count":1461,"filter":"raw","image":""},{"term_id":68,"name":"Online-Zeitung","slug":"online-zeitung","term_group":0,"term_taxonomy_id":69,"taxonomy":"post_tag","description":"","parent":0,"count":3593,"filter":"raw","image":""},{"term_id":9,"name":"SchauMedia","slug":"schaumedia","term_group":0,"term_taxonomy_id":9,"taxonomy":"post_tag","description":"","parent":0,"count":1607,"filter":"raw","image":""},{"term_id":7904,"name":"Stra\u00dfenbahn","slug":"strasenbahn","term_group":0,"term_taxonomy_id":7926,"taxonomy":"post_tag","description":"","parent":0,"count":2,"filter":"raw","image":""}]},"_links":{"self":[{"href":"https:\/\/die-webzeitung.de\/stuttgart\/wp-json\/wp\/v2\/posts\/138676","targetHints":{"allow":["GET"]}}],"collection":[{"href":"https:\/\/die-webzeitung.de\/stuttgart\/wp-json\/wp\/v2\/posts"}],"about":[{"href":"https:\/\/die-webzeitung.de\/stuttgart\/wp-json\/wp\/v2\/types\/post"}],"author":[{"embeddable":true,"href":"https:\/\/die-webzeitung.de\/stuttgart\/wp-json\/wp\/v2\/users\/4"}],"replies":[{"embeddable":true,"href":"https:\/\/die-webzeitung.de\/stuttgart\/wp-json\/wp\/v2\/comments?post=138676"}],"version-history":[{"count":1,"href":"https:\/\/die-webzeitung.de\/stuttgart\/wp-json\/wp\/v2\/posts\/138676\/revisions"}],"predecessor-version":[{"id":138677,"href":"https:\/\/die-webzeitung.de\/stuttgart\/wp-json\/wp\/v2\/posts\/138676\/revisions\/138677"}],"wp:attachment":[{"href":"https:\/\/die-webzeitung.de\/stuttgart\/wp-json\/wp\/v2\/media?parent=138676"}],"wp:term":[{"taxonomy":"category","embeddable":true,"href":"https:\/\/die-webzeitung.de\/stuttgart\/wp-json\/wp\/v2\/categories?post=138676"},{"taxonomy":"post_tag","embeddable":true,"href":"https:\/\/die-webzeitung.de\/stuttgart\/wp-json\/wp\/v2\/tags?post=138676"}],"curies":[{"name":"wp","href":"https:\/\/api.w.org\/{rel}","templated":true}]}}