{"id":138611,"date":"2020-05-01T10:25:53","date_gmt":"2020-05-01T09:25:53","guid":{"rendered":"https:\/\/die-webzeitung.de\/stuttgart\/2020\/05\/01\/schritt-fuer-schritt-auf-dem-weg-zur-normalitaet\/"},"modified":"2020-05-01T10:27:32","modified_gmt":"2020-05-01T09:27:32","slug":"schritt-fuer-schritt-auf-dem-weg-zur-normalitaet","status":"publish","type":"post","link":"https:\/\/die-webzeitung.de\/stuttgart\/2020\/05\/01\/schritt-fuer-schritt-auf-dem-weg-zur-normalitaet\/","title":{"rendered":"Schritt f\u00fcr Schritt auf dem Weg zur Normalit\u00e4t"},"content":{"rendered":"<h5 style=\"text-align: justify;\"><strong>Mercedes-Benz Pkw-Werke laufen erfolgreich wieder an<\/strong><\/h5>\n<p style=\"text-align: justify;\">Erfolgreicher sukzessiver Produktionsstart in den Mercedes-Benz Werken Untert\u00fcrkheim, Berlin, Hamburg, Sindelfingen und Bremen nach Arbeitsunterbrechung und Kurzarbeit Umfangreiches Ma\u00dfnahmenpaket zum Infektionsschutz mit dem Betriebsrat vereinbart und umgesetzt<\/p>\n<p style=\"text-align: justify;\">Die Mercedes-Benz Pkw-Werke Untert\u00fcrkheim, Berlin, Hamburg, Sindelfingen und Bremen haben nach einer Phase der Arbeitsunterbrechung und Kurzarbeit in Folge der Covid-19-Pandemie erfolgreich die Produktion wiederaufgenommen. Zun\u00e4chst sind am 20. April sukzessiv die Motoren- und Komponenten-Werke Untert\u00fcrkheim, Hamburg und Berlin gestartet, gefolgt von den Mercedes-Benz Pkw-Werken Bremen und Sindelfingen diese Woche. Am 4. Mai wird das Mercedes-Benz Werk Rastatt schrittweise wieder anlaufen. Auch die Werke K\u00f6lleda und Arnstadt (MDC Power und MDC Technology) sowie ausgew\u00e4hlte internationale Mercedes-Benz Pkw-Werke fahren Schritt f\u00fcr Schritt wieder an. Dazu geh\u00f6ren zum Beispiel die Werke in Sebes\/Cugir (Rum\u00e4nien), Kecskem\u00e9t (Ungarn) und Tuscaloosa (USA). Der Hochlauf der Produktion wird flexibel gestaltet, um auf aktuelle Entwicklungen reagieren zu k\u00f6nnen.<\/p>\n<p style=\"text-align: justify;\">Mit dem Wiederanlauf der Produktion treibt Mercedes-Benz seine Produkt- und Elektrooffensive weiter voran und bedient damit zudem seinen gr\u00f6\u00dften Absatzmarkt China, in dem das Unternehmen wieder einen deutlichen Anstieg der Nachfrage sieht. Im Werk in Untert\u00fcrkheim werden Motoren und Komponenten gefertigt, die f\u00fcr die Produktion von Mercedes-Benz Fahrzeugen in China sowie die sukzessive anlaufenden Mercedes-Benz Aufbauwerke ben\u00f6tigt werden. Analog hat auch das Mercedes-Benz Werk Berlin seine Produktion, u.a. der Motorsteuerung Camtronic, gestartet. Das Werk Hamburg produziert Achsen und Achskomponenten f\u00fcr die weltweite Fahrzeugproduktion von Mercedes-Benz. Die Batteriefabriken in Kamenz, in denen Batterien f\u00fcr die EQ-Familie sowie Antriebsbatterien f\u00fcr Plug-inHybrid-Fahrzeuge und 48-Volt-Batterien produziert werden, liefen im Rahmen der Elektrooffensive von Mercedes-Benz als wichtige strategische Anlaufthemen w\u00e4hrend der Arbeitsunterbrechung und Kurzarbeit im 2-Schichtbetrieb mit vollst\u00e4ndig entkoppelten Schichten und unter Einhaltung umfassender Schutzma\u00dfnahmen weiter.<\/p>\n<p style=\"text-align: justify;\">Im Mercedes-Benz Werk in Bremen werden nach und nach die Produktionskapazit\u00e4ten der gesamten Produktpalette gesteigert, zum Beispiel des SUV Bestsellers Mercedes-Benz GLC. Gleichzeitig wird auf derselben Linie im Rahmen der Elektrooffensive die Produktion des EQC (Stromverbrauch kombiniert: 20,8-19,7 kWh\/100 km; CO2-Emissionen kombiniert: 0 g\/km) [1] stufenweise hochgefahren. Das Werk Sindelfingen verantwortet unter anderem die Produktion der Mercedes-Benz E-Klasse sowie der S-Klasse Limousine, der in 2019 meistverkauften Luxuslimousine der Welt, f\u00fcr die China letztes Jahr erneut der gr\u00f6\u00dfte Markt war. Auch die elektrifizierten Modelle der E- und S-Klasse, die Hybrid und Plug-in-Hybrid-Variante, werden im Mercedes-Benz Werk Sindelfingen produziert.<\/p>\n<p style=\"text-align: justify;\">Zum Schutz der Mitarbeiter hat das Unternehmen Vorkehrungen zum Infektionsschutz getroffen und ein umfassendes Ma\u00dfnahmenpaket mit dem Betriebsrat vereinbart, dass in den Werken eingef\u00fchrt wurde. Dazu geh\u00f6ren Hygiene- und Reinigungsstandards, sowie Regelungen zum Mindestabstand von 1,5 Metern und der Einsatz von Mund-Nasen-Masken in der Produktion.<\/p>\n<p style=\"text-align: justify;\">Vor dem Hintergrund der COVID-19-Pandemie hatte Daimler entschieden, den Gro\u00dfteil seiner Produktion sowie die Arbeit in ausgew\u00e4hlten Verwaltungsbereichen in Europa f\u00fcr zun\u00e4chst zwei Wochen (23. M\u00e4rz bis einschlie\u00dflich 5. April 2020) zu unterbrechen. Danach folgte ab dem 6. April Kurzarbeit in Deutschland. Die Situation innerhalb des Unternehmens bleibt sehr unterschiedlich. In einzelnen Bereichen wird die Kurzarbeit fortgesetzt. Von der Kurzarbeit sind sowohl Pkw-, als auch Transporter- und Nutzfahrzeug-Werke des Unternehmens in Deutschland betroffen. Notwendige Grundfunktionen sowie Zukunftsthemen und strategische Projekte sind von der Kurzarbeit ausgenommen, um nach der Krise wieder voll durchstarten zu k\u00f6nnen.<\/p>\n<p style=\"text-align: justify;\">F\u00fcr die internationalen Standorte gelten jeweils l\u00e4nderspezifische Regelungen. Der Konzern orientiert sich dabei an den Empfehlungen der internationalen, nationalen und lokalen Beh\u00f6rden. Das Daimler-Management beobachtet die Lage stetig und wird, wenn notwendig, weitere Ma\u00dfnahmen einleiten.<\/p>\n<p style=\"text-align: justify;\">J\u00f6rg Burzer, Mitglied des Vorstandes der Mercedes-Benz AG, Produktion und Supply Chain Management: \u201eIch freue mich gemeinsam mit der gesamten Mannschaft, dass wir unsere Produktion koordiniert und sukzessive wieder hochfahren. Flexibilit\u00e4t ist hier das entscheidende Stichwort: Die Flexibilit\u00e4t unserer Werke ist eines unserer strategischen Fokusthemen in der Produktion und hilft uns auch jetzt beim Wiederanlauf. Unsere erste Priorit\u00e4t ist es, die Ausbreitung der COVID-19-Pandemie einzud\u00e4mmen und unseren Mitarbeitern sowie Lieferanten und Dienstleistern ein sicheres Arbeitsumfeld zu bieten. Wir produzieren unter Einhaltung umfangreicher Sicherheitsma\u00dfnahmen und erh\u00f6hen Schritt f\u00fcr Schritt unsere Produktion.\u201c<\/p>\n<p style=\"text-align: justify;\">Frank Dei\u00df, Leiter Produktion Powertrain Mercedes-Benz Cars und Standortverantwortlicher des Mercedes-Benz Werks Untert\u00fcrkheim: \u201eUnsere Powertrain-Werke beliefern die Mercedes-Benz Pkw-Werke auf der ganzen Welt. Um die ben\u00f6tigten Produktionskapazit\u00e4ten dort abzusichern, haben wir den Betrieb in den Powertrain Werken Hamburg, Berlin und Untert\u00fcrkheim bereits vergangene Woche stufenweise wiederaufgenommen. Das betrifft beispielsweise die Camtronic Produktion im Mercedes-Benz Werk Berlin, wo Bauteile f\u00fcr die Motorsteuerung f\u00fcr unsere Produktion in China gefertigt werden. Ich danke der hochmotivierten Mannschaft, dass sie den erfolgreichen Anlauf unserer Werke m\u00f6glich macht.\u201c<\/p>\n<p style=\"text-align: justify;\">Michael H\u00e4berle, Betriebsratsvorsitzender des Mercedes-Benz Werks Untert\u00fcrkheim: \u201eWir haben in k\u00fcrzester Zeit umfangreiche Schutzma\u00dfnahmen ausgearbeitet und an unserem Standort umgesetzt. Diese gilt es jetzt kontinuierlich anzupassen \u2013 dabei legen wir gro\u00dfen Wert auf die R\u00fcckmeldung unserer Kolleginnen und Kollegen. Alles was gerade passiert, ist Teil eines gro\u00dfen Lernprozesses. Denn der richtige Schutz beginnt bereits auf dem Weg zur Arbeit und die Sicherheitskonzepte gelten in der Produktion genauso wie in den B\u00fcros oder w\u00e4hrend der Pausen. Die vielen Ma\u00dfnahmen sind an der einen oder anderen Stelle sicherlich noch ungewohnt \u2013 aber wichtig, um jeden Einzelnen zu sch\u00fctzen. Ich bin froh, dass wir hier alle an einem Strang ziehen!\u201c<\/p>\n<p style=\"text-align: justify;\">Michael Bauer, Leiter der Produktion des Mercedes-Benz Werks Sindelfingen und Standortverantwortlicher: \u201eUnsere E- und S-Klasse Montage f\u00e4hrt seit dieser Woche sukzessive und sehr flexibel hoch, damit wir auch kurzfristig auf aktuelle Entwicklungen reagieren k\u00f6nnen. Wir steigern unsere Produktionsvolumina in den n\u00e4chsten Tagen und Wochen schrittweise, um schnellstm\u00f6glich wieder voll durchstarten zu k\u00f6nnen. F\u00fcr das erfolgreiche Managen des koordinierten Wiederanfahrens sind unsere qualifizierten, engagierten und motivierten Mitarbeiter der Schl\u00fcssel.\u201c<\/p>\n<p style=\"text-align: justify;\">Ergun L\u00fcmali, Betriebsratsvorsitzender am Mercedes-Benz-Standort Sindelfingen: \u201eDer Schutz der Gesundheit unserer Besch\u00e4ftigten ist das A und O beim Wiederanlauf der Produktion. Daf\u00fcr haben wir ein umfangreiches Paket an Schutz- und Hygienema\u00dfnahmen geschn\u00fcrt, die von der Belegschaft gut angenommen werden. Das Spektrum reicht von der Einhaltung der Hygiene- und Abstandsregelungen bis zum Einsatz von Schutzmasken. Unser Anspruch ist, dass sich unsere Besch\u00e4ftigten, wenn sie wieder ins Werk kommen, bei der Arbeit besser gesch\u00fctzt als im \u00f6ffentlichen Bereich f\u00fchlen. Die Wiederaufnahme der Produktion ist f\u00fcr unsere Belegschaft ein positives Signal.\u201c<\/p>\n<hr \/>\n<p style=\"text-align: justify;\">\n","protected":false},"excerpt":{"rendered":"<p>Mercedes-Benz Pkw-Werke laufen erfolgreich wieder an Erfolgreicher sukzessiver Produktionsstart in den Mercedes-Benz Werken Untert\u00fcrkheim, Berlin, Hamburg, Sindelfingen und Bremen nach Arbeitsunterbrechung und Kurzarbeit Umfangreiches Ma\u00dfnahmenpaket zum Infektionsschutz mit dem Betriebsrat vereinbart und umgesetzt Die Mercedes-Benz Pkw-Werke Untert\u00fcrkheim, Berlin, Hamburg, Sindelfingen und Bremen haben nach einer Phase der Arbeitsunterbrechung und Kurzarbeit in Folge der Covid-19-Pandemie erfolgreich [&hellip;]<\/p>\n","protected":false},"author":4,"featured_media":138612,"comment_status":"closed","ping_status":"open","sticky":false,"template":"","format":"standard","meta":{"inline_featured_image":false,"_exactmetrics_skip_tracking":false,"_exactmetrics_sitenote_active":false,"_exactmetrics_sitenote_note":"","_exactmetrics_sitenote_category":0,"footnotes":""},"categories":[59,479],"tags":[16658,709,14857,5,518,68,15160,14685,9],"class_list":{"0":"post-138611","1":"post","2":"type-post","3":"status-publish","4":"format-standard","5":"has-post-thumbnail","7":"category-aktuell","8":"category-wirtschaft","9":"tag-anlauf","10":"tag-daimler","11":"tag-die-webzeitung","12":"tag-internetzeitung","13":"tag-mercedes-benz","14":"tag-online-zeitung","15":"tag-pkw","16":"tag-produktion","17":"tag-schaumedia"},"image_feature":"https:\/\/die-webzeitung.de\/stuttgart\/wp-content\/uploads\/sites\/4\/2020\/05\/20C0207_009.jpg","author_name":"Redaktion","pure_taxonomies":{"categories":[{"term_id":59,"name":"Aktuell","slug":"aktuell","term_group":0,"term_taxonomy_id":60,"taxonomy":"category","description":"","parent":0,"count":1017,"filter":"raw","image":""},{"term_id":479,"name":"Wirtschaft","slug":"wirtschaft","term_group":0,"term_taxonomy_id":1941,"taxonomy":"category","description":"","parent":0,"count":281,"filter":"raw","image":""}],"tags":[{"term_id":16658,"name":"Anlauf","slug":"anlauf","term_group":0,"term_taxonomy_id":16677,"taxonomy":"post_tag","description":"","parent":0,"count":1,"filter":"raw","image":""},{"term_id":709,"name":"Daimler","slug":"daimler","term_group":0,"term_taxonomy_id":717,"taxonomy":"post_tag","description":"","parent":0,"count":10,"filter":"raw","image":""},{"term_id":14857,"name":"Die-Webzeitung","slug":"die-webzeitung","term_group":0,"term_taxonomy_id":14876,"taxonomy":"post_tag","description":"","parent":0,"count":3623,"filter":"raw","image":""},{"term_id":5,"name":"Internetzeitung","slug":"internetzeitung","term_group":0,"term_taxonomy_id":5,"taxonomy":"post_tag","description":"","parent":0,"count":1461,"filter":"raw","image":""},{"term_id":518,"name":"Mercedes-Benz","slug":"mercedes-benz","term_group":0,"term_taxonomy_id":525,"taxonomy":"post_tag","description":"","parent":0,"count":8,"filter":"raw","image":""},{"term_id":68,"name":"Online-Zeitung","slug":"online-zeitung","term_group":0,"term_taxonomy_id":69,"taxonomy":"post_tag","description":"","parent":0,"count":3593,"filter":"raw","image":""},{"term_id":15160,"name":"PKW","slug":"pkw","term_group":0,"term_taxonomy_id":15179,"taxonomy":"post_tag","description":"","parent":0,"count":3,"filter":"raw","image":""},{"term_id":14685,"name":"Produktion","slug":"produktion","term_group":0,"term_taxonomy_id":14704,"taxonomy":"post_tag","description":"","parent":0,"count":3,"filter":"raw","image":""},{"term_id":9,"name":"SchauMedia","slug":"schaumedia","term_group":0,"term_taxonomy_id":9,"taxonomy":"post_tag","description":"","parent":0,"count":1607,"filter":"raw","image":""}]},"_links":{"self":[{"href":"https:\/\/die-webzeitung.de\/stuttgart\/wp-json\/wp\/v2\/posts\/138611","targetHints":{"allow":["GET"]}}],"collection":[{"href":"https:\/\/die-webzeitung.de\/stuttgart\/wp-json\/wp\/v2\/posts"}],"about":[{"href":"https:\/\/die-webzeitung.de\/stuttgart\/wp-json\/wp\/v2\/types\/post"}],"author":[{"embeddable":true,"href":"https:\/\/die-webzeitung.de\/stuttgart\/wp-json\/wp\/v2\/users\/4"}],"replies":[{"embeddable":true,"href":"https:\/\/die-webzeitung.de\/stuttgart\/wp-json\/wp\/v2\/comments?post=138611"}],"version-history":[{"count":1,"href":"https:\/\/die-webzeitung.de\/stuttgart\/wp-json\/wp\/v2\/posts\/138611\/revisions"}],"predecessor-version":[{"id":138613,"href":"https:\/\/die-webzeitung.de\/stuttgart\/wp-json\/wp\/v2\/posts\/138611\/revisions\/138613"}],"wp:featuredmedia":[{"embeddable":true,"href":"https:\/\/die-webzeitung.de\/stuttgart\/wp-json\/wp\/v2\/media\/138612"}],"wp:attachment":[{"href":"https:\/\/die-webzeitung.de\/stuttgart\/wp-json\/wp\/v2\/media?parent=138611"}],"wp:term":[{"taxonomy":"category","embeddable":true,"href":"https:\/\/die-webzeitung.de\/stuttgart\/wp-json\/wp\/v2\/categories?post=138611"},{"taxonomy":"post_tag","embeddable":true,"href":"https:\/\/die-webzeitung.de\/stuttgart\/wp-json\/wp\/v2\/tags?post=138611"}],"curies":[{"name":"wp","href":"https:\/\/api.w.org\/{rel}","templated":true}]}}