{"id":138605,"date":"2020-04-30T16:51:11","date_gmt":"2020-04-30T15:51:11","guid":{"rendered":"https:\/\/die-webzeitung.de\/stuttgart\/?p=138605"},"modified":"2020-04-30T16:51:11","modified_gmt":"2020-04-30T15:51:11","slug":"neue-schule-auf-dem-saeer-freut-sich-auf-schueler","status":"publish","type":"post","link":"https:\/\/die-webzeitung.de\/stuttgart\/2020\/04\/30\/neue-schule-auf-dem-saeer-freut-sich-auf-schueler\/","title":{"rendered":"Neue Schule auf dem S\u00e4er freut sich auf Sch\u00fcler"},"content":{"rendered":"<p style=\"text-align: justify;\">Am Montag, 4. Mai 2020 starten 400 von 980 Sch\u00fcler der Albert-Sch\u00e4ffle-Schule ihren Schulalltag im neuen Schulhaus.<\/p>\n<p style=\"text-align: justify;\">Landrat Heinz Eininger bei einem Besuch der Schule am vergangenen Mittwoch: \u201eDas neue Geb\u00e4ude ist gelungen und bietet mit viel Transparenz eine hervorragende Lernatmosph\u00e4re und f\u00fcgt sich gelungen in die umgebende Schul- und Krankenhauslandschaft auf dem S\u00e4er ein.\u201c<\/p>\n<p style=\"text-align: justify;\">Schulleiter Thomas Gundelsweiler dankte dem Landrat f\u00fcr die Stippvisite und unterstrich die hervorragende Zusammenarbeit mit der Kreisverwaltung. \u201eWir f\u00fchlen uns wohl bei unserem Schultr\u00e4ger und haben in den vergangenen Wochen extreme Unterst\u00fctzung durch den Landkreis erfahren. In diesen lichtdurchfluteten modernen Schulr\u00e4umen macht es richtig Spa\u00df, gemeinsam mit den Sch\u00fclern den Unterricht zu gestalten\u201c, so der Schulleiter.<\/p>\n<p style=\"text-align: justify;\">Auf einer Bruttogeschossfl\u00e4che von 9.379 qm werden k\u00fcnftig die Sch\u00fcler der Albert-Sch\u00e4ffle-Schule und teilweise der Fritz-Ruoff-Schule den Anforderungen an eine moderne berufliche Schulausbildung gerecht werdende Infrastruktur vorfinden. Nach einem Baubeschluss durch den Kreistag im Oktober 2017 startete offiziell die Realisierung mit dem Baggerbiss am 3. Mai 2018. Das rd. 28 Mio. \u20ac teure Geb\u00e4ude wurde in nahezu zwei Jahren fertiggestellt, so dass bereits in den Osterferien die Umz\u00fcge stattfinden konnten. \u201eWir konnten fast unser gesamtes Mobiliar aus der alten Schule mitnehmen\u201c so Gundelsweiler.<\/p>\n<p style=\"text-align: justify;\">\u201eEin Glanzpunkt der Schule ist unsere gro\u00dfe Haupthalle. Sie wird k\u00fcnftig das Zentrum unseres Schullebens sein\u201c, so der Schulleiter weiter. Sie sei flexibel nutzbar und biete bestuhlt Platz f\u00fcr 400 Sch\u00fcler.<\/p>\n<p style=\"text-align: justify;\">\u201eAuch aus \u00f6kologischer Sicht kann die weitgehend CO<sub>2<\/sub>-neutrale Schule einiges bieten\u201c, so der Landrat. Intelligente L\u00fcftungssysteme, eine Adiabate K\u00fchlung, Grauwassernutzung f\u00fcr die WC-Anlagen sowie eine Photovoltaikanlage seien nur einige Beispiele hierf\u00fcr.<\/p>\n<p style=\"text-align: justify;\">\u201eDie beruflichen Schulen sind ein wichtiger Baustein in unserem Bildungssystem. Sie bieten einen durchgehenden Aufstieg in den Berufsabschl\u00fcssen bis hin zum Abitur an und sind als Partner der Wirtschaft in der dualen Ausbildung Garant f\u00fcr eine zukunftsorientierte Fachkr\u00e4ftequalifizierung in unserem Land\u201c, so Landrat Heinz Eininger abschlie\u00dfend.<\/p>\n<hr \/>\n<p style=\"text-align: justify;\">\n","protected":false},"excerpt":{"rendered":"<p>Am Montag, 4. Mai 2020 starten 400 von 980 Sch\u00fcler der Albert-Sch\u00e4ffle-Schule ihren Schulalltag im neuen Schulhaus. Landrat Heinz Eininger bei einem Besuch der Schule am vergangenen Mittwoch: \u201eDas neue Geb\u00e4ude ist gelungen und bietet mit viel Transparenz eine hervorragende Lernatmosph\u00e4re und f\u00fcgt sich gelungen in die umgebende Schul- und Krankenhauslandschaft auf dem S\u00e4er ein.\u201c [&hellip;]<\/p>\n","protected":false},"author":4,"featured_media":138606,"comment_status":"closed","ping_status":"open","sticky":false,"template":"","format":"standard","meta":{"inline_featured_image":false,"_exactmetrics_skip_tracking":false,"_exactmetrics_sitenote_active":false,"_exactmetrics_sitenote_note":"","_exactmetrics_sitenote_category":0,"footnotes":""},"categories":[59,2247],"tags":[16655,14857,14440,5,68,9],"class_list":{"0":"post-138605","1":"post","2":"type-post","3":"status-publish","4":"format-standard","5":"has-post-thumbnail","7":"category-aktuell","8":"category-kreis-esslingen","9":"tag-albert-schaeffle-schule","10":"tag-die-webzeitung","11":"tag-esslingen","12":"tag-internetzeitung","13":"tag-online-zeitung","14":"tag-schaumedia"},"image_feature":"https:\/\/die-webzeitung.de\/stuttgart\/wp-content\/uploads\/sites\/4\/2020\/04\/80-2020-Bild-1.jpg","author_name":"Redaktion","pure_taxonomies":{"categories":[{"term_id":59,"name":"Aktuell","slug":"aktuell","term_group":0,"term_taxonomy_id":60,"taxonomy":"category","description":"","parent":0,"count":1017,"filter":"raw","image":""},{"term_id":2247,"name":"Kreis Esslingen","slug":"kreis-esslingen","term_group":0,"term_taxonomy_id":2260,"taxonomy":"category","description":"Informationen aus dem Landkreis Esslingen","parent":171,"count":214,"filter":"raw","image":""}],"tags":[{"term_id":16655,"name":"Albert-Sch\u00e4ffle-Schule","slug":"albert-schaeffle-schule","term_group":0,"term_taxonomy_id":16674,"taxonomy":"post_tag","description":"","parent":0,"count":1,"filter":"raw","image":""},{"term_id":14857,"name":"Die-Webzeitung","slug":"die-webzeitung","term_group":0,"term_taxonomy_id":14876,"taxonomy":"post_tag","description":"","parent":0,"count":3623,"filter":"raw","image":""},{"term_id":14440,"name":"Esslingen","slug":"esslingen","term_group":0,"term_taxonomy_id":3885,"taxonomy":"post_tag","description":"","parent":0,"count":202,"filter":"raw","image":""},{"term_id":5,"name":"Internetzeitung","slug":"internetzeitung","term_group":0,"term_taxonomy_id":5,"taxonomy":"post_tag","description":"","parent":0,"count":1461,"filter":"raw","image":""},{"term_id":68,"name":"Online-Zeitung","slug":"online-zeitung","term_group":0,"term_taxonomy_id":69,"taxonomy":"post_tag","description":"","parent":0,"count":3593,"filter":"raw","image":""},{"term_id":9,"name":"SchauMedia","slug":"schaumedia","term_group":0,"term_taxonomy_id":9,"taxonomy":"post_tag","description":"","parent":0,"count":1607,"filter":"raw","image":""}]},"_links":{"self":[{"href":"https:\/\/die-webzeitung.de\/stuttgart\/wp-json\/wp\/v2\/posts\/138605","targetHints":{"allow":["GET"]}}],"collection":[{"href":"https:\/\/die-webzeitung.de\/stuttgart\/wp-json\/wp\/v2\/posts"}],"about":[{"href":"https:\/\/die-webzeitung.de\/stuttgart\/wp-json\/wp\/v2\/types\/post"}],"author":[{"embeddable":true,"href":"https:\/\/die-webzeitung.de\/stuttgart\/wp-json\/wp\/v2\/users\/4"}],"replies":[{"embeddable":true,"href":"https:\/\/die-webzeitung.de\/stuttgart\/wp-json\/wp\/v2\/comments?post=138605"}],"version-history":[{"count":1,"href":"https:\/\/die-webzeitung.de\/stuttgart\/wp-json\/wp\/v2\/posts\/138605\/revisions"}],"predecessor-version":[{"id":138607,"href":"https:\/\/die-webzeitung.de\/stuttgart\/wp-json\/wp\/v2\/posts\/138605\/revisions\/138607"}],"wp:featuredmedia":[{"embeddable":true,"href":"https:\/\/die-webzeitung.de\/stuttgart\/wp-json\/wp\/v2\/media\/138606"}],"wp:attachment":[{"href":"https:\/\/die-webzeitung.de\/stuttgart\/wp-json\/wp\/v2\/media?parent=138605"}],"wp:term":[{"taxonomy":"category","embeddable":true,"href":"https:\/\/die-webzeitung.de\/stuttgart\/wp-json\/wp\/v2\/categories?post=138605"},{"taxonomy":"post_tag","embeddable":true,"href":"https:\/\/die-webzeitung.de\/stuttgart\/wp-json\/wp\/v2\/tags?post=138605"}],"curies":[{"name":"wp","href":"https:\/\/api.w.org\/{rel}","templated":true}]}}