{"id":138603,"date":"2020-04-30T16:38:18","date_gmt":"2020-04-30T15:38:18","guid":{"rendered":"https:\/\/die-webzeitung.de\/stuttgart\/?p=138603"},"modified":"2020-04-30T16:38:18","modified_gmt":"2020-04-30T15:38:18","slug":"landratsamt-weitet-dienstbetrieb-ab-4-mai-aus","status":"publish","type":"post","link":"https:\/\/die-webzeitung.de\/stuttgart\/2020\/04\/30\/landratsamt-weitet-dienstbetrieb-ab-4-mai-aus\/","title":{"rendered":"Landratsamt weitet Dienstbetrieb ab 4. Mai aus"},"content":{"rendered":"<ul>\n<li style=\"text-align: justify;\"><strong>Verwaltung l\u00e4sst mehr Publikumsfrequenz zu<\/strong><\/li>\n<li style=\"text-align: justify;\"><strong>Zutritt weiterhin nur nach vorheriger Terminvereinbarung<\/strong><\/li>\n<li style=\"text-align: justify;\"><strong>Besucher m\u00fcssen Masken tragen<\/strong><\/li>\n<\/ul>\n<p style=\"text-align: justify;\"><strong>Kreis B\u00f6blingen.| <\/strong>Zur Bek\u00e4mpfung der Corona-Ausbreitung hatte das Landratsamt B\u00f6blingen seinen Dienstbetrieb seit Mitte M\u00e4rz stark eingeschr\u00e4nkt. Nun weitet die Kreisverwaltung den Dienstbetrieb wieder aus und l\u00e4sst mehr Publikumsfrequenz zu. F\u00fcr Besucher gelten jedoch weiterhin Einschr\u00e4nkungen mit dem Ziel Ansteckungen zu vermeiden.<\/p>\n<p style=\"text-align: justify;\">Besucher werden dazu angehalten beim Betreten der Geb\u00e4ude eine Mund-Nasen-Schutzmaske zu tragen. Der Zutritt ist weiterhin nur m\u00f6glich, wenn vorab ein Termin vereinbart wurde. Die Terminbest\u00e4tigung ist am Eingang vorzuzeigen. Die allgemein g\u00fcltigen Hygienevorschriften sowie die Einhaltung des Mindestabstandes von 1,5 m sind unbedingt einzuhalten.<\/p>\n<p style=\"text-align: justify;\">Landrat Roland Bernhard wirbt um Verst\u00e4ndnis: \u201eWir m\u00fcssen die Zahl der Beh\u00f6rdeng\u00e4nge wie bisher \u00fcber Terminvergaben kontrollieren. Nur mit gro\u00dfer M\u00fche haben wir die Ausbreitung des Virus gebremst, diesen Erfolg setzen wir nicht aufs Spiel. Dennoch wollen wir Wartezeiten f\u00fcr B\u00fcrgeranliegen so kurz wie m\u00f6glich halten.\u201c<\/p>\n<p style=\"text-align: justify;\">Die Rath\u00e4user und das Landratsamt sind weiter telefonisch oder per E-Mail erreichbar. Auf der Webseite des Landkreises finden sich die Informationen und Kontaktdaten zur Terminvereinbarung.<\/p>\n<hr \/>\n<p style=\"text-align: justify;\">\n","protected":false},"excerpt":{"rendered":"<p>Verwaltung l\u00e4sst mehr Publikumsfrequenz zu Zutritt weiterhin nur nach vorheriger Terminvereinbarung Besucher m\u00fcssen Masken tragen Kreis B\u00f6blingen.| Zur Bek\u00e4mpfung der Corona-Ausbreitung hatte das Landratsamt B\u00f6blingen seinen Dienstbetrieb seit Mitte M\u00e4rz stark eingeschr\u00e4nkt. Nun weitet die Kreisverwaltung den Dienstbetrieb wieder aus und l\u00e4sst mehr Publikumsfrequenz zu. F\u00fcr Besucher gelten jedoch weiterhin Einschr\u00e4nkungen mit dem Ziel Ansteckungen [&hellip;]<\/p>\n","protected":false},"author":4,"featured_media":0,"comment_status":"closed","ping_status":"open","sticky":false,"template":"","format":"standard","meta":{"inline_featured_image":false,"_exactmetrics_skip_tracking":false,"_exactmetrics_sitenote_active":false,"_exactmetrics_sitenote_note":"","_exactmetrics_sitenote_category":0,"footnotes":""},"categories":[2246],"tags":[3061,14857,5,15022,68],"class_list":{"0":"post-138603","1":"post","2":"type-post","3":"status-publish","4":"format-standard","6":"category-kreis-boeblingen","7":"tag-boblingen","8":"tag-die-webzeitung","9":"tag-internetzeitung","10":"tag-landratsamt","11":"tag-online-zeitung"},"image_feature":null,"author_name":"Redaktion","pure_taxonomies":{"categories":[{"term_id":2246,"name":"Kreis B\u00f6blingen","slug":"kreis-boeblingen","term_group":0,"term_taxonomy_id":2259,"taxonomy":"category","description":"","parent":171,"count":197,"filter":"raw","image":""}],"tags":[{"term_id":3061,"name":"B\u00f6blingen","slug":"boblingen","term_group":0,"term_taxonomy_id":3075,"taxonomy":"post_tag","description":"","parent":0,"count":260,"filter":"raw","image":""},{"term_id":14857,"name":"Die-Webzeitung","slug":"die-webzeitung","term_group":0,"term_taxonomy_id":14876,"taxonomy":"post_tag","description":"","parent":0,"count":3623,"filter":"raw","image":""},{"term_id":5,"name":"Internetzeitung","slug":"internetzeitung","term_group":0,"term_taxonomy_id":5,"taxonomy":"post_tag","description":"","parent":0,"count":1461,"filter":"raw","image":""},{"term_id":15022,"name":"Landratsamt","slug":"landratsamt","term_group":0,"term_taxonomy_id":15041,"taxonomy":"post_tag","description":"","parent":0,"count":11,"filter":"raw","image":""},{"term_id":68,"name":"Online-Zeitung","slug":"online-zeitung","term_group":0,"term_taxonomy_id":69,"taxonomy":"post_tag","description":"","parent":0,"count":3593,"filter":"raw","image":""}]},"_links":{"self":[{"href":"https:\/\/die-webzeitung.de\/stuttgart\/wp-json\/wp\/v2\/posts\/138603","targetHints":{"allow":["GET"]}}],"collection":[{"href":"https:\/\/die-webzeitung.de\/stuttgart\/wp-json\/wp\/v2\/posts"}],"about":[{"href":"https:\/\/die-webzeitung.de\/stuttgart\/wp-json\/wp\/v2\/types\/post"}],"author":[{"embeddable":true,"href":"https:\/\/die-webzeitung.de\/stuttgart\/wp-json\/wp\/v2\/users\/4"}],"replies":[{"embeddable":true,"href":"https:\/\/die-webzeitung.de\/stuttgart\/wp-json\/wp\/v2\/comments?post=138603"}],"version-history":[{"count":1,"href":"https:\/\/die-webzeitung.de\/stuttgart\/wp-json\/wp\/v2\/posts\/138603\/revisions"}],"predecessor-version":[{"id":138604,"href":"https:\/\/die-webzeitung.de\/stuttgart\/wp-json\/wp\/v2\/posts\/138603\/revisions\/138604"}],"wp:attachment":[{"href":"https:\/\/die-webzeitung.de\/stuttgart\/wp-json\/wp\/v2\/media?parent=138603"}],"wp:term":[{"taxonomy":"category","embeddable":true,"href":"https:\/\/die-webzeitung.de\/stuttgart\/wp-json\/wp\/v2\/categories?post=138603"},{"taxonomy":"post_tag","embeddable":true,"href":"https:\/\/die-webzeitung.de\/stuttgart\/wp-json\/wp\/v2\/tags?post=138603"}],"curies":[{"name":"wp","href":"https:\/\/api.w.org\/{rel}","templated":true}]}}