{"id":138587,"date":"2020-04-29T15:55:56","date_gmt":"2020-04-29T14:55:56","guid":{"rendered":"https:\/\/die-webzeitung.de\/stuttgart\/?p=138587"},"modified":"2020-04-29T15:55:56","modified_gmt":"2020-04-29T14:55:56","slug":"absage-des-sommerfestivals-der-kulturen-2020","status":"publish","type":"post","link":"https:\/\/die-webzeitung.de\/stuttgart\/2020\/04\/29\/absage-des-sommerfestivals-der-kulturen-2020\/","title":{"rendered":"Absage des Sommerfestivals der Kulturen 2020"},"content":{"rendered":"<ul>\n<li style=\"text-align: justify;\"><strong>Coronakrise erfordert Absage des Sommerfestivals der Kulturen 2020<\/strong><\/li>\n<li style=\"text-align: justify;\"><strong>\u201eAusfall des Festivals hinterl\u00e4sst gro\u00dfe L\u00fccke in der Stadtgesellschaft\u201c<\/strong><\/li>\n<\/ul>\n<p style=\"text-align: justify;\">Stuttgart.| Auch f\u00fcr das Forum der Kulturen Stuttgart e. V. f\u00fchrt am drastischsten aller Schritte in diesem Veranstaltungsjahr kein Weg vorbei: Aufgrund der aktuellen Gef\u00e4hrdungslage durch die Infektionskrankheit COVID-19 muss das Sommerfestival der Kulturen 2020, das vom 14. bis 19. Juli auf dem Stuttgarter Marktplatz stattfinden sollte, leider abgesagt werden.<\/p>\n<p style=\"text-align: justify;\">\u00a0\u201eWir sind traurig, doch der Schutz der Gesundheit der Bev\u00f6lkerung steht auch f\u00fcr uns an oberster Stelle,\u201c meint Sami Aras, Vorsitzender des Forums der Kulturen. \u201eDie Absage des diesj\u00e4hrigen Sommerfestivals der Kulturen hinterl\u00e4sst einen gro\u00dfen Leerraum in der Stadt \u2013 nirgendwo anders wird die kulturelle Vielfalt Stuttgarts auf eine so fr\u00f6hliche Weise sicht- und erlebbar wie hier. Egal welche Herkunft, welches Alter oder Geschlecht \u2013 alle feiern gemeinsam bei unserem Festival jedes Jahr unbeschwert und ausgelassen, einen besseren Kitt f\u00fcr die Stadtgesellschaft gibt es nicht.\u201c<\/p>\n<p style=\"text-align: justify;\">Der Gesch\u00e4ftsf\u00fchrer des Forums, Rolf Graser, erg\u00e4nzt: \u201eGerade in den heutigen Zeiten, in denen Hass, Ausgrenzung und Rassismus wieder zunehmend eine Bedrohung darstellen, w\u00e4ren Anl\u00e4sse des interkulturellen Miteinanders und der Begegnung n\u00f6tiger denn je. Besonders schmerzhaft ist die Absage des Festivals f\u00fcr die vielen Migrantenvereine, f\u00fcr die das Festival nicht zuletzt auch in finanzieller Hinsicht von zentraler Bedeutung ist.\u201c Auch wenn sich eine solche L\u00fccke schwerlich schlie\u00dfen l\u00e4sst: Die K\u00f6pfe der Gesch\u00e4ftsstellen-Mitarbeiter*innen rauchen bereits im Hinblick auf kreative Aktionen, mit denen man diese L\u00fccke zumindest ein bisschen f\u00fcllen m\u00f6chte. \u201eGerade in schwierigen Zeiten ist kulturelle Vielfalt ein hohes Gut, das nicht in Vergessenheit geraten darf\u201c, betont Rolf Graser.<\/p>\n<p style=\"text-align: justify;\">Besonders bedauert er, dass das hochkar\u00e4tige Line-Up f\u00fcr dieses Jahr Geschichte ist. International bekannte Weltmusiker*innen der Spitzenklasse standen urspr\u00fcnglich auf dem Programm, wie der Afro-Beat-Pionier Ray Lema aus der Demokratischen Republik Kongo und seine neunk\u00f6pfige All-Star-Band, die mit ihrem eigentlich geplanten Auftritt eine Hommage an den legend\u00e4ren African-Rumba-Begr\u00fcnder Franco Luambo auf die Festivalb\u00fchne bringen wollten. Oder Dudu Tassa, einer der bekanntesten Rockmusiker Israels \u2013 er w\u00e4re zusammen mit seiner aus dem Irak stammenden und mehrfach ausgezeichneten Arab-Oriental-Rockband The Kuwaitis nach Stuttgart angereist. \u201eAber aufgeschoben ist ja nicht automatisch aufgehoben\u201c, erg\u00e4nzt Graser optimistisch. \u201eWir hoffen, dass zumindest einige davon dann 2021 mit von der Partie sein werden.\u201c<\/p>\n<p style=\"text-align: justify;\">Ein besonderer Dank der Veranstalter gilt den zahlreichen Ehrenamtlichen, Sponsoren und Partnern, die dieses Jahr bereit gewesen w\u00e4ren, das Festival zu unterst\u00fctzen. \u201eViele von ihnen sind lange Jahre oder sogar von Anfang an dabei, ohne sie g\u00e4be es das Festival in dieser Form nicht\u201c, so Graser.<\/p>\n<hr \/>\n<p style=\"text-align: justify;\">\n","protected":false},"excerpt":{"rendered":"<p>Coronakrise erfordert Absage des Sommerfestivals der Kulturen 2020 \u201eAusfall des Festivals hinterl\u00e4sst gro\u00dfe L\u00fccke in der Stadtgesellschaft\u201c Stuttgart.| Auch f\u00fcr das Forum der Kulturen Stuttgart e. V. f\u00fchrt am drastischsten aller Schritte in diesem Veranstaltungsjahr kein Weg vorbei: Aufgrund der aktuellen Gef\u00e4hrdungslage durch die Infektionskrankheit COVID-19 muss das Sommerfestival der Kulturen 2020, das vom 14. [&hellip;]<\/p>\n","protected":false},"author":4,"featured_media":0,"comment_status":"closed","ping_status":"open","sticky":false,"template":"","format":"standard","meta":{"inline_featured_image":false,"_exactmetrics_skip_tracking":false,"_exactmetrics_sitenote_active":false,"_exactmetrics_sitenote_note":"","_exactmetrics_sitenote_category":0,"footnotes":""},"categories":[59,2239],"tags":[14857,5,9083,68,9,12654,275],"class_list":{"0":"post-138587","1":"post","2":"type-post","3":"status-publish","4":"format-standard","6":"category-aktuell","7":"category-stuttgart-lokal","8":"tag-die-webzeitung","9":"tag-internetzeitung","10":"tag-kulturen","11":"tag-online-zeitung","12":"tag-schaumedia","13":"tag-sommerfestival","14":"tag-stuttgart"},"image_feature":null,"author_name":"Redaktion","pure_taxonomies":{"categories":[{"term_id":59,"name":"Aktuell","slug":"aktuell","term_group":0,"term_taxonomy_id":60,"taxonomy":"category","description":"","parent":0,"count":1017,"filter":"raw","image":""},{"term_id":2239,"name":"Stuttgart","slug":"stuttgart-lokal","term_group":0,"term_taxonomy_id":2252,"taxonomy":"category","description":"Berichte und Informationen aus Stuttgart","parent":1433,"count":941,"filter":"raw","image":""}],"tags":[{"term_id":14857,"name":"Die-Webzeitung","slug":"die-webzeitung","term_group":0,"term_taxonomy_id":14876,"taxonomy":"post_tag","description":"","parent":0,"count":3623,"filter":"raw","image":""},{"term_id":5,"name":"Internetzeitung","slug":"internetzeitung","term_group":0,"term_taxonomy_id":5,"taxonomy":"post_tag","description":"","parent":0,"count":1461,"filter":"raw","image":""},{"term_id":9083,"name":"Kulturen","slug":"kulturen","term_group":0,"term_taxonomy_id":9108,"taxonomy":"post_tag","description":"","parent":0,"count":4,"filter":"raw","image":""},{"term_id":68,"name":"Online-Zeitung","slug":"online-zeitung","term_group":0,"term_taxonomy_id":69,"taxonomy":"post_tag","description":"","parent":0,"count":3593,"filter":"raw","image":""},{"term_id":9,"name":"SchauMedia","slug":"schaumedia","term_group":0,"term_taxonomy_id":9,"taxonomy":"post_tag","description":"","parent":0,"count":1607,"filter":"raw","image":""},{"term_id":12654,"name":"SommerFestival","slug":"sommerfestival","term_group":0,"term_taxonomy_id":12694,"taxonomy":"post_tag","description":"","parent":0,"count":1,"filter":"raw","image":""},{"term_id":275,"name":"Stuttgart","slug":"stuttgart","term_group":0,"term_taxonomy_id":281,"taxonomy":"post_tag","description":"","parent":0,"count":1194,"filter":"raw","image":""}]},"_links":{"self":[{"href":"https:\/\/die-webzeitung.de\/stuttgart\/wp-json\/wp\/v2\/posts\/138587","targetHints":{"allow":["GET"]}}],"collection":[{"href":"https:\/\/die-webzeitung.de\/stuttgart\/wp-json\/wp\/v2\/posts"}],"about":[{"href":"https:\/\/die-webzeitung.de\/stuttgart\/wp-json\/wp\/v2\/types\/post"}],"author":[{"embeddable":true,"href":"https:\/\/die-webzeitung.de\/stuttgart\/wp-json\/wp\/v2\/users\/4"}],"replies":[{"embeddable":true,"href":"https:\/\/die-webzeitung.de\/stuttgart\/wp-json\/wp\/v2\/comments?post=138587"}],"version-history":[{"count":1,"href":"https:\/\/die-webzeitung.de\/stuttgart\/wp-json\/wp\/v2\/posts\/138587\/revisions"}],"predecessor-version":[{"id":138588,"href":"https:\/\/die-webzeitung.de\/stuttgart\/wp-json\/wp\/v2\/posts\/138587\/revisions\/138588"}],"wp:attachment":[{"href":"https:\/\/die-webzeitung.de\/stuttgart\/wp-json\/wp\/v2\/media?parent=138587"}],"wp:term":[{"taxonomy":"category","embeddable":true,"href":"https:\/\/die-webzeitung.de\/stuttgart\/wp-json\/wp\/v2\/categories?post=138587"},{"taxonomy":"post_tag","embeddable":true,"href":"https:\/\/die-webzeitung.de\/stuttgart\/wp-json\/wp\/v2\/tags?post=138587"}],"curies":[{"name":"wp","href":"https:\/\/api.w.org\/{rel}","templated":true}]}}