{"id":138581,"date":"2020-04-29T15:38:40","date_gmt":"2020-04-29T14:38:40","guid":{"rendered":"https:\/\/die-webzeitung.de\/stuttgart\/?p=138581"},"modified":"2020-04-29T15:38:40","modified_gmt":"2020-04-29T14:38:40","slug":"schoenbuchbahn-kehrt-zum-normalen-fahrplan-zurueck","status":"publish","type":"post","link":"https:\/\/die-webzeitung.de\/stuttgart\/2020\/04\/29\/schoenbuchbahn-kehrt-zum-normalen-fahrplan-zurueck\/","title":{"rendered":"Sch\u00f6nbuchbahn kehrt zum normalen Fahrplan zur\u00fcck"},"content":{"rendered":"<h5 style=\"text-align: justify;\"><strong>Ab 4. Mai wieder 30-Minuten-Takt<\/strong><\/h5>\n<p style=\"text-align: justify;\">Die Sch\u00f6nbuchbahn wird ab Montag, 4. Mai, wieder ihren normalen Fahrplan anbieten. Werktags f\u00e4hrt sie dann auf der gesamten Strecke wie gewohnt im 30-Minuten-Takt und zwischen B\u00f6blingen und Holzgerlingen w\u00e4hrend der Hauptverkehrszeiten jede Viertelstunde.<\/p>\n<p style=\"text-align: justify;\">Die Kapazit\u00e4ten sind darauf ausgerichtet, dass Fahrg\u00e4ste m\u00f6glichst gro\u00dfen Abstand zueinander halten k\u00f6nnen. Die Pflicht zum Tragen von Mund- und Nasenschutz im \u00f6ffentlichen Personennahverkehr gilt nat\u00fcrlich auch in der Sch\u00f6nbuchbahn.<\/p>\n<p style=\"text-align: justify;\">Da in manchen Schulklassen der Unterricht wieder in den Schulen stattfindet und Gesch\u00e4fte ge\u00f6ffnet haben, will der Zweckverband trotz der Corona-Pandemie Sch\u00fclern, Lehrern, Berufspendlern und den \u00fcbrigen Fahrg\u00e4sten eine sichere, schnelle und zuverl\u00e4ssige Verbindung bieten.<\/p>\n<hr \/>\n<p style=\"text-align: justify;\">\n","protected":false},"excerpt":{"rendered":"<p>Ab 4. Mai wieder 30-Minuten-Takt Die Sch\u00f6nbuchbahn wird ab Montag, 4. Mai, wieder ihren normalen Fahrplan anbieten. Werktags f\u00e4hrt sie dann auf der gesamten Strecke wie gewohnt im 30-Minuten-Takt und zwischen B\u00f6blingen und Holzgerlingen w\u00e4hrend der Hauptverkehrszeiten jede Viertelstunde. Die Kapazit\u00e4ten sind darauf ausgerichtet, dass Fahrg\u00e4ste m\u00f6glichst gro\u00dfen Abstand zueinander halten k\u00f6nnen. Die Pflicht zum [&hellip;]<\/p>\n","protected":false},"author":4,"featured_media":0,"comment_status":"closed","ping_status":"open","sticky":false,"template":"","format":"standard","meta":{"inline_featured_image":false,"_exactmetrics_skip_tracking":false,"_exactmetrics_sitenote_active":false,"_exactmetrics_sitenote_note":"","_exactmetrics_sitenote_category":0,"footnotes":""},"categories":[59,2246],"tags":[3061,14857,5,68,14992],"class_list":{"0":"post-138581","1":"post","2":"type-post","3":"status-publish","4":"format-standard","6":"category-aktuell","7":"category-kreis-boeblingen","8":"tag-boblingen","9":"tag-die-webzeitung","10":"tag-internetzeitung","11":"tag-online-zeitung","12":"tag-schoenbuchbahn"},"image_feature":null,"author_name":"Redaktion","pure_taxonomies":{"categories":[{"term_id":59,"name":"Aktuell","slug":"aktuell","term_group":0,"term_taxonomy_id":60,"taxonomy":"category","description":"","parent":0,"count":1017,"filter":"raw","image":""},{"term_id":2246,"name":"Kreis B\u00f6blingen","slug":"kreis-boeblingen","term_group":0,"term_taxonomy_id":2259,"taxonomy":"category","description":"","parent":171,"count":197,"filter":"raw","image":""}],"tags":[{"term_id":3061,"name":"B\u00f6blingen","slug":"boblingen","term_group":0,"term_taxonomy_id":3075,"taxonomy":"post_tag","description":"","parent":0,"count":260,"filter":"raw","image":""},{"term_id":14857,"name":"Die-Webzeitung","slug":"die-webzeitung","term_group":0,"term_taxonomy_id":14876,"taxonomy":"post_tag","description":"","parent":0,"count":3623,"filter":"raw","image":""},{"term_id":5,"name":"Internetzeitung","slug":"internetzeitung","term_group":0,"term_taxonomy_id":5,"taxonomy":"post_tag","description":"","parent":0,"count":1461,"filter":"raw","image":""},{"term_id":68,"name":"Online-Zeitung","slug":"online-zeitung","term_group":0,"term_taxonomy_id":69,"taxonomy":"post_tag","description":"","parent":0,"count":3593,"filter":"raw","image":""},{"term_id":14992,"name":"Sch\u00f6nbuchbahn","slug":"schoenbuchbahn","term_group":0,"term_taxonomy_id":15011,"taxonomy":"post_tag","description":"","parent":0,"count":17,"filter":"raw","image":""}]},"_links":{"self":[{"href":"https:\/\/die-webzeitung.de\/stuttgart\/wp-json\/wp\/v2\/posts\/138581","targetHints":{"allow":["GET"]}}],"collection":[{"href":"https:\/\/die-webzeitung.de\/stuttgart\/wp-json\/wp\/v2\/posts"}],"about":[{"href":"https:\/\/die-webzeitung.de\/stuttgart\/wp-json\/wp\/v2\/types\/post"}],"author":[{"embeddable":true,"href":"https:\/\/die-webzeitung.de\/stuttgart\/wp-json\/wp\/v2\/users\/4"}],"replies":[{"embeddable":true,"href":"https:\/\/die-webzeitung.de\/stuttgart\/wp-json\/wp\/v2\/comments?post=138581"}],"version-history":[{"count":1,"href":"https:\/\/die-webzeitung.de\/stuttgart\/wp-json\/wp\/v2\/posts\/138581\/revisions"}],"predecessor-version":[{"id":138582,"href":"https:\/\/die-webzeitung.de\/stuttgart\/wp-json\/wp\/v2\/posts\/138581\/revisions\/138582"}],"wp:attachment":[{"href":"https:\/\/die-webzeitung.de\/stuttgart\/wp-json\/wp\/v2\/media?parent=138581"}],"wp:term":[{"taxonomy":"category","embeddable":true,"href":"https:\/\/die-webzeitung.de\/stuttgart\/wp-json\/wp\/v2\/categories?post=138581"},{"taxonomy":"post_tag","embeddable":true,"href":"https:\/\/die-webzeitung.de\/stuttgart\/wp-json\/wp\/v2\/tags?post=138581"}],"curies":[{"name":"wp","href":"https:\/\/api.w.org\/{rel}","templated":true}]}}