{"id":138520,"date":"2020-04-22T15:09:33","date_gmt":"2020-04-22T14:09:33","guid":{"rendered":"https:\/\/die-webzeitung.de\/stuttgart\/?p=138520"},"modified":"2020-04-22T15:09:33","modified_gmt":"2020-04-22T14:09:33","slug":"hohe-waldbrandgefahr","status":"publish","type":"post","link":"https:\/\/die-webzeitung.de\/stuttgart\/2020\/04\/22\/hohe-waldbrandgefahr\/","title":{"rendered":"Hohe Waldbrandgefahr"},"content":{"rendered":"<p style=\"text-align: justify;\">Kreis Esslingen.| Aktuell gilt die zweith\u00f6chste Waldbrandgefahrenstufe in der Region. Der herrschende Wind l\u00e4sst die B\u00f6den noch weiter austrocknen. Der ergiebige Landregen, den es f\u00fcr eine Entspannung der Situation br\u00e4uchte, ist nicht in Sicht. Das Kreisforstamt Esslingen erwartet daher, dass sich die Waldbrandgefahr in den n\u00e4chsten Tagen noch zuspitzen wird und weist darauf hin, dass von M\u00e4rz bis Oktober im Wald absolutes Rauchverbot herrscht.<\/p>\n<p style=\"text-align: justify;\">Das Laub liegt noch unzersetzt am Boden und kann durch die Trockenheit der letzten Wochen wie Zunder wirken. \u201eDer kleinste Funke k\u00f6nnte jetzt Unheil anrichten\u201c, warnt Kreisforstamtsleiterin Cordula Samuleit und appelliert an alle Waldbesucher, das von M\u00e4rz bis Oktober geltende Rauchverbot unbedingt einzuhalten. Glimmende Zigarettenkippen sind eine typische Ursache von Waldbr\u00e4nden, die bei den aktuellen Witterungsverh\u00e4ltnissen \u2013 Trockenheit und leichtem Wind \u2013 rasch verheerende Ausma\u00dfe annehmen k\u00f6nnen. Einen Waldbrand hat es in den W\u00e4ldern im Landkreis in diesem Fr\u00fchjahr bereits schon gegeben, ausgel\u00f6st durch fahrl\u00e4ssiges Verhalten.<\/p>\n<p style=\"text-align: justify;\">Das Forstamt registriert derzeit au\u00dfergew\u00f6hnlich viele Waldbesucher. Die Bedeutung des Waldes als Ort der Erholung und sportlichen Bet\u00e4tigung hat in Corona-Zeiten noch einmal sp\u00fcrbar zugenommen. Doch nicht \u00fcberall ist die gebotene Vorsicht zu beobachten. Mit Sorge blicken die Forstleute deshalb dem 1. Mai entgegen. Zwar sind die \u00f6ffentlichen Grillstellen derzeit gesperrt, jedoch versuchen Waldbesucher immer wieder, das Verbot zu umgehen, indem neben den gesperrten Grillstellen selbst mitgebrachte Grilleinrichtungen angefeuert werden. \u201eDas ist selbstverst\u00e4ndlich nicht erlaubt und buchst\u00e4blich brandgef\u00e4hrlich\u201c, betont das Forstamt. Auch Glasflaschen oder Scherben d\u00fcrfen auf keinen Fall auf dem Waldboden zur\u00fcckgelassen werden, denn sie wirkten wie Brenngl\u00e4ser und k\u00f6nnten ebenfalls Waldbr\u00e4nde ausl\u00f6sen. \u201eUmsichtiges und verantwortungsvolles Verhalten von jedem einzelnen sind jetzt gefragt\u201c, so die Forstamtschefin.<\/p>\n<hr \/>\n<p style=\"text-align: justify;\">\n","protected":false},"excerpt":{"rendered":"<p>Kreis Esslingen.| Aktuell gilt die zweith\u00f6chste Waldbrandgefahrenstufe in der Region. Der herrschende Wind l\u00e4sst die B\u00f6den noch weiter austrocknen. Der ergiebige Landregen, den es f\u00fcr eine Entspannung der Situation br\u00e4uchte, ist nicht in Sicht. Das Kreisforstamt Esslingen erwartet daher, dass sich die Waldbrandgefahr in den n\u00e4chsten Tagen noch zuspitzen wird und weist darauf hin, dass [&hellip;]<\/p>\n","protected":false},"author":4,"featured_media":0,"comment_status":"closed","ping_status":"open","sticky":false,"template":"","format":"standard","meta":{"inline_featured_image":false,"_exactmetrics_skip_tracking":false,"_exactmetrics_sitenote_active":false,"_exactmetrics_sitenote_note":"","_exactmetrics_sitenote_category":0,"footnotes":""},"categories":[2247],"tags":[14857,14440,5,68,9,16645],"class_list":{"0":"post-138520","1":"post","2":"type-post","3":"status-publish","4":"format-standard","6":"category-kreis-esslingen","7":"tag-die-webzeitung","8":"tag-esslingen","9":"tag-internetzeitung","10":"tag-online-zeitung","11":"tag-schaumedia","12":"tag-waldbrandgefahr"},"image_feature":null,"author_name":"Redaktion","pure_taxonomies":{"categories":[{"term_id":2247,"name":"Kreis Esslingen","slug":"kreis-esslingen","term_group":0,"term_taxonomy_id":2260,"taxonomy":"category","description":"Informationen aus dem Landkreis Esslingen","parent":171,"count":214,"filter":"raw","image":""}],"tags":[{"term_id":14857,"name":"Die-Webzeitung","slug":"die-webzeitung","term_group":0,"term_taxonomy_id":14876,"taxonomy":"post_tag","description":"","parent":0,"count":3623,"filter":"raw","image":""},{"term_id":14440,"name":"Esslingen","slug":"esslingen","term_group":0,"term_taxonomy_id":3885,"taxonomy":"post_tag","description":"","parent":0,"count":202,"filter":"raw","image":""},{"term_id":5,"name":"Internetzeitung","slug":"internetzeitung","term_group":0,"term_taxonomy_id":5,"taxonomy":"post_tag","description":"","parent":0,"count":1461,"filter":"raw","image":""},{"term_id":68,"name":"Online-Zeitung","slug":"online-zeitung","term_group":0,"term_taxonomy_id":69,"taxonomy":"post_tag","description":"","parent":0,"count":3593,"filter":"raw","image":""},{"term_id":9,"name":"SchauMedia","slug":"schaumedia","term_group":0,"term_taxonomy_id":9,"taxonomy":"post_tag","description":"","parent":0,"count":1607,"filter":"raw","image":""},{"term_id":16645,"name":"Waldbrandgefahr","slug":"waldbrandgefahr","term_group":0,"term_taxonomy_id":16664,"taxonomy":"post_tag","description":"","parent":0,"count":2,"filter":"raw","image":""}]},"_links":{"self":[{"href":"https:\/\/die-webzeitung.de\/stuttgart\/wp-json\/wp\/v2\/posts\/138520","targetHints":{"allow":["GET"]}}],"collection":[{"href":"https:\/\/die-webzeitung.de\/stuttgart\/wp-json\/wp\/v2\/posts"}],"about":[{"href":"https:\/\/die-webzeitung.de\/stuttgart\/wp-json\/wp\/v2\/types\/post"}],"author":[{"embeddable":true,"href":"https:\/\/die-webzeitung.de\/stuttgart\/wp-json\/wp\/v2\/users\/4"}],"replies":[{"embeddable":true,"href":"https:\/\/die-webzeitung.de\/stuttgart\/wp-json\/wp\/v2\/comments?post=138520"}],"version-history":[{"count":1,"href":"https:\/\/die-webzeitung.de\/stuttgart\/wp-json\/wp\/v2\/posts\/138520\/revisions"}],"predecessor-version":[{"id":138521,"href":"https:\/\/die-webzeitung.de\/stuttgart\/wp-json\/wp\/v2\/posts\/138520\/revisions\/138521"}],"wp:attachment":[{"href":"https:\/\/die-webzeitung.de\/stuttgart\/wp-json\/wp\/v2\/media?parent=138520"}],"wp:term":[{"taxonomy":"category","embeddable":true,"href":"https:\/\/die-webzeitung.de\/stuttgart\/wp-json\/wp\/v2\/categories?post=138520"},{"taxonomy":"post_tag","embeddable":true,"href":"https:\/\/die-webzeitung.de\/stuttgart\/wp-json\/wp\/v2\/tags?post=138520"}],"curies":[{"name":"wp","href":"https:\/\/api.w.org\/{rel}","templated":true}]}}