{"id":138516,"date":"2020-04-22T15:05:22","date_gmt":"2020-04-22T14:05:22","guid":{"rendered":"https:\/\/die-webzeitung.de\/stuttgart\/?p=138516"},"modified":"2020-04-22T15:05:22","modified_gmt":"2020-04-22T14:05:22","slug":"mittleres-bis-hohes-waldbrandrisiko-im-landkreis-boeblingen","status":"publish","type":"post","link":"https:\/\/die-webzeitung.de\/stuttgart\/2020\/04\/22\/mittleres-bis-hohes-waldbrandrisiko-im-landkreis-boeblingen\/","title":{"rendered":"Mittleres bis hohes Waldbrandrisiko im Landkreis B\u00f6blingen"},"content":{"rendered":"<h5 style=\"text-align: justify;\"><strong>Rauchen und Grillen im Wald sind streng verboten!<\/strong><\/h5>\n<p style=\"text-align: justify;\">Der Deutsche Wetterdienst (DWD) ermittelt nach einem genormten Verfahren tagesaktuell den sogenannten Waldbrandgefahrenindex f\u00fcr alle Regionen Deutschlands. Demnach besteht im Landkreis B\u00f6blingen derzeit (Stand 22.04.) ein mittleres bis hohes Waldbrandrisiko.<\/p>\n<p style=\"text-align: justify;\">Das sch\u00f6ne Wetter lockt in diesen Tagen viele Menschen in die Natur. Ein Waldspaziergang bietet einen hervorragenden Ausgleich zum \u201eCorona-Alltag\u201c. Gerade jetzt, wo B\u00e4ume und Str\u00e4ucher bl\u00fchen und die ersten zarten Bl\u00e4ttchen kommen, kann ein Aufenthalt im Wald geradezu Wunder wirken. Unsere W\u00e4lder stehen als Erholungsraum jederzeit zur Verf\u00fcgung. Die Kehrseite des sch\u00f6nen Wetters ist allerdings die anhaltende Trockenheit der letzten Tage und Wochen. Dadurch ist die Brandgefahr in der Natur stark angestiegen. Insbesondere Wald-, Hecken und Grasland leiden unter der Trockenheit, sind nun schnell entflammbar und k\u00f6nnen leicht in Brand geraten. Jetzt, wo das schattenspendende Laub auf den B\u00e4umen und Str\u00e4uchern noch fehlt, f\u00fchrt der Wind der letzten Tage zus\u00e4tzlich zu Trockenheit. Das trockene Laub des letzten Herbstes und \u00c4ste auf dem Waldboden w\u00fcrde einer Z\u00fcndquelle idealen N\u00e4hrboden f\u00fcr ein Feuer bieten.<\/p>\n<p style=\"text-align: justify;\">Grunds\u00e4tzlich gilt fast immer ein gewisses Waldbrandrisiko, wenn es nicht gerade ausreichend geregnet hat. \u00dcber 95% der Waldbr\u00e4nde sind auf menschliches Handeln und Fahrl\u00e4ssigkeit zur\u00fcckzuf\u00fchren. Daher ist ein vern\u00fcnftiges und umsichtiges Handeln aller Waldbesuchenden die beste Vorsorge, um unsere W\u00e4lder vor Feuern zu sch\u00fctzen. An erster Stelle steht dabei das allgemeine Rauchverbot im Wald von M\u00e4rz bis Oktober, das dringend einzuhalten ist! Grillstellen d\u00fcrfen aufgrund der Corona-Verordnung der Landesregierung derzeit ohnehin nicht genutzt werden. So sch\u00f6n es w\u00e4re, muss auf das Grillen im Wald also verzichtet werden \u2013 auch um Waldbr\u00e4nden vorzubeugen.<\/p>\n<hr \/>\n<p style=\"text-align: justify;\">\n","protected":false},"excerpt":{"rendered":"<p>Rauchen und Grillen im Wald sind streng verboten! Der Deutsche Wetterdienst (DWD) ermittelt nach einem genormten Verfahren tagesaktuell den sogenannten Waldbrandgefahrenindex f\u00fcr alle Regionen Deutschlands. Demnach besteht im Landkreis B\u00f6blingen derzeit (Stand 22.04.) ein mittleres bis hohes Waldbrandrisiko. Das sch\u00f6ne Wetter lockt in diesen Tagen viele Menschen in die Natur. Ein Waldspaziergang bietet einen hervorragenden [&hellip;]<\/p>\n","protected":false},"author":4,"featured_media":0,"comment_status":"closed","ping_status":"open","sticky":false,"template":"","format":"standard","meta":{"inline_featured_image":false,"_exactmetrics_skip_tracking":false,"_exactmetrics_sitenote_active":false,"_exactmetrics_sitenote_note":"","_exactmetrics_sitenote_category":0,"footnotes":""},"categories":[59,2246],"tags":[3061,14857,5,68,9,16645],"class_list":{"0":"post-138516","1":"post","2":"type-post","3":"status-publish","4":"format-standard","6":"category-aktuell","7":"category-kreis-boeblingen","8":"tag-boblingen","9":"tag-die-webzeitung","10":"tag-internetzeitung","11":"tag-online-zeitung","12":"tag-schaumedia","13":"tag-waldbrandgefahr"},"image_feature":null,"author_name":"Redaktion","pure_taxonomies":{"categories":[{"term_id":59,"name":"Aktuell","slug":"aktuell","term_group":0,"term_taxonomy_id":60,"taxonomy":"category","description":"","parent":0,"count":1017,"filter":"raw","image":""},{"term_id":2246,"name":"Kreis B\u00f6blingen","slug":"kreis-boeblingen","term_group":0,"term_taxonomy_id":2259,"taxonomy":"category","description":"","parent":171,"count":197,"filter":"raw","image":""}],"tags":[{"term_id":3061,"name":"B\u00f6blingen","slug":"boblingen","term_group":0,"term_taxonomy_id":3075,"taxonomy":"post_tag","description":"","parent":0,"count":260,"filter":"raw","image":""},{"term_id":14857,"name":"Die-Webzeitung","slug":"die-webzeitung","term_group":0,"term_taxonomy_id":14876,"taxonomy":"post_tag","description":"","parent":0,"count":3623,"filter":"raw","image":""},{"term_id":5,"name":"Internetzeitung","slug":"internetzeitung","term_group":0,"term_taxonomy_id":5,"taxonomy":"post_tag","description":"","parent":0,"count":1461,"filter":"raw","image":""},{"term_id":68,"name":"Online-Zeitung","slug":"online-zeitung","term_group":0,"term_taxonomy_id":69,"taxonomy":"post_tag","description":"","parent":0,"count":3593,"filter":"raw","image":""},{"term_id":9,"name":"SchauMedia","slug":"schaumedia","term_group":0,"term_taxonomy_id":9,"taxonomy":"post_tag","description":"","parent":0,"count":1607,"filter":"raw","image":""},{"term_id":16645,"name":"Waldbrandgefahr","slug":"waldbrandgefahr","term_group":0,"term_taxonomy_id":16664,"taxonomy":"post_tag","description":"","parent":0,"count":2,"filter":"raw","image":""}]},"_links":{"self":[{"href":"https:\/\/die-webzeitung.de\/stuttgart\/wp-json\/wp\/v2\/posts\/138516","targetHints":{"allow":["GET"]}}],"collection":[{"href":"https:\/\/die-webzeitung.de\/stuttgart\/wp-json\/wp\/v2\/posts"}],"about":[{"href":"https:\/\/die-webzeitung.de\/stuttgart\/wp-json\/wp\/v2\/types\/post"}],"author":[{"embeddable":true,"href":"https:\/\/die-webzeitung.de\/stuttgart\/wp-json\/wp\/v2\/users\/4"}],"replies":[{"embeddable":true,"href":"https:\/\/die-webzeitung.de\/stuttgart\/wp-json\/wp\/v2\/comments?post=138516"}],"version-history":[{"count":1,"href":"https:\/\/die-webzeitung.de\/stuttgart\/wp-json\/wp\/v2\/posts\/138516\/revisions"}],"predecessor-version":[{"id":138517,"href":"https:\/\/die-webzeitung.de\/stuttgart\/wp-json\/wp\/v2\/posts\/138516\/revisions\/138517"}],"wp:attachment":[{"href":"https:\/\/die-webzeitung.de\/stuttgart\/wp-json\/wp\/v2\/media?parent=138516"}],"wp:term":[{"taxonomy":"category","embeddable":true,"href":"https:\/\/die-webzeitung.de\/stuttgart\/wp-json\/wp\/v2\/categories?post=138516"},{"taxonomy":"post_tag","embeddable":true,"href":"https:\/\/die-webzeitung.de\/stuttgart\/wp-json\/wp\/v2\/tags?post=138516"}],"curies":[{"name":"wp","href":"https:\/\/api.w.org\/{rel}","templated":true}]}}