{"id":138512,"date":"2020-04-22T15:02:10","date_gmt":"2020-04-22T14:02:10","guid":{"rendered":"https:\/\/die-webzeitung.de\/stuttgart\/?p=138512"},"modified":"2020-04-22T15:02:10","modified_gmt":"2020-04-22T14:02:10","slug":"zentrale-corona-ambulanz-ist-in-betrieb","status":"publish","type":"post","link":"https:\/\/die-webzeitung.de\/stuttgart\/2020\/04\/22\/zentrale-corona-ambulanz-ist-in-betrieb\/","title":{"rendered":"Zentrale Corona-Ambulanz ist in Betrieb"},"content":{"rendered":"<ul>\n<li style=\"text-align: justify;\"><strong>Hotline und Testzentren sind k\u00fcnftig am Wochenende geschlossen<\/strong><\/li>\n<li style=\"text-align: justify;\"><strong>Wochenendbetreuung \u00fcber Notfallpraxis gew\u00e4hrleistet<\/strong><\/li>\n<\/ul>\n<p style=\"text-align: justify;\">In Sindelfingen ist die Zentrale Corona-Ambulanz in Betrieb gegangen. Sie ist von Montag bis Sonntag, an 7 Tagen die Woche, ge\u00f6ffnet. Die Terminvergabe erfolgt \u00fcber den Hausarzt bzw. am Wochenende \u00fcber den Notfalldienst. Im Gegenzug werden die Hotline am Landratsamt B\u00f6blingen und der Betrieb der Testzentren in Herrenberg und Sindelfingen am Wochenende eingestellt. Die Anrufe, und entsprechend auch die Zahlen der Tests, gingen zuletzt so zur\u00fcck, dass diese Ma\u00dfnahme gerechtfertigt scheint. \u201eSollten sich hier andere Entwicklungen ergeben, k\u00f6nnen wir den Betrieb selbstverst\u00e4ndlich wieder durchgehend an allen Tagen sicherstellen\u201c, so Landrat Roland Bernhard.<\/p>\n<p style=\"text-align: justify;\">Die Abl\u00e4ufe an der Corona-Ambulanz sind folgenderma\u00dfen: Nach wie vor gilt, dass bei Erk\u00e4ltungssymptomen oder Fieber, sowie grippe\u00e4hnlichen Symptomen der Hausarzt telefonisch kontaktiert werden soll. Dieser entscheidet \u00fcber ein weiteres Vorgehen und kann den Patienten entweder selbst versorgen oder bei der Corona-Ambulanz in Sindelfingen anmelden. In letzterem Fall erh\u00e4lt der Patient einen Termin in der Ambulanz. Eine Anmeldung eines Patienten direkt bei der Corona-Ambulanz soll nicht erfolgen! An Wochenenden, wenn die Haus\u00e4rzte telefonisch nicht erreichbar sind, wenden sich die Patienten an die Notfallpraxen in den Krankenh\u00e4usern bzw. die Nummer 116 117. Von dort kann ebenfalls die Weiterleitung an die Corona-Ambulanz erfolgen.<\/p>\n<p style=\"text-align: justify;\">Das zus\u00e4tzliche Angebot soll daf\u00fcr sorgen, dass in den Arztpraxen chronisch Kranke oder akut erkrankte Patienten von infektionsgef\u00e4hrdeten Patienten getrennt werden und die bew\u00e4hrte ambulante Versorgung Aller erhalten bleibt. In der Corona-Ambulanz ist es m\u00f6glich, Patienten mit einer m\u00f6glichen oder schon diagnostizierten Corona-Infektion ambulant und separat mit den entsprechenden Vorkehrungen und Schutzkleidungen zum Schutz von Patienten und Personal zu betreuen. Zudem werden durch diese Ma\u00dfnahme die Kliniken unterst\u00fctzt und unn\u00f6tige Einweisungen vermieden.<\/p>\n<p style=\"text-align: justify;\">Die Corona-Ambulanz wird von niedergelassenen \u00c4rzten und deren Vertretern durch die Kassen\u00e4rztliche Vereinigung besetzt sein. Die Ausstattung, Bereitstellung sowie die Stellung des B\u00fcropersonals in der Praxis erfolgt durch das Landratsamt B\u00f6blingen.<\/p>\n<hr \/>\n<p style=\"text-align: justify;\">\n","protected":false},"excerpt":{"rendered":"<p>Hotline und Testzentren sind k\u00fcnftig am Wochenende geschlossen Wochenendbetreuung \u00fcber Notfallpraxis gew\u00e4hrleistet In Sindelfingen ist die Zentrale Corona-Ambulanz in Betrieb gegangen. Sie ist von Montag bis Sonntag, an 7 Tagen die Woche, ge\u00f6ffnet. Die Terminvergabe erfolgt \u00fcber den Hausarzt bzw. am Wochenende \u00fcber den Notfalldienst. Im Gegenzug werden die Hotline am Landratsamt B\u00f6blingen und der [&hellip;]<\/p>\n","protected":false},"author":4,"featured_media":0,"comment_status":"closed","ping_status":"open","sticky":false,"template":"","format":"standard","meta":{"inline_featured_image":false,"_exactmetrics_skip_tracking":false,"_exactmetrics_sitenote_active":false,"_exactmetrics_sitenote_note":"","_exactmetrics_sitenote_category":0,"footnotes":""},"categories":[2246],"tags":[3061,16644,14857,5,68,9],"class_list":{"0":"post-138512","1":"post","2":"type-post","3":"status-publish","4":"format-standard","6":"category-kreis-boeblingen","7":"tag-boblingen","8":"tag-corona-ambulanz","9":"tag-die-webzeitung","10":"tag-internetzeitung","11":"tag-online-zeitung","12":"tag-schaumedia"},"image_feature":null,"author_name":"Redaktion","pure_taxonomies":{"categories":[{"term_id":2246,"name":"Kreis B\u00f6blingen","slug":"kreis-boeblingen","term_group":0,"term_taxonomy_id":2259,"taxonomy":"category","description":"","parent":171,"count":197,"filter":"raw","image":""}],"tags":[{"term_id":3061,"name":"B\u00f6blingen","slug":"boblingen","term_group":0,"term_taxonomy_id":3075,"taxonomy":"post_tag","description":"","parent":0,"count":260,"filter":"raw","image":""},{"term_id":16644,"name":"Corona-Ambulanz","slug":"corona-ambulanz","term_group":0,"term_taxonomy_id":16663,"taxonomy":"post_tag","description":"","parent":0,"count":1,"filter":"raw","image":""},{"term_id":14857,"name":"Die-Webzeitung","slug":"die-webzeitung","term_group":0,"term_taxonomy_id":14876,"taxonomy":"post_tag","description":"","parent":0,"count":3623,"filter":"raw","image":""},{"term_id":5,"name":"Internetzeitung","slug":"internetzeitung","term_group":0,"term_taxonomy_id":5,"taxonomy":"post_tag","description":"","parent":0,"count":1461,"filter":"raw","image":""},{"term_id":68,"name":"Online-Zeitung","slug":"online-zeitung","term_group":0,"term_taxonomy_id":69,"taxonomy":"post_tag","description":"","parent":0,"count":3593,"filter":"raw","image":""},{"term_id":9,"name":"SchauMedia","slug":"schaumedia","term_group":0,"term_taxonomy_id":9,"taxonomy":"post_tag","description":"","parent":0,"count":1607,"filter":"raw","image":""}]},"_links":{"self":[{"href":"https:\/\/die-webzeitung.de\/stuttgart\/wp-json\/wp\/v2\/posts\/138512","targetHints":{"allow":["GET"]}}],"collection":[{"href":"https:\/\/die-webzeitung.de\/stuttgart\/wp-json\/wp\/v2\/posts"}],"about":[{"href":"https:\/\/die-webzeitung.de\/stuttgart\/wp-json\/wp\/v2\/types\/post"}],"author":[{"embeddable":true,"href":"https:\/\/die-webzeitung.de\/stuttgart\/wp-json\/wp\/v2\/users\/4"}],"replies":[{"embeddable":true,"href":"https:\/\/die-webzeitung.de\/stuttgart\/wp-json\/wp\/v2\/comments?post=138512"}],"version-history":[{"count":1,"href":"https:\/\/die-webzeitung.de\/stuttgart\/wp-json\/wp\/v2\/posts\/138512\/revisions"}],"predecessor-version":[{"id":138513,"href":"https:\/\/die-webzeitung.de\/stuttgart\/wp-json\/wp\/v2\/posts\/138512\/revisions\/138513"}],"wp:attachment":[{"href":"https:\/\/die-webzeitung.de\/stuttgart\/wp-json\/wp\/v2\/media?parent=138512"}],"wp:term":[{"taxonomy":"category","embeddable":true,"href":"https:\/\/die-webzeitung.de\/stuttgart\/wp-json\/wp\/v2\/categories?post=138512"},{"taxonomy":"post_tag","embeddable":true,"href":"https:\/\/die-webzeitung.de\/stuttgart\/wp-json\/wp\/v2\/tags?post=138512"}],"curies":[{"name":"wp","href":"https:\/\/api.w.org\/{rel}","templated":true}]}}