{"id":138474,"date":"2020-04-17T15:16:25","date_gmt":"2020-04-17T14:16:25","guid":{"rendered":"https:\/\/die-webzeitung.de\/stuttgart\/?p=138474"},"modified":"2020-04-17T15:16:25","modified_gmt":"2020-04-17T14:16:25","slug":"rathaeuser-und-landratsamt-im-kreis-bis-3-mai-weiter-geschlossen","status":"publish","type":"post","link":"https:\/\/die-webzeitung.de\/stuttgart\/2020\/04\/17\/rathaeuser-und-landratsamt-im-kreis-bis-3-mai-weiter-geschlossen\/","title":{"rendered":"Rath\u00e4user und Landratsamt im Kreis bis 3. Mai weiter geschlossen"},"content":{"rendered":"<ul>\n<li style=\"text-align: justify;\"><strong>Kundenkontakt nur nach vorheriger Terminvereinbarung<\/strong><\/li>\n<li style=\"text-align: justify;\"><strong>Besuchern wird dringend empfohlen Masken zu tragen<\/strong><\/li>\n<\/ul>\n<p style=\"text-align: justify;\">Kreis B\u00f6blingen.| Trotz schrittweiser Lockerungen der Einschr\u00e4nkungen zur Eind\u00e4mmung der Corona-Epidemie sollen die Rath\u00e4user im Landkreis und das Landratsamt bis zum 3. Mai geschlossen bleiben. Die St\u00e4dte und Gemeinden und die Landkreisverwaltung setzen weiterhin auf Terminvergaben zur Bearbeitung dringlicher Anliegen. Das ist das Ergebnis einer Absprache zwischen dem Landrat Roland Bernhard und den Oberb\u00fcrgermeistern und B\u00fcrgermeistern im Kreis im Rahmen einer gemeinsamen Arbeitsgruppe zur Bew\u00e4ltigung der Corona-Krise.<\/p>\n<p style=\"text-align: justify;\">\u201eZum Schutz der B\u00fcrgerinnen und B\u00fcrger sowie auch der Mitarbeiterinnen und Mitarbeiter wollen wir derzeit noch dabei bleiben, jeweils nur nach vorheriger Terminvergabe Publikum zu empfangen\u201c, sind sich der Landrat sowie die Oberb\u00fcrgermeister und B\u00fcrgermeister aus der Arbeitsgruppe einig. Weiter hei\u00dft es: \u201eDie letzten Wochen haben gezeigt, dass es gelingt, dringende Anliegen der B\u00fcrgerinnen und B\u00fcrger \u00fcber die Terminvergaben gut abzuarbeiten.\u201c<\/p>\n<p style=\"text-align: justify;\">Die Rath\u00e4user und das Landratsamt sind weiter telefonisch oder per E-Mail erreichbar. Auf den Webseiten der St\u00e4dte und Gemeinden sowie des Landkreises finden sich die Informationen und Kontaktdaten zur Terminvereinbarung. Beim Besuch der Verwaltungen wird dringend empfohlen, eine Maske zu tragen. Die Schlie\u00dfung orientiert sich an den landesweiten Kontaktbeschr\u00e4nkungen, die ebenfalls bis zu diesem Datum weiterbestehen. Wie es ab dem 4. Mai weitergehen kann, wollen Landkreis und Kommunen in den kommenden Wochen entscheiden.<\/p>\n<hr \/>\n<p style=\"text-align: justify;\">\n","protected":false},"excerpt":{"rendered":"<p>Kundenkontakt nur nach vorheriger Terminvereinbarung Besuchern wird dringend empfohlen Masken zu tragen Kreis B\u00f6blingen.| Trotz schrittweiser Lockerungen der Einschr\u00e4nkungen zur Eind\u00e4mmung der Corona-Epidemie sollen die Rath\u00e4user im Landkreis und das Landratsamt bis zum 3. Mai geschlossen bleiben. Die St\u00e4dte und Gemeinden und die Landkreisverwaltung setzen weiterhin auf Terminvergaben zur Bearbeitung dringlicher Anliegen. Das ist das [&hellip;]<\/p>\n","protected":false},"author":4,"featured_media":0,"comment_status":"closed","ping_status":"open","sticky":false,"template":"","format":"standard","meta":{"inline_featured_image":false,"_exactmetrics_skip_tracking":false,"_exactmetrics_sitenote_active":false,"_exactmetrics_sitenote_note":"","_exactmetrics_sitenote_category":0,"footnotes":""},"categories":[2246],"tags":[3061,14857,5,68],"class_list":{"0":"post-138474","1":"post","2":"type-post","3":"status-publish","4":"format-standard","6":"category-kreis-boeblingen","7":"tag-boblingen","8":"tag-die-webzeitung","9":"tag-internetzeitung","10":"tag-online-zeitung"},"image_feature":null,"author_name":"Redaktion","pure_taxonomies":{"categories":[{"term_id":2246,"name":"Kreis B\u00f6blingen","slug":"kreis-boeblingen","term_group":0,"term_taxonomy_id":2259,"taxonomy":"category","description":"","parent":171,"count":197,"filter":"raw","image":""}],"tags":[{"term_id":3061,"name":"B\u00f6blingen","slug":"boblingen","term_group":0,"term_taxonomy_id":3075,"taxonomy":"post_tag","description":"","parent":0,"count":260,"filter":"raw","image":""},{"term_id":14857,"name":"Die-Webzeitung","slug":"die-webzeitung","term_group":0,"term_taxonomy_id":14876,"taxonomy":"post_tag","description":"","parent":0,"count":3623,"filter":"raw","image":""},{"term_id":5,"name":"Internetzeitung","slug":"internetzeitung","term_group":0,"term_taxonomy_id":5,"taxonomy":"post_tag","description":"","parent":0,"count":1461,"filter":"raw","image":""},{"term_id":68,"name":"Online-Zeitung","slug":"online-zeitung","term_group":0,"term_taxonomy_id":69,"taxonomy":"post_tag","description":"","parent":0,"count":3593,"filter":"raw","image":""}]},"_links":{"self":[{"href":"https:\/\/die-webzeitung.de\/stuttgart\/wp-json\/wp\/v2\/posts\/138474","targetHints":{"allow":["GET"]}}],"collection":[{"href":"https:\/\/die-webzeitung.de\/stuttgart\/wp-json\/wp\/v2\/posts"}],"about":[{"href":"https:\/\/die-webzeitung.de\/stuttgart\/wp-json\/wp\/v2\/types\/post"}],"author":[{"embeddable":true,"href":"https:\/\/die-webzeitung.de\/stuttgart\/wp-json\/wp\/v2\/users\/4"}],"replies":[{"embeddable":true,"href":"https:\/\/die-webzeitung.de\/stuttgart\/wp-json\/wp\/v2\/comments?post=138474"}],"version-history":[{"count":1,"href":"https:\/\/die-webzeitung.de\/stuttgart\/wp-json\/wp\/v2\/posts\/138474\/revisions"}],"predecessor-version":[{"id":138475,"href":"https:\/\/die-webzeitung.de\/stuttgart\/wp-json\/wp\/v2\/posts\/138474\/revisions\/138475"}],"wp:attachment":[{"href":"https:\/\/die-webzeitung.de\/stuttgart\/wp-json\/wp\/v2\/media?parent=138474"}],"wp:term":[{"taxonomy":"category","embeddable":true,"href":"https:\/\/die-webzeitung.de\/stuttgart\/wp-json\/wp\/v2\/categories?post=138474"},{"taxonomy":"post_tag","embeddable":true,"href":"https:\/\/die-webzeitung.de\/stuttgart\/wp-json\/wp\/v2\/tags?post=138474"}],"curies":[{"name":"wp","href":"https:\/\/api.w.org\/{rel}","templated":true}]}}