{"id":138465,"date":"2020-04-16T15:17:44","date_gmt":"2020-04-16T14:17:44","guid":{"rendered":"https:\/\/die-webzeitung.de\/stuttgart\/?p=138465"},"modified":"2020-04-16T15:17:44","modified_gmt":"2020-04-16T14:17:44","slug":"schoenbuchbahn-faehrt-ab-freitag-wieder-nach-fahrplan","status":"publish","type":"post","link":"https:\/\/die-webzeitung.de\/stuttgart\/2020\/04\/16\/schoenbuchbahn-faehrt-ab-freitag-wieder-nach-fahrplan\/","title":{"rendered":"Sch\u00f6nbuchbahn f\u00e4hrt ab Freitag wieder nach Fahrplan"},"content":{"rendered":"<p style=\"text-align: justify;\">Kreis B\u00f6blingen.| Wie der Zweckverband Sch\u00f6nbuchbahn gestern mitteilte, war am Mittwoch ein Bruch an einer Schiene der Sch\u00f6nbuchbahn im Bereich Zimmerschlag festgestellt worden. Die Z\u00fcge fahren deshalb zurzeit nach einem eingeschr\u00e4nkten Notfahrplan.<\/p>\n<p style=\"text-align: justify;\">Der Schaden soll heute im Laufe des Tages repariert werden, sodass mit Betriebsbeginn am morgigen Freitag die Sch\u00f6nbuchbahn wieder nach Plan f\u00e4hrt.<\/p>\n<p style=\"text-align: justify;\">Grund f\u00fcr den Bruch d\u00fcrfte Materialerm\u00fcdung sein. Die Schiene wurde bereits 1995 verlegt und nicht erst beim teilweisen Ausbau der Sch\u00f6nbuchbahn in 2018\/19. Schienen werden \u00fcblicherweise erst nach mehreren Jahrzehnten ausgetauscht. So wurden auch beim Ausbauprojekt der letzten drei Jahre die Bestandsschienen nicht ersetzt, sondern lediglich neue verlegt in den Abschnitten der Doppelgleisigkeit. Bei den regelm\u00e4\u00dfigen Routinekontrollen war bei der nun defekten Schiene kein Hinweis auf einen Mangel zu erkennen.<\/p>\n<hr \/>\n<p style=\"text-align: justify;\">\n","protected":false},"excerpt":{"rendered":"<p>Kreis B\u00f6blingen.| Wie der Zweckverband Sch\u00f6nbuchbahn gestern mitteilte, war am Mittwoch ein Bruch an einer Schiene der Sch\u00f6nbuchbahn im Bereich Zimmerschlag festgestellt worden. Die Z\u00fcge fahren deshalb zurzeit nach einem eingeschr\u00e4nkten Notfahrplan. Der Schaden soll heute im Laufe des Tages repariert werden, sodass mit Betriebsbeginn am morgigen Freitag die Sch\u00f6nbuchbahn wieder nach Plan f\u00e4hrt. Grund [&hellip;]<\/p>\n","protected":false},"author":4,"featured_media":0,"comment_status":"closed","ping_status":"open","sticky":false,"template":"","format":"standard","meta":{"inline_featured_image":false,"_exactmetrics_skip_tracking":false,"_exactmetrics_sitenote_active":false,"_exactmetrics_sitenote_note":"","_exactmetrics_sitenote_category":0,"footnotes":""},"categories":[59,2246],"tags":[3061,14857,5,68,14992],"class_list":{"0":"post-138465","1":"post","2":"type-post","3":"status-publish","4":"format-standard","6":"category-aktuell","7":"category-kreis-boeblingen","8":"tag-boblingen","9":"tag-die-webzeitung","10":"tag-internetzeitung","11":"tag-online-zeitung","12":"tag-schoenbuchbahn"},"image_feature":null,"author_name":"Redaktion","pure_taxonomies":{"categories":[{"term_id":59,"name":"Aktuell","slug":"aktuell","term_group":0,"term_taxonomy_id":60,"taxonomy":"category","description":"","parent":0,"count":1017,"filter":"raw","image":""},{"term_id":2246,"name":"Kreis B\u00f6blingen","slug":"kreis-boeblingen","term_group":0,"term_taxonomy_id":2259,"taxonomy":"category","description":"","parent":171,"count":197,"filter":"raw","image":""}],"tags":[{"term_id":3061,"name":"B\u00f6blingen","slug":"boblingen","term_group":0,"term_taxonomy_id":3075,"taxonomy":"post_tag","description":"","parent":0,"count":260,"filter":"raw","image":""},{"term_id":14857,"name":"Die-Webzeitung","slug":"die-webzeitung","term_group":0,"term_taxonomy_id":14876,"taxonomy":"post_tag","description":"","parent":0,"count":3623,"filter":"raw","image":""},{"term_id":5,"name":"Internetzeitung","slug":"internetzeitung","term_group":0,"term_taxonomy_id":5,"taxonomy":"post_tag","description":"","parent":0,"count":1461,"filter":"raw","image":""},{"term_id":68,"name":"Online-Zeitung","slug":"online-zeitung","term_group":0,"term_taxonomy_id":69,"taxonomy":"post_tag","description":"","parent":0,"count":3593,"filter":"raw","image":""},{"term_id":14992,"name":"Sch\u00f6nbuchbahn","slug":"schoenbuchbahn","term_group":0,"term_taxonomy_id":15011,"taxonomy":"post_tag","description":"","parent":0,"count":17,"filter":"raw","image":""}]},"_links":{"self":[{"href":"https:\/\/die-webzeitung.de\/stuttgart\/wp-json\/wp\/v2\/posts\/138465","targetHints":{"allow":["GET"]}}],"collection":[{"href":"https:\/\/die-webzeitung.de\/stuttgart\/wp-json\/wp\/v2\/posts"}],"about":[{"href":"https:\/\/die-webzeitung.de\/stuttgart\/wp-json\/wp\/v2\/types\/post"}],"author":[{"embeddable":true,"href":"https:\/\/die-webzeitung.de\/stuttgart\/wp-json\/wp\/v2\/users\/4"}],"replies":[{"embeddable":true,"href":"https:\/\/die-webzeitung.de\/stuttgart\/wp-json\/wp\/v2\/comments?post=138465"}],"version-history":[{"count":1,"href":"https:\/\/die-webzeitung.de\/stuttgart\/wp-json\/wp\/v2\/posts\/138465\/revisions"}],"predecessor-version":[{"id":138466,"href":"https:\/\/die-webzeitung.de\/stuttgart\/wp-json\/wp\/v2\/posts\/138465\/revisions\/138466"}],"wp:attachment":[{"href":"https:\/\/die-webzeitung.de\/stuttgart\/wp-json\/wp\/v2\/media?parent=138465"}],"wp:term":[{"taxonomy":"category","embeddable":true,"href":"https:\/\/die-webzeitung.de\/stuttgart\/wp-json\/wp\/v2\/categories?post=138465"},{"taxonomy":"post_tag","embeddable":true,"href":"https:\/\/die-webzeitung.de\/stuttgart\/wp-json\/wp\/v2\/tags?post=138465"}],"curies":[{"name":"wp","href":"https:\/\/api.w.org\/{rel}","templated":true}]}}