{"id":138440,"date":"2020-04-13T17:50:40","date_gmt":"2020-04-13T16:50:40","guid":{"rendered":"https:\/\/die-webzeitung.de\/stuttgart\/2020\/04\/13\/trotz-appell-bergwachten-mussten-dreimal-ausruecken\/"},"modified":"2020-04-13T17:50:40","modified_gmt":"2020-04-13T16:50:40","slug":"trotz-appell-bergwachten-mussten-dreimal-ausruecken","status":"publish","type":"post","link":"https:\/\/die-webzeitung.de\/stuttgart\/2020\/04\/13\/trotz-appell-bergwachten-mussten-dreimal-ausruecken\/","title":{"rendered":"Trotz Appell: Bergwachten mussten dreimal ausr\u00fccken"},"content":{"rendered":"<p style=\"text-align: justify;\">Trotz des eindringlichen Appells der DRK Bergwacht W\u00fcrttemberg Orte zu meiden, wo eine Verletzung oder ein medizinischer Notfall einen schwierigen Abtransport erforderlich machen k\u00f6nnte, mussten die Bergretterinnen und Bergretter zu drei Eins\u00e4tzen ausr\u00fccken.<\/p>\n<p style=\"text-align: justify;\">Am Ostersamstag waren die Bergwachten Geislingen-Wiesensteig und G\u00f6ppingen mit insgesamt 21 Rettern bei einer aufw\u00e4ndigen Such- und Rettungsaktion am Albtrauf bei Bad \u00dcberkingen (Landkreis G\u00f6ppingen) gefordert. Zwei Frauen hatten sich in dem steilen Traufgel\u00e4nde verstiegen.<\/p>\n<p style=\"text-align: justify;\">Am Ostersonntag mussten die Bergwachten von Heidenheim und Herbrechtingen mit 14 Bergrettern eine Rollstuhlfahrerin retten, die eine steile B\u00f6schung im Wildpark Eichert bei Heidenheim (Landkreis Heidenheim) hinabgest\u00fcrzt war.<\/p>\n<p style=\"text-align: justify;\">Ebenfalls am Ostersonntag retteten 12 Einsatzkr\u00e4fte der Bergwachten Stuttgart und Esslingen einen Mountainbiker, der in einem steilen Waldgel\u00e4nde bei Reichenbach\/Fils (Landkreis Esslingen) gest\u00fcrzt war.<\/p>\n<p style=\"text-align: justify;\">Alle Eins\u00e4tze mussten aufgrund der erforderlichen Schutzma\u00dfnahmen unter erschwerten Bedingungen durchgef\u00fchrt werden.<\/p>\n<hr \/>\n<p style=\"text-align: justify;\">\n","protected":false},"excerpt":{"rendered":"<p>Trotz des eindringlichen Appells der DRK Bergwacht W\u00fcrttemberg Orte zu meiden, wo eine Verletzung oder ein medizinischer Notfall einen schwierigen Abtransport erforderlich machen k\u00f6nnte, mussten die Bergretterinnen und Bergretter zu drei Eins\u00e4tzen ausr\u00fccken. Am Ostersamstag waren die Bergwachten Geislingen-Wiesensteig und G\u00f6ppingen mit insgesamt 21 Rettern bei einer aufw\u00e4ndigen Such- und Rettungsaktion am Albtrauf bei Bad [&hellip;]<\/p>\n","protected":false},"author":4,"featured_media":138441,"comment_status":"closed","ping_status":"open","sticky":false,"template":"","format":"standard","meta":{"inline_featured_image":false,"_exactmetrics_skip_tracking":false,"_exactmetrics_sitenote_active":false,"_exactmetrics_sitenote_note":"","_exactmetrics_sitenote_category":0,"footnotes":""},"categories":[59,9098],"tags":[4,15668,14857,14487,5,68,2204],"class_list":{"0":"post-138440","1":"post","2":"type-post","3":"status-publish","4":"format-standard","5":"has-post-thumbnail","7":"category-aktuell","8":"category-baden-wuerttemberg","9":"tag-baden-wurttemberg","10":"tag-bergwacht","11":"tag-die-webzeitung","12":"tag-einsatz","13":"tag-internetzeitung","14":"tag-online-zeitung","15":"tag-rettung"},"image_feature":"https:\/\/die-webzeitung.de\/stuttgart\/wp-content\/uploads\/sites\/4\/2020\/04\/IMG_1536_DRK_BergwachtWuerttemberg_VolkerAdler_1200x800.jpg","author_name":"Redaktion","pure_taxonomies":{"categories":[{"term_id":59,"name":"Aktuell","slug":"aktuell","term_group":0,"term_taxonomy_id":60,"taxonomy":"category","description":"","parent":0,"count":1017,"filter":"raw","image":""},{"term_id":9098,"name":"Baden-W\u00fcrttemberg","slug":"baden-wuerttemberg","term_group":0,"term_taxonomy_id":9124,"taxonomy":"category","description":"","parent":171,"count":238,"filter":"raw","image":""}],"tags":[{"term_id":4,"name":"Baden-W\u00fcrttemberg","slug":"baden-wurttemberg","term_group":0,"term_taxonomy_id":4,"taxonomy":"post_tag","description":"","parent":0,"count":136,"filter":"raw","image":""},{"term_id":15668,"name":"Bergwacht","slug":"bergwacht","term_group":0,"term_taxonomy_id":15687,"taxonomy":"post_tag","description":"","parent":0,"count":14,"filter":"raw","image":""},{"term_id":14857,"name":"Die-Webzeitung","slug":"die-webzeitung","term_group":0,"term_taxonomy_id":14876,"taxonomy":"post_tag","description":"","parent":0,"count":3623,"filter":"raw","image":""},{"term_id":14487,"name":"Einsatz","slug":"einsatz","term_group":0,"term_taxonomy_id":14506,"taxonomy":"post_tag","description":"","parent":0,"count":1,"filter":"raw","image":""},{"term_id":5,"name":"Internetzeitung","slug":"internetzeitung","term_group":0,"term_taxonomy_id":5,"taxonomy":"post_tag","description":"","parent":0,"count":1461,"filter":"raw","image":""},{"term_id":68,"name":"Online-Zeitung","slug":"online-zeitung","term_group":0,"term_taxonomy_id":69,"taxonomy":"post_tag","description":"","parent":0,"count":3593,"filter":"raw","image":""},{"term_id":2204,"name":"Rettung","slug":"rettung","term_group":0,"term_taxonomy_id":2216,"taxonomy":"post_tag","description":"","parent":0,"count":8,"filter":"raw","image":""}]},"_links":{"self":[{"href":"https:\/\/die-webzeitung.de\/stuttgart\/wp-json\/wp\/v2\/posts\/138440","targetHints":{"allow":["GET"]}}],"collection":[{"href":"https:\/\/die-webzeitung.de\/stuttgart\/wp-json\/wp\/v2\/posts"}],"about":[{"href":"https:\/\/die-webzeitung.de\/stuttgart\/wp-json\/wp\/v2\/types\/post"}],"author":[{"embeddable":true,"href":"https:\/\/die-webzeitung.de\/stuttgart\/wp-json\/wp\/v2\/users\/4"}],"replies":[{"embeddable":true,"href":"https:\/\/die-webzeitung.de\/stuttgart\/wp-json\/wp\/v2\/comments?post=138440"}],"version-history":[{"count":0,"href":"https:\/\/die-webzeitung.de\/stuttgart\/wp-json\/wp\/v2\/posts\/138440\/revisions"}],"wp:featuredmedia":[{"embeddable":true,"href":"https:\/\/die-webzeitung.de\/stuttgart\/wp-json\/wp\/v2\/media\/138441"}],"wp:attachment":[{"href":"https:\/\/die-webzeitung.de\/stuttgart\/wp-json\/wp\/v2\/media?parent=138440"}],"wp:term":[{"taxonomy":"category","embeddable":true,"href":"https:\/\/die-webzeitung.de\/stuttgart\/wp-json\/wp\/v2\/categories?post=138440"},{"taxonomy":"post_tag","embeddable":true,"href":"https:\/\/die-webzeitung.de\/stuttgart\/wp-json\/wp\/v2\/tags?post=138440"}],"curies":[{"name":"wp","href":"https:\/\/api.w.org\/{rel}","templated":true}]}}