{"id":138434,"date":"2020-04-13T09:51:04","date_gmt":"2020-04-13T08:51:04","guid":{"rendered":"https:\/\/die-webzeitung.de\/stuttgart\/?p=138434"},"modified":"2020-04-13T09:51:04","modified_gmt":"2020-04-13T08:51:04","slug":"ueberwachung-der-corona-verordnung","status":"publish","type":"post","link":"https:\/\/die-webzeitung.de\/stuttgart\/2020\/04\/13\/ueberwachung-der-corona-verordnung\/","title":{"rendered":"\u00dcberwachung der Corona-Verordnung"},"content":{"rendered":"<h5 style=\"text-align: justify;\"><strong>Lage am Ostersonntag zufriedenstellend<\/strong><br \/>\n<strong>\u00a0<\/strong><br \/>\nLandkreise Esslingen\/Reutlingen\/T\u00fcbingen\/Zollernalbkreis.| Die Einsatzma\u00dfnahmen zur \u00dcberwachung der Corona-Verordnung sind am Osterwochenende verst\u00e4rkt fortgesetzt worden. Wie angek\u00fcndigt, war die Polizei in allen vier Landkreisen insbesondere an bekannten Ausflugszielen, Grillpl\u00e4tzen, Parks, Gr\u00fcnanlagen und sonstigen Pl\u00e4tzen pr\u00e4sent, wo auch aufgrund der Erfahrungen der vergangenen Wochen Ansammlungen von Menschen zu erwarten und schon entsprechende Verst\u00f6\u00dfe festgestellt worden waren. Auch Bikerstrecken und -treffpunkte sowie Jugendtreffs wurden in die Kontrollen einbezogen. Unter anderem wurden auch Gastst\u00e4tten und Prostitutionsbetriebe hinsichtlich der Einhaltung der angeordneten Schlie\u00dfung \u00fcberpr\u00fcft. Wie bereits am 11.04.2020 berichtet, waren bei hoher Kontrolldichte am Gr\u00fcndonnerstag und am Karfreitag zusammen ca. 160 Verst\u00f6\u00dfe aufgedeckt worden. Am Samstag war im Vergleich zum Freitag, als noch knapp hundert Verst\u00f6\u00dfe geahndet werden mussten, ein leichter R\u00fcckgang der Fallzahlen festzustellen. Insgesamt 71 Mal wurden entsprechende Ordnungswidrigkeitenverfahren eingeleitet. Am Ostersonntag stabilisierte sich die Lage erfreulicherweise deutlich: Viele Kontrollen und \u00dcberpr\u00fcfungen verliefen ohne Beanstandungen. Die Zahl der F\u00e4lle, die Bu\u00dfgeldanzeigen zur Folge hatten, sank auf 24.<\/h5>\n<p style=\"text-align: justify;\">Neben Ansammlungen im \u00f6ffentlichen Raum gaben am Wochenende auch private Feiern Anlass zum Einschreiten, so zum Beispiel am Samstagabend, gegen 21.30 Uhr in Wendlingen. Dort war eine Party in einem Mehrfamilienhaus gemeldet worden. Bei der \u00dcberpr\u00fcfung konnten in einer Wohnung 14 Personen angetroffen werden, die die Feier anstandslos beendeten.<\/p>\n<p style=\"text-align: justify;\">Mit einem empfindlichen Bu\u00dfgeld muss der Wirt seiner N\u00fcrtinger Gastst\u00e4tte rechnen, der am Samstagabend offenbar mehrere G\u00e4ste bewirtet hatte. Gegen 19.40 Uhr war ein entsprechender Hinweis bei der Polizei eingegangen. Bei der \u00dcberpr\u00fcfung wurden der Gastwirt, eine Bedienung und f\u00fcnf G\u00e4ste, die sich noch erfolglos zu verstecken versuchten, angetroffen. Alle werden entsprechend zur Anzeige gebracht.<\/p>\n<p style=\"text-align: justify;\">In T\u00fcbingen wurde der Polizei am Samstagnachmittag, gegen 16.50 Uhr, im Bereich der Fu\u00dfg\u00e4ngerbr\u00fccke in der Steinlachallee\/F\u00fcrststra\u00dfe eine nach dem Infektionsschutzgesetz im Zusammenhang mit der Corona-Verordnung verbotene, \u00f6ffentliche Versammlung gemeldet. Etwa 20 Teilnehmer hielten Transparente hoch, sprachen Passanten an und verteilten Flyer, bevor die Personen in einem Aufzug in Richtung Heinlenstra\u00dfe zogen. Bei der anschlie\u00dfenden Kontrolle durch die Polizei stellten die Einsatzkr\u00e4fte die Personalien von 15 \u00fcberwiegend uneinsichtigen Personen fest, gegen die nun Ordnungswidrigkeitenanzeigen gefertigt werden. Nach Aufforderung und Androhung von entsprechenden Platzverweisen entfernten sich die Betroffenen.<\/p>\n<p style=\"text-align: justify;\">Die Kontrollen werden auch am Montag fortgef\u00fchrt.<\/p>\n<hr \/>\n<p style=\"text-align: justify;\">\n","protected":false},"excerpt":{"rendered":"<p>Lage am Ostersonntag zufriedenstellend \u00a0 Landkreise Esslingen\/Reutlingen\/T\u00fcbingen\/Zollernalbkreis.| Die Einsatzma\u00dfnahmen zur \u00dcberwachung der Corona-Verordnung sind am Osterwochenende verst\u00e4rkt fortgesetzt worden. Wie angek\u00fcndigt, war die Polizei in allen vier Landkreisen insbesondere an bekannten Ausflugszielen, Grillpl\u00e4tzen, Parks, Gr\u00fcnanlagen und sonstigen Pl\u00e4tzen pr\u00e4sent, wo auch aufgrund der Erfahrungen der vergangenen Wochen Ansammlungen von Menschen zu erwarten und schon entsprechende [&hellip;]<\/p>\n","protected":false},"author":4,"featured_media":0,"comment_status":"closed","ping_status":"open","sticky":false,"template":"","format":"standard","meta":{"inline_featured_image":false,"_exactmetrics_skip_tracking":false,"_exactmetrics_sitenote_active":false,"_exactmetrics_sitenote_note":"","_exactmetrics_sitenote_category":0,"footnotes":""},"categories":[59,2247],"tags":[16573,14857,14440,5,68,9,986,16637],"class_list":{"0":"post-138434","1":"post","2":"type-post","3":"status-publish","4":"format-standard","6":"category-aktuell","7":"category-kreis-esslingen","8":"tag-corona","9":"tag-die-webzeitung","10":"tag-esslingen","11":"tag-internetzeitung","12":"tag-online-zeitung","13":"tag-schaumedia","14":"tag-uberwachung","15":"tag-versammlungsverbot"},"image_feature":null,"author_name":"Redaktion","pure_taxonomies":{"categories":[{"term_id":59,"name":"Aktuell","slug":"aktuell","term_group":0,"term_taxonomy_id":60,"taxonomy":"category","description":"","parent":0,"count":1017,"filter":"raw","image":""},{"term_id":2247,"name":"Kreis Esslingen","slug":"kreis-esslingen","term_group":0,"term_taxonomy_id":2260,"taxonomy":"category","description":"Informationen aus dem Landkreis Esslingen","parent":171,"count":214,"filter":"raw","image":""}],"tags":[{"term_id":16573,"name":"Corona","slug":"corona","term_group":0,"term_taxonomy_id":16592,"taxonomy":"post_tag","description":"","parent":0,"count":81,"filter":"raw","image":""},{"term_id":14857,"name":"Die-Webzeitung","slug":"die-webzeitung","term_group":0,"term_taxonomy_id":14876,"taxonomy":"post_tag","description":"","parent":0,"count":3623,"filter":"raw","image":""},{"term_id":14440,"name":"Esslingen","slug":"esslingen","term_group":0,"term_taxonomy_id":3885,"taxonomy":"post_tag","description":"","parent":0,"count":202,"filter":"raw","image":""},{"term_id":5,"name":"Internetzeitung","slug":"internetzeitung","term_group":0,"term_taxonomy_id":5,"taxonomy":"post_tag","description":"","parent":0,"count":1461,"filter":"raw","image":""},{"term_id":68,"name":"Online-Zeitung","slug":"online-zeitung","term_group":0,"term_taxonomy_id":69,"taxonomy":"post_tag","description":"","parent":0,"count":3593,"filter":"raw","image":""},{"term_id":9,"name":"SchauMedia","slug":"schaumedia","term_group":0,"term_taxonomy_id":9,"taxonomy":"post_tag","description":"","parent":0,"count":1607,"filter":"raw","image":""},{"term_id":986,"name":"\u00dcberwachung","slug":"uberwachung","term_group":0,"term_taxonomy_id":995,"taxonomy":"post_tag","description":"","parent":0,"count":4,"filter":"raw","image":""},{"term_id":16637,"name":"Versammlungsverbot","slug":"versammlungsverbot","term_group":0,"term_taxonomy_id":16656,"taxonomy":"post_tag","description":"","parent":0,"count":4,"filter":"raw","image":""}]},"_links":{"self":[{"href":"https:\/\/die-webzeitung.de\/stuttgart\/wp-json\/wp\/v2\/posts\/138434","targetHints":{"allow":["GET"]}}],"collection":[{"href":"https:\/\/die-webzeitung.de\/stuttgart\/wp-json\/wp\/v2\/posts"}],"about":[{"href":"https:\/\/die-webzeitung.de\/stuttgart\/wp-json\/wp\/v2\/types\/post"}],"author":[{"embeddable":true,"href":"https:\/\/die-webzeitung.de\/stuttgart\/wp-json\/wp\/v2\/users\/4"}],"replies":[{"embeddable":true,"href":"https:\/\/die-webzeitung.de\/stuttgart\/wp-json\/wp\/v2\/comments?post=138434"}],"version-history":[{"count":1,"href":"https:\/\/die-webzeitung.de\/stuttgart\/wp-json\/wp\/v2\/posts\/138434\/revisions"}],"predecessor-version":[{"id":138435,"href":"https:\/\/die-webzeitung.de\/stuttgart\/wp-json\/wp\/v2\/posts\/138434\/revisions\/138435"}],"wp:attachment":[{"href":"https:\/\/die-webzeitung.de\/stuttgart\/wp-json\/wp\/v2\/media?parent=138434"}],"wp:term":[{"taxonomy":"category","embeddable":true,"href":"https:\/\/die-webzeitung.de\/stuttgart\/wp-json\/wp\/v2\/categories?post=138434"},{"taxonomy":"post_tag","embeddable":true,"href":"https:\/\/die-webzeitung.de\/stuttgart\/wp-json\/wp\/v2\/tags?post=138434"}],"curies":[{"name":"wp","href":"https:\/\/api.w.org\/{rel}","templated":true}]}}