{"id":138400,"date":"2020-04-09T16:59:07","date_gmt":"2020-04-09T15:59:07","guid":{"rendered":"https:\/\/die-webzeitung.de\/stuttgart\/?p=138400"},"modified":"2020-04-09T16:59:07","modified_gmt":"2020-04-09T15:59:07","slug":"schueler-abos-nicht-kuendigen","status":"publish","type":"post","link":"https:\/\/die-webzeitung.de\/stuttgart\/2020\/04\/09\/schueler-abos-nicht-kuendigen\/","title":{"rendered":"Sch\u00fcler-Abos nicht k\u00fcndigen!"},"content":{"rendered":"<ul>\n<li style=\"text-align: justify;\"><strong>Der Landkreis \u00fcbernimmt Eigenanteil f\u00fcr den Monat Mai<\/strong><\/li>\n<li style=\"text-align: justify;\"><strong>Eltern werden entlastet und gleichzeitig der \u00d6PNV stabilisiert<\/strong><\/li>\n<\/ul>\n<p style=\"text-align: justify;\">Kreis B\u00f6blingen.| Landrat Roland Bernhard appelliert an Eltern und deren Schulkinder, die Sch\u00fcler-Abos f\u00fcr den \u00f6ffentlichen Nahverkehr nicht zu k\u00fcndigen: \u201eDie Busunternehmen brauchen jetzt unsere Hilfe, damit sie nach der Corona-Krise weiterhin einen zuverl\u00e4ssigen Schulverkehr anbieten k\u00f6nnen. Ich bitte daher die Eltern, ihre Abos nicht zu k\u00fcndigen, der Landkreis \u00fcbernimmt stattdessen f\u00fcr den Monat Mai die Eigenanteile der Eltern an den Schultickets. Einen Ausfall der Verkehre, wenn der Unterricht beginnt, m\u00fcssen wir mit vereinten Kr\u00e4ften unbedingt vermeiden.\u201c<\/p>\n<p style=\"text-align: justify;\">Insbesondere mittelst\u00e4ndische Busunternehmen kalkulieren fest mit den Fahrgelderl\u00f6sen aus Sch\u00fclerticketverk\u00e4ufen, ein Wegbrechen dieser Einnahmen h\u00e4tte schwere betriebswirtschaftliche Folgen bis hin zur Insolvenz einzelner Firmen. Landrat Bernhard: \u201eEs geht darum, Arbeitspl\u00e4tze zu erhalten und ein elementares Grundangebot f\u00fcr unseres \u00d6PNV zu sichern.&#8221;<\/p>\n<p style=\"text-align: justify;\">Man sei in Gespr\u00e4chen mit dem Verkehrsverbund Stuttgart (VVS), damit eine Abbuchung bei den Eltern f\u00fcr den Monat Mai nicht erfolge, wenn diese im April das Abo beibehalten haben.<\/p>\n<p style=\"text-align: justify;\">Auch die Unternehmen im sogenannten freigestellten Sch\u00fclerverkehr, also den Verkehren zu den Sonderp\u00e4dagogischen Bildungs- und Beratungszentren (SBBZ), den sogenannten Sonderschulen und F\u00f6rderschulen, erhalten eine Liquidit\u00e4tshilfe. Abschlagszahlungen in H\u00f6he von 75%, vergleichbar den Fixkosten der Verg\u00fctung, werden weiterbezahlt. Dies soll die Liquidit\u00e4t der Unternehmen st\u00fctzen. Abgerechnet wird zu einem sp\u00e4teren Zeitpunkt. Dabei sind dann insbesondere ersparte Aufwendungen oder etwaige Ausgleichsleistungen Dritter, die von den Unternehmen vorrangig zu nutzen sind, gegenzurechnen und abzuziehen.<\/p>\n<p style=\"text-align: justify;\">Das 100-Millionen-Sofortpaket des Landes versetzt den Landkreis in die Lage, \u00f6ffentliche Mittel schnell und zielgenau einzusetzen. Landrat Bernhard verbindet die vom Land gew\u00e4hrte Abschlagszahlung mit einem herzlichen Dankesch\u00f6n an das Land, zugleich aber auch mit der Erwartung, die Kosten vollst\u00e4ndig vom Land ersetzt zu bekommen.<\/p>\n<p style=\"text-align: justify;\">Um eine verl\u00e4ssliche Grundversorgung bei der Mobilit\u00e4t, aber auch ein Wiederhochfahren des Verkehrsangebots zu gew\u00e4hrleisten, wird an weiteren L\u00f6sungen gearbeitet.<\/p>\n<p style=\"text-align: justify;\">Landrat Roland Bernhard: \u201eIch freue mich schnell helfen zu k\u00f6nnen. Familien werden dadurch ein St\u00fcck weit gest\u00e4rkt, entlastet und stabilisiert. Die Aufrechterhaltung der erforderlichen Infrastruktur hat ebenfalls hohe Priorit\u00e4t. Sie garantiert die Mobilit\u00e4t von uns Allen. Wichtig ist dabei jetzt der Erhalt der Verkehrsunternehmen, damit sie auch nach der Corona-Krise wieder voll einsatzf\u00e4hig sind.\u201c<\/p>\n<hr \/>\n<p style=\"text-align: justify;\">\n","protected":false},"excerpt":{"rendered":"<p>Der Landkreis \u00fcbernimmt Eigenanteil f\u00fcr den Monat Mai Eltern werden entlastet und gleichzeitig der \u00d6PNV stabilisiert Kreis B\u00f6blingen.| Landrat Roland Bernhard appelliert an Eltern und deren Schulkinder, die Sch\u00fcler-Abos f\u00fcr den \u00f6ffentlichen Nahverkehr nicht zu k\u00fcndigen: \u201eDie Busunternehmen brauchen jetzt unsere Hilfe, damit sie nach der Corona-Krise weiterhin einen zuverl\u00e4ssigen Schulverkehr anbieten k\u00f6nnen. Ich bitte [&hellip;]<\/p>\n","protected":false},"author":4,"featured_media":0,"comment_status":"closed","ping_status":"open","sticky":false,"template":"","format":"standard","meta":{"inline_featured_image":false,"_exactmetrics_skip_tracking":false,"_exactmetrics_sitenote_active":false,"_exactmetrics_sitenote_note":"","_exactmetrics_sitenote_category":0,"footnotes":""},"categories":[2246],"tags":[3061,14857,5,68,9,16630],"class_list":{"0":"post-138400","1":"post","2":"type-post","3":"status-publish","4":"format-standard","6":"category-kreis-boeblingen","7":"tag-boblingen","8":"tag-die-webzeitung","9":"tag-internetzeitung","10":"tag-online-zeitung","11":"tag-schaumedia","12":"tag-schueler-abos"},"image_feature":null,"author_name":"Redaktion","pure_taxonomies":{"categories":[{"term_id":2246,"name":"Kreis B\u00f6blingen","slug":"kreis-boeblingen","term_group":0,"term_taxonomy_id":2259,"taxonomy":"category","description":"","parent":171,"count":197,"filter":"raw","image":""}],"tags":[{"term_id":3061,"name":"B\u00f6blingen","slug":"boblingen","term_group":0,"term_taxonomy_id":3075,"taxonomy":"post_tag","description":"","parent":0,"count":260,"filter":"raw","image":""},{"term_id":14857,"name":"Die-Webzeitung","slug":"die-webzeitung","term_group":0,"term_taxonomy_id":14876,"taxonomy":"post_tag","description":"","parent":0,"count":3623,"filter":"raw","image":""},{"term_id":5,"name":"Internetzeitung","slug":"internetzeitung","term_group":0,"term_taxonomy_id":5,"taxonomy":"post_tag","description":"","parent":0,"count":1461,"filter":"raw","image":""},{"term_id":68,"name":"Online-Zeitung","slug":"online-zeitung","term_group":0,"term_taxonomy_id":69,"taxonomy":"post_tag","description":"","parent":0,"count":3593,"filter":"raw","image":""},{"term_id":9,"name":"SchauMedia","slug":"schaumedia","term_group":0,"term_taxonomy_id":9,"taxonomy":"post_tag","description":"","parent":0,"count":1607,"filter":"raw","image":""},{"term_id":16630,"name":"Sch\u00fcler-Abos","slug":"schueler-abos","term_group":0,"term_taxonomy_id":16649,"taxonomy":"post_tag","description":"","parent":0,"count":1,"filter":"raw","image":""}]},"_links":{"self":[{"href":"https:\/\/die-webzeitung.de\/stuttgart\/wp-json\/wp\/v2\/posts\/138400","targetHints":{"allow":["GET"]}}],"collection":[{"href":"https:\/\/die-webzeitung.de\/stuttgart\/wp-json\/wp\/v2\/posts"}],"about":[{"href":"https:\/\/die-webzeitung.de\/stuttgart\/wp-json\/wp\/v2\/types\/post"}],"author":[{"embeddable":true,"href":"https:\/\/die-webzeitung.de\/stuttgart\/wp-json\/wp\/v2\/users\/4"}],"replies":[{"embeddable":true,"href":"https:\/\/die-webzeitung.de\/stuttgart\/wp-json\/wp\/v2\/comments?post=138400"}],"version-history":[{"count":1,"href":"https:\/\/die-webzeitung.de\/stuttgart\/wp-json\/wp\/v2\/posts\/138400\/revisions"}],"predecessor-version":[{"id":138401,"href":"https:\/\/die-webzeitung.de\/stuttgart\/wp-json\/wp\/v2\/posts\/138400\/revisions\/138401"}],"wp:attachment":[{"href":"https:\/\/die-webzeitung.de\/stuttgart\/wp-json\/wp\/v2\/media?parent=138400"}],"wp:term":[{"taxonomy":"category","embeddable":true,"href":"https:\/\/die-webzeitung.de\/stuttgart\/wp-json\/wp\/v2\/categories?post=138400"},{"taxonomy":"post_tag","embeddable":true,"href":"https:\/\/die-webzeitung.de\/stuttgart\/wp-json\/wp\/v2\/tags?post=138400"}],"curies":[{"name":"wp","href":"https:\/\/api.w.org\/{rel}","templated":true}]}}