{"id":138372,"date":"2020-04-06T13:13:22","date_gmt":"2020-04-06T12:13:22","guid":{"rendered":"https:\/\/die-webzeitung.de\/stuttgart\/?p=138372"},"modified":"2020-04-06T13:13:22","modified_gmt":"2020-04-06T12:13:22","slug":"landkreis-verteilt-schutzausruestung-aus-eigener-bestellung","status":"publish","type":"post","link":"https:\/\/die-webzeitung.de\/stuttgart\/2020\/04\/06\/landkreis-verteilt-schutzausruestung-aus-eigener-bestellung\/","title":{"rendered":"Landkreis verteilt Schutzausr\u00fcstung aus eigener Bestellung"},"content":{"rendered":"<ul>\n<li style=\"text-align: justify;\"><strong>Landrat Roland Bernhard: \u201eWir sind froh, Pflegedienste und \u2013heime unterst\u00fctzen zu k\u00f6nnen.\u201c<\/strong><\/li>\n<li style=\"text-align: justify;\"><strong>Ausgabe nach Schl\u00fcssel an station\u00e4re Pflege, ambulante Dienste und kritische Infrastrukturen\u00a0<\/strong><\/li>\n<\/ul>\n<p style=\"text-align: justify;\">Kreis B\u00f6blingen.| Der Landkreis B\u00f6blingen unternimmt im Zuge einer Freiwilligkeitsleistung gro\u00dfe Anstrengungen, um Schutzausr\u00fcstung gegen die Verbreitung des Coronavirus zu beschaffen. Die Gesamtsumme aller aktuell laufenden Bestellungen summiert sich mittlerweile auf 1,9 Millionen Euro. Eine erste Lieferung, bestehend aus 20.000 FFP2-Masken, konnte jetzt verteilt werden. \u201eWir sind froh, hier unterst\u00fctzen zu k\u00f6nnen und damit einen Beitrag zur Eind\u00e4mmung des Virus in der besonders gef\u00e4hrdeten Gruppe der Pflegebed\u00fcrftigen zu leisten\u201c,\u201c, sagt der B\u00f6blinger Landrat Roland Bernhard.<\/p>\n<p style=\"text-align: justify;\">Im Krisenstab des Landkreises B\u00f6blingen ist eine umfassende Bestandsermittlung gemacht worden \u2013 fl\u00e4chendeckend bei allen Bereichen ambulanten und station\u00e4ren Pflege, bei Rettungsdiensten, niedergelassenen \u00c4rzten, Hebammen, Bestattern, Jugendbetreuungseinrichtungen, Katastrophenschutzeinheiten, Betreibern kritischer Infrastrukturen und Polizeibeh\u00f6rden. Daraus wurde ein Verteilungsschl\u00fcssel errechnet. \u201eVerteilt wird, so wie wir etwas haben, und zu denen, bei denen die Not am gr\u00f6\u00dften ist\u201c, so der Landrat.<\/p>\n<p style=\"text-align: justify;\">So wie jetzt am Wochenende passiert. Die H\u00e4lfte der Lieferung wurde an Pflegeheime und ambulante Pflegedienste verteilt; die andere H\u00e4lfte an Einrichtungen der Kritischen Infrastruktur und der Jugendhilfe. \u201eEs ist nicht prim\u00e4r die Aufgabe der Landkreisverwaltung, Schutzausr\u00fcstung einzukaufen und vorzuhalten\u201c, so Landrat Roland Bernhard. \u201eAber wir sind froh, auf diese Weise unterst\u00fctzen zu k\u00f6nnen.\u201c Die Dinge werden zum Einkaufspreis weitergeben.<\/p>\n<p style=\"text-align: justify;\">Wann weitere Lieferungen eintreffen, kann nie vorab gesagt werden. \u201eWir k\u00f6nnen immer erst an eine Verteilung denken, wenn wir selbst die Paletten auf dem Hof haben\u201c, so Bernhard. Aber, so versichert er, beim Landkreis selbst verbleibe die Ware nicht lang. \u201eDer Krisenstab mit allen Beteiligten leistet hier eine gro\u00dfartige Arbeit.\u201c Dennoch sollten alle Beteiligten nicht nachlassen in ihren Bem\u00fchungen, an ben\u00f6tigte Schutzausr\u00fcstungsgegenst\u00e4nde zu kommen. \u201eKeiner wei\u00df, wann wer was bekommt, darum sollten sich alle weiterhin bem\u00fchen.\u201c<\/p>\n<p style=\"text-align: justify;\">Von Anfragen an die Landkreisverwaltung wird gebeten, abzusehen. \u201eWir haben den Bedarf ermittelt und kommen auf die Stellen zu, wenn wir etwas haben.\u201c<\/p>\n<hr \/>\n<p style=\"text-align: justify;\">\n","protected":false},"excerpt":{"rendered":"<p>Landrat Roland Bernhard: \u201eWir sind froh, Pflegedienste und \u2013heime unterst\u00fctzen zu k\u00f6nnen.\u201c Ausgabe nach Schl\u00fcssel an station\u00e4re Pflege, ambulante Dienste und kritische Infrastrukturen\u00a0 Kreis B\u00f6blingen.| Der Landkreis B\u00f6blingen unternimmt im Zuge einer Freiwilligkeitsleistung gro\u00dfe Anstrengungen, um Schutzausr\u00fcstung gegen die Verbreitung des Coronavirus zu beschaffen. Die Gesamtsumme aller aktuell laufenden Bestellungen summiert sich mittlerweile auf 1,9 [&hellip;]<\/p>\n","protected":false},"author":4,"featured_media":0,"comment_status":"closed","ping_status":"open","sticky":false,"template":"","format":"standard","meta":{"inline_featured_image":false,"_exactmetrics_skip_tracking":false,"_exactmetrics_sitenote_active":false,"_exactmetrics_sitenote_note":"","_exactmetrics_sitenote_category":0,"footnotes":""},"categories":[2246],"tags":[3061,14857,5,68,9,16618,11282],"class_list":{"0":"post-138372","1":"post","2":"type-post","3":"status-publish","4":"format-standard","6":"category-kreis-boeblingen","7":"tag-boblingen","8":"tag-die-webzeitung","9":"tag-internetzeitung","10":"tag-online-zeitung","11":"tag-schaumedia","12":"tag-schutzausruestung","13":"tag-verteilung"},"image_feature":null,"author_name":"Redaktion","pure_taxonomies":{"categories":[{"term_id":2246,"name":"Kreis B\u00f6blingen","slug":"kreis-boeblingen","term_group":0,"term_taxonomy_id":2259,"taxonomy":"category","description":"","parent":171,"count":197,"filter":"raw","image":""}],"tags":[{"term_id":3061,"name":"B\u00f6blingen","slug":"boblingen","term_group":0,"term_taxonomy_id":3075,"taxonomy":"post_tag","description":"","parent":0,"count":260,"filter":"raw","image":""},{"term_id":14857,"name":"Die-Webzeitung","slug":"die-webzeitung","term_group":0,"term_taxonomy_id":14876,"taxonomy":"post_tag","description":"","parent":0,"count":3623,"filter":"raw","image":""},{"term_id":5,"name":"Internetzeitung","slug":"internetzeitung","term_group":0,"term_taxonomy_id":5,"taxonomy":"post_tag","description":"","parent":0,"count":1461,"filter":"raw","image":""},{"term_id":68,"name":"Online-Zeitung","slug":"online-zeitung","term_group":0,"term_taxonomy_id":69,"taxonomy":"post_tag","description":"","parent":0,"count":3593,"filter":"raw","image":""},{"term_id":9,"name":"SchauMedia","slug":"schaumedia","term_group":0,"term_taxonomy_id":9,"taxonomy":"post_tag","description":"","parent":0,"count":1607,"filter":"raw","image":""},{"term_id":16618,"name":"Schutzausr\u00fcstung","slug":"schutzausruestung","term_group":0,"term_taxonomy_id":16637,"taxonomy":"post_tag","description":"","parent":0,"count":2,"filter":"raw","image":""},{"term_id":11282,"name":"Verteilung","slug":"verteilung","term_group":0,"term_taxonomy_id":11320,"taxonomy":"post_tag","description":"","parent":0,"count":2,"filter":"raw","image":""}]},"_links":{"self":[{"href":"https:\/\/die-webzeitung.de\/stuttgart\/wp-json\/wp\/v2\/posts\/138372","targetHints":{"allow":["GET"]}}],"collection":[{"href":"https:\/\/die-webzeitung.de\/stuttgart\/wp-json\/wp\/v2\/posts"}],"about":[{"href":"https:\/\/die-webzeitung.de\/stuttgart\/wp-json\/wp\/v2\/types\/post"}],"author":[{"embeddable":true,"href":"https:\/\/die-webzeitung.de\/stuttgart\/wp-json\/wp\/v2\/users\/4"}],"replies":[{"embeddable":true,"href":"https:\/\/die-webzeitung.de\/stuttgart\/wp-json\/wp\/v2\/comments?post=138372"}],"version-history":[{"count":1,"href":"https:\/\/die-webzeitung.de\/stuttgart\/wp-json\/wp\/v2\/posts\/138372\/revisions"}],"predecessor-version":[{"id":138373,"href":"https:\/\/die-webzeitung.de\/stuttgart\/wp-json\/wp\/v2\/posts\/138372\/revisions\/138373"}],"wp:attachment":[{"href":"https:\/\/die-webzeitung.de\/stuttgart\/wp-json\/wp\/v2\/media?parent=138372"}],"wp:term":[{"taxonomy":"category","embeddable":true,"href":"https:\/\/die-webzeitung.de\/stuttgart\/wp-json\/wp\/v2\/categories?post=138372"},{"taxonomy":"post_tag","embeddable":true,"href":"https:\/\/die-webzeitung.de\/stuttgart\/wp-json\/wp\/v2\/tags?post=138372"}],"curies":[{"name":"wp","href":"https:\/\/api.w.org\/{rel}","templated":true}]}}