{"id":138329,"date":"2020-04-03T16:56:03","date_gmt":"2020-04-03T15:56:03","guid":{"rendered":"https:\/\/die-webzeitung.de\/stuttgart\/2020\/04\/03\/dfb-frauen-fussball-aussetzung-des-spielbetriebs-wird-fortgesetzt\/"},"modified":"2020-04-03T16:56:03","modified_gmt":"2020-04-03T15:56:03","slug":"dfb-frauen-fussball-aussetzung-des-spielbetriebs-wird-fortgesetzt","status":"publish","type":"post","link":"https:\/\/die-webzeitung.de\/stuttgart\/2020\/04\/03\/dfb-frauen-fussball-aussetzung-des-spielbetriebs-wird-fortgesetzt\/","title":{"rendered":"DFB Frauen-Fu\u00dfball: Aussetzung des Spielbetriebs wird fortgesetzt"},"content":{"rendered":"<div>\n<p style=\"text-align: justify;\">Der DFB-Pokal der Frauen bleibt aufgrund der Corona-Krise bis 30. April ausgesetzt. Der zust\u00e4ndige DFB-Ausschuss f\u00fcr Frauen- und M\u00e4dchenfu\u00dfball folgt damit dem Vorgehen der 3. Liga und FLYERALARM Frauen-Bundesliga. Dort hatten die jeweiligen Gremien bereits in den vergangenen Tagen eine Aussetzung des Spielbetriebs bis 30. April beschlossen. Alle genannten Wettbewerbe sind dem Profispielbetrieb zugeordnet.<\/p>\n<p style=\"text-align: justify;\">Wann und in welcher Form der DFB-Pokal der Frauen fortgesetzt werden kann, wird in Abh\u00e4ngigkeit von der beh\u00f6rdlichen Verf\u00fcgungslage entschieden. Die n\u00e4chste zu spielende Runde w\u00e4re das Viertelfinale.<\/p>\n<p style=\"text-align: justify;\">Ohne festgelegte Frist, sondern bis auf Weiteres ausgesetzt bleibt der Spielbetrieb in der 2. Frauen-Bundesliga sowie in den Bundesligen der Junioren und Juniorinnen. Eine Fortsetzung des Spielbetriebs soll mindestens zwei Wochen vorher angek\u00fcndigt werden. Darauf haben sich der DFB-Jugendausschuss, der DFB-Ausschuss f\u00fcr Frauen- und M\u00e4dchenfu\u00dfball sowie der Ausschuss Frauen-Bundesligen als zust\u00e4ndige Gremien in Austausch mit den Vereinen verst\u00e4ndigt. Das weitere Vorgehen ist abh\u00e4ngig von der beh\u00f6rdlichen Verf\u00fcgungslage.<\/p>\n<p style=\"text-align: justify;\">Auch die Pr\u00e4sidenten der Regional- und Landesverb\u00e4nde haben im Rahmen ihrer j\u00fcngsten Sitzung deutschlandweit f\u00fcr den Amateurfu\u00dfball beschlossen, den Spielbetrieb aufgrund der jeweiligen staatlichen Verf\u00fcgungslagen bis auf Weiteres auszusetzen. Hier gilt ebenfalls, dass eine Fortsetzung des Spielbetriebs mindestens 14 Tage vorher angek\u00fcndigt werden soll.<\/p>\n<p style=\"text-align: justify;\">Die Regional- und Landesverb\u00e4nde sind bestrebt, m\u00f6glichst einheitliche L\u00f6sungen f\u00fcr das weitere Vorgehen zu finden. Mit Blick auf die unterschiedlichen regionalen Gegebenheiten und Voraussetzungen sind individuelle Entscheidungen und Ma\u00dfnahmen der Landesverb\u00e4nde f\u00fcr ihre Wettbewerbe gleichwohl nicht ausgeschlossen. Aufgrund der f\u00f6deralen Struktur des DFB ist jeder Verband in seinem Verbandsgebiet f\u00fcr den Amateurfu\u00dfball statuarisch zust\u00e4ndig.<\/p>\n<hr \/>\n<p style=\"text-align: justify;\">\n<\/div>\n","protected":false},"excerpt":{"rendered":"<p>Der DFB-Pokal der Frauen bleibt aufgrund der Corona-Krise bis 30. April ausgesetzt. Der zust\u00e4ndige DFB-Ausschuss f\u00fcr Frauen- und M\u00e4dchenfu\u00dfball folgt damit dem Vorgehen der 3. Liga und FLYERALARM Frauen-Bundesliga. Dort hatten die jeweiligen Gremien bereits in den vergangenen Tagen eine Aussetzung des Spielbetriebs bis 30. April beschlossen. Alle genannten Wettbewerbe sind dem Profispielbetrieb zugeordnet. Wann [&hellip;]<\/p>\n","protected":false},"author":4,"featured_media":0,"comment_status":"closed","ping_status":"open","sticky":false,"template":"","format":"standard","meta":{"inline_featured_image":false,"_exactmetrics_skip_tracking":false,"_exactmetrics_sitenote_active":false,"_exactmetrics_sitenote_note":"","_exactmetrics_sitenote_category":0,"footnotes":""},"categories":[110],"tags":[131,11983,14857,11572,129,5,68],"class_list":{"0":"post-138329","1":"post","2":"type-post","3":"status-publish","4":"format-standard","6":"category-sport","7":"tag-bundesliga","8":"tag-dfb","9":"tag-die-webzeitung","10":"tag-frauenfusball","11":"tag-fusball","12":"tag-internetzeitung","13":"tag-online-zeitung"},"image_feature":null,"author_name":"Redaktion","pure_taxonomies":{"categories":[{"term_id":110,"name":"Sport","slug":"sport","term_group":0,"term_taxonomy_id":112,"taxonomy":"category","description":"Sportberichte","parent":0,"count":1043,"filter":"raw","image":""}],"tags":[{"term_id":131,"name":"Bundesliga","slug":"bundesliga","term_group":0,"term_taxonomy_id":133,"taxonomy":"post_tag","description":"","parent":0,"count":699,"filter":"raw","image":""},{"term_id":11983,"name":"DFB","slug":"dfb","term_group":0,"term_taxonomy_id":12021,"taxonomy":"post_tag","description":"","parent":0,"count":46,"filter":"raw","image":""},{"term_id":14857,"name":"Die-Webzeitung","slug":"die-webzeitung","term_group":0,"term_taxonomy_id":14876,"taxonomy":"post_tag","description":"","parent":0,"count":3623,"filter":"raw","image":""},{"term_id":11572,"name":"Frauenfu\u00dfball","slug":"frauenfusball","term_group":0,"term_taxonomy_id":11610,"taxonomy":"post_tag","description":"","parent":0,"count":7,"filter":"raw","image":""},{"term_id":129,"name":"Fu\u00dfball","slug":"fusball","term_group":0,"term_taxonomy_id":131,"taxonomy":"post_tag","description":"","parent":0,"count":171,"filter":"raw","image":""},{"term_id":5,"name":"Internetzeitung","slug":"internetzeitung","term_group":0,"term_taxonomy_id":5,"taxonomy":"post_tag","description":"","parent":0,"count":1461,"filter":"raw","image":""},{"term_id":68,"name":"Online-Zeitung","slug":"online-zeitung","term_group":0,"term_taxonomy_id":69,"taxonomy":"post_tag","description":"","parent":0,"count":3593,"filter":"raw","image":""}]},"_links":{"self":[{"href":"https:\/\/die-webzeitung.de\/stuttgart\/wp-json\/wp\/v2\/posts\/138329","targetHints":{"allow":["GET"]}}],"collection":[{"href":"https:\/\/die-webzeitung.de\/stuttgart\/wp-json\/wp\/v2\/posts"}],"about":[{"href":"https:\/\/die-webzeitung.de\/stuttgart\/wp-json\/wp\/v2\/types\/post"}],"author":[{"embeddable":true,"href":"https:\/\/die-webzeitung.de\/stuttgart\/wp-json\/wp\/v2\/users\/4"}],"replies":[{"embeddable":true,"href":"https:\/\/die-webzeitung.de\/stuttgart\/wp-json\/wp\/v2\/comments?post=138329"}],"version-history":[{"count":0,"href":"https:\/\/die-webzeitung.de\/stuttgart\/wp-json\/wp\/v2\/posts\/138329\/revisions"}],"wp:attachment":[{"href":"https:\/\/die-webzeitung.de\/stuttgart\/wp-json\/wp\/v2\/media?parent=138329"}],"wp:term":[{"taxonomy":"category","embeddable":true,"href":"https:\/\/die-webzeitung.de\/stuttgart\/wp-json\/wp\/v2\/categories?post=138329"},{"taxonomy":"post_tag","embeddable":true,"href":"https:\/\/die-webzeitung.de\/stuttgart\/wp-json\/wp\/v2\/tags?post=138329"}],"curies":[{"name":"wp","href":"https:\/\/api.w.org\/{rel}","templated":true}]}}