{"id":138304,"date":"2020-04-01T16:22:45","date_gmt":"2020-04-01T15:22:45","guid":{"rendered":"https:\/\/die-webzeitung.de\/stuttgart\/2020\/04\/01\/rettung-aus-unwegsamem-gelaende-sichergestellt\/"},"modified":"2020-04-01T16:22:45","modified_gmt":"2020-04-01T15:22:45","slug":"rettung-aus-unwegsamem-gelaende-sichergestellt","status":"publish","type":"post","link":"https:\/\/die-webzeitung.de\/stuttgart\/2020\/04\/01\/rettung-aus-unwegsamem-gelaende-sichergestellt\/","title":{"rendered":"Rettung aus unwegsamem Gel\u00e4nde sichergestellt"},"content":{"rendered":"<h5 style=\"text-align: justify;\"><strong>DRK Bergwacht W\u00fcrttemberg ist einsatzf\u00e4hig<\/strong><\/h5>\n<p style=\"text-align: justify;\">\u201eDie 19 Bergwachten der DRK Bergwacht W\u00fcrttemberg stellen die Rettung aus unwegsamem Gel\u00e4nde auch in diesen schwierigen Corona-Zeiten sicher\u201c sagt Armin Guttenberger, Landesleiter der DRK Bergwacht W\u00fcrttemberg. Die Bergwachtleiter seien durch die Bergwacht Landes\u00e4rztin Ute M\u00fcller instruiert worden, wie sich die Bergretter und Bergretterinnen im Einsatzfall zu verhalten haben. Trotz allem Engagement im Einsatz habe die Eigensicherung oberste Priorit\u00e4t. Guttenberger: \u201eGerade im steilen, schwierigen und gef\u00e4hrlichen Gel\u00e4nde k\u00f6nnen die erforderlichen Mindestabst\u00e4nde und die geforderte Personenanzahl nicht gew\u00e4hrleistet werde. Hier sind die Retter zus\u00e4tzlich einer erh\u00f6hten Gef\u00e4hrdung ausgesetzt.\u201c<\/p>\n<p style=\"text-align: justify;\">\u201eBereits zum zweiten Mal innerhalb von zwei Tagen mussten Bergretter in einem Einsatzleitgebiet verungl\u00fcckte Wanderer aus unwegsamem und steilen Gel\u00e4nde retten\u201c erg\u00e4nzt Raimund Wimmer, Pressesprecher der DRK Bergwacht W\u00fcrttemberg.<\/p>\n<p style=\"text-align: justify;\">Deshalb appelliert die gesamte Landesleitung der DRK Bergwacht W\u00fcrttemberg an die Bev\u00f6lkerung:<\/p>\n<ul>\n<li style=\"text-align: justify;\">Stillen Sie ihren verst\u00e4ndlichen Hunger nach Luft und Sonne nicht auf steilen Wanderwegen wie zum Beispiel am Albtrauf!<\/li>\n<li style=\"text-align: justify;\">Gehen sie auf ebenen Wegen spazieren und halten dabei den n\u00f6tigen Sicherheitsabstand!<\/li>\n<li style=\"text-align: justify;\">Unterlassen Sie Mountainbiketouren im steilen Gel\u00e4nde!<\/li>\n<\/ul>\n<p style=\"text-align: justify;\">Sie sch\u00fctzen dabei sich und die Retter!<\/p>\n<hr \/>\n<p style=\"text-align: justify;\">\n","protected":false},"excerpt":{"rendered":"<p>DRK Bergwacht W\u00fcrttemberg ist einsatzf\u00e4hig \u201eDie 19 Bergwachten der DRK Bergwacht W\u00fcrttemberg stellen die Rettung aus unwegsamem Gel\u00e4nde auch in diesen schwierigen Corona-Zeiten sicher\u201c sagt Armin Guttenberger, Landesleiter der DRK Bergwacht W\u00fcrttemberg. Die Bergwachtleiter seien durch die Bergwacht Landes\u00e4rztin Ute M\u00fcller instruiert worden, wie sich die Bergretter und Bergretterinnen im Einsatzfall zu verhalten haben. Trotz [&hellip;]<\/p>\n","protected":false},"author":4,"featured_media":0,"comment_status":"closed","ping_status":"open","sticky":false,"template":"","format":"standard","meta":{"inline_featured_image":false,"_exactmetrics_skip_tracking":false,"_exactmetrics_sitenote_active":false,"_exactmetrics_sitenote_note":"","_exactmetrics_sitenote_category":0,"footnotes":""},"categories":[9098],"tags":[15668,14857,5,68,11511],"class_list":{"0":"post-138304","1":"post","2":"type-post","3":"status-publish","4":"format-standard","6":"category-baden-wuerttemberg","7":"tag-bergwacht","8":"tag-die-webzeitung","9":"tag-internetzeitung","10":"tag-online-zeitung","11":"tag-wurttemberg"},"image_feature":null,"author_name":"Redaktion","pure_taxonomies":{"categories":[{"term_id":9098,"name":"Baden-W\u00fcrttemberg","slug":"baden-wuerttemberg","term_group":0,"term_taxonomy_id":9124,"taxonomy":"category","description":"","parent":171,"count":238,"filter":"raw","image":""}],"tags":[{"term_id":15668,"name":"Bergwacht","slug":"bergwacht","term_group":0,"term_taxonomy_id":15687,"taxonomy":"post_tag","description":"","parent":0,"count":14,"filter":"raw","image":""},{"term_id":14857,"name":"Die-Webzeitung","slug":"die-webzeitung","term_group":0,"term_taxonomy_id":14876,"taxonomy":"post_tag","description":"","parent":0,"count":3623,"filter":"raw","image":""},{"term_id":5,"name":"Internetzeitung","slug":"internetzeitung","term_group":0,"term_taxonomy_id":5,"taxonomy":"post_tag","description":"","parent":0,"count":1461,"filter":"raw","image":""},{"term_id":68,"name":"Online-Zeitung","slug":"online-zeitung","term_group":0,"term_taxonomy_id":69,"taxonomy":"post_tag","description":"","parent":0,"count":3593,"filter":"raw","image":""},{"term_id":11511,"name":"W\u00fcrttemberg","slug":"wurttemberg","term_group":0,"term_taxonomy_id":11549,"taxonomy":"post_tag","description":"","parent":0,"count":1,"filter":"raw","image":""}]},"_links":{"self":[{"href":"https:\/\/die-webzeitung.de\/stuttgart\/wp-json\/wp\/v2\/posts\/138304","targetHints":{"allow":["GET"]}}],"collection":[{"href":"https:\/\/die-webzeitung.de\/stuttgart\/wp-json\/wp\/v2\/posts"}],"about":[{"href":"https:\/\/die-webzeitung.de\/stuttgart\/wp-json\/wp\/v2\/types\/post"}],"author":[{"embeddable":true,"href":"https:\/\/die-webzeitung.de\/stuttgart\/wp-json\/wp\/v2\/users\/4"}],"replies":[{"embeddable":true,"href":"https:\/\/die-webzeitung.de\/stuttgart\/wp-json\/wp\/v2\/comments?post=138304"}],"version-history":[{"count":0,"href":"https:\/\/die-webzeitung.de\/stuttgart\/wp-json\/wp\/v2\/posts\/138304\/revisions"}],"wp:attachment":[{"href":"https:\/\/die-webzeitung.de\/stuttgart\/wp-json\/wp\/v2\/media?parent=138304"}],"wp:term":[{"taxonomy":"category","embeddable":true,"href":"https:\/\/die-webzeitung.de\/stuttgart\/wp-json\/wp\/v2\/categories?post=138304"},{"taxonomy":"post_tag","embeddable":true,"href":"https:\/\/die-webzeitung.de\/stuttgart\/wp-json\/wp\/v2\/tags?post=138304"}],"curies":[{"name":"wp","href":"https:\/\/api.w.org\/{rel}","templated":true}]}}