{"id":138302,"date":"2020-04-01T16:17:22","date_gmt":"2020-04-01T15:17:22","guid":{"rendered":"https:\/\/die-webzeitung.de\/stuttgart\/?p=138302"},"modified":"2020-04-01T16:17:22","modified_gmt":"2020-04-01T15:17:22","slug":"polizei-kontrolliert-intensiv-stuttgarter-bau-und-gartenmaerkte","status":"publish","type":"post","link":"https:\/\/die-webzeitung.de\/stuttgart\/2020\/04\/01\/polizei-kontrolliert-intensiv-stuttgarter-bau-und-gartenmaerkte\/","title":{"rendered":"Polizei kontrolliert intensiv Stuttgarter Bau- und Gartenm\u00e4rkte"},"content":{"rendered":"<p style=\"text-align: justify;\">Stuttgart.| Die Stuttgarter Polizei wird bereits am morgigen Donnerstag (02.04.2020) die Bau- und Gartenm\u00e4rkte in Stuttgart im Hinblick auf die einzuhaltenden Schutzma\u00dfnahmen zur Eind\u00e4mmung des Coronavirus \u00fcberpr\u00fcfen.<\/p>\n<p style=\"text-align: justify;\">Polizeistreifen beobachteten in der vergangenen Woche, dass insbesondere vor und in den gro\u00dfen M\u00e4rkten, in denen verst\u00e4ndlicherweise viele Menschen ihre Besorgungen erledigen, die Hygiene- und Abstandsregeln nicht ausreichend eingehalten werden. Beispielsweise stehen die Eink\u00e4ufer in Schlangen vor den L\u00e4den und dort sogar zu nahe beieinander oder sie halten die Abstandsregeln direkt beim Einkaufen vor den Regalen und in den Laufstra\u00dfen der M\u00e4rkte selbst nicht ein. Auch die von den Betreibern der M\u00e4rkte einzurichtenden Zugangsregelungen waren teilweise unzul\u00e4nglich.<\/p>\n<p style=\"text-align: justify;\">Die polizeilichen Erkenntnisse der Kontrolle werden unverz\u00fcglich der Stadtverwaltung \u00fcbermittelt, die die weiteren Schritte pr\u00fcft. Bislang sind unter anderem diese M\u00e4rkte von der Untersagung des Betriebs aller Verkaufsstellen des Einzelhandels ausgenommen, soweit sie die notwendigen Ma\u00dfnahmen ergreifen, um ihre Kunden vor der Gefahr einer \u00dcbertragung des Coronavirus zu sch\u00fctzen. Diese Ma\u00dfnahmen umfassen im Wesentlichen die Steuerung des Zutritts der Kunden, die Vermeidung von Warteschlangen und die Einhaltung eines Abstands von mindestens 1, 5 Metern. Bei der Feststellung von Verst\u00f6\u00dfen ist mit der Fertigung von Ordnungswidrigkeitenanzeigen zu rechnen.<\/p>\n<hr \/>\n<p style=\"text-align: justify;\">\n","protected":false},"excerpt":{"rendered":"<p>Stuttgart.| Die Stuttgarter Polizei wird bereits am morgigen Donnerstag (02.04.2020) die Bau- und Gartenm\u00e4rkte in Stuttgart im Hinblick auf die einzuhaltenden Schutzma\u00dfnahmen zur Eind\u00e4mmung des Coronavirus \u00fcberpr\u00fcfen. Polizeistreifen beobachteten in der vergangenen Woche, dass insbesondere vor und in den gro\u00dfen M\u00e4rkten, in denen verst\u00e4ndlicherweise viele Menschen ihre Besorgungen erledigen, die Hygiene- und Abstandsregeln nicht ausreichend [&hellip;]<\/p>\n","protected":false},"author":4,"featured_media":0,"comment_status":"closed","ping_status":"open","sticky":false,"template":"","format":"standard","meta":{"inline_featured_image":false,"_exactmetrics_skip_tracking":false,"_exactmetrics_sitenote_active":false,"_exactmetrics_sitenote_note":"","_exactmetrics_sitenote_category":0,"footnotes":""},"categories":[59,2239],"tags":[11582,14857,16612,2134,68,275],"class_list":{"0":"post-138302","1":"post","2":"type-post","3":"status-publish","4":"format-standard","6":"category-aktuell","7":"category-stuttgart-lokal","8":"tag-baumarkt","9":"tag-die-webzeitung","10":"tag-gartenmarkt","11":"tag-kontrolle","12":"tag-online-zeitung","13":"tag-stuttgart"},"image_feature":null,"author_name":"Redaktion","pure_taxonomies":{"categories":[{"term_id":59,"name":"Aktuell","slug":"aktuell","term_group":0,"term_taxonomy_id":60,"taxonomy":"category","description":"","parent":0,"count":1017,"filter":"raw","image":""},{"term_id":2239,"name":"Stuttgart","slug":"stuttgart-lokal","term_group":0,"term_taxonomy_id":2252,"taxonomy":"category","description":"Berichte und Informationen aus Stuttgart","parent":1433,"count":941,"filter":"raw","image":""}],"tags":[{"term_id":11582,"name":"Baumarkt","slug":"baumarkt","term_group":0,"term_taxonomy_id":11620,"taxonomy":"post_tag","description":"","parent":0,"count":1,"filter":"raw","image":""},{"term_id":14857,"name":"Die-Webzeitung","slug":"die-webzeitung","term_group":0,"term_taxonomy_id":14876,"taxonomy":"post_tag","description":"","parent":0,"count":3623,"filter":"raw","image":""},{"term_id":16612,"name":"Gartenmarkt","slug":"gartenmarkt","term_group":0,"term_taxonomy_id":16631,"taxonomy":"post_tag","description":"","parent":0,"count":1,"filter":"raw","image":""},{"term_id":2134,"name":"Kontrolle","slug":"kontrolle","term_group":0,"term_taxonomy_id":2146,"taxonomy":"post_tag","description":"","parent":0,"count":7,"filter":"raw","image":""},{"term_id":68,"name":"Online-Zeitung","slug":"online-zeitung","term_group":0,"term_taxonomy_id":69,"taxonomy":"post_tag","description":"","parent":0,"count":3593,"filter":"raw","image":""},{"term_id":275,"name":"Stuttgart","slug":"stuttgart","term_group":0,"term_taxonomy_id":281,"taxonomy":"post_tag","description":"","parent":0,"count":1194,"filter":"raw","image":""}]},"_links":{"self":[{"href":"https:\/\/die-webzeitung.de\/stuttgart\/wp-json\/wp\/v2\/posts\/138302","targetHints":{"allow":["GET"]}}],"collection":[{"href":"https:\/\/die-webzeitung.de\/stuttgart\/wp-json\/wp\/v2\/posts"}],"about":[{"href":"https:\/\/die-webzeitung.de\/stuttgart\/wp-json\/wp\/v2\/types\/post"}],"author":[{"embeddable":true,"href":"https:\/\/die-webzeitung.de\/stuttgart\/wp-json\/wp\/v2\/users\/4"}],"replies":[{"embeddable":true,"href":"https:\/\/die-webzeitung.de\/stuttgart\/wp-json\/wp\/v2\/comments?post=138302"}],"version-history":[{"count":1,"href":"https:\/\/die-webzeitung.de\/stuttgart\/wp-json\/wp\/v2\/posts\/138302\/revisions"}],"predecessor-version":[{"id":138303,"href":"https:\/\/die-webzeitung.de\/stuttgart\/wp-json\/wp\/v2\/posts\/138302\/revisions\/138303"}],"wp:attachment":[{"href":"https:\/\/die-webzeitung.de\/stuttgart\/wp-json\/wp\/v2\/media?parent=138302"}],"wp:term":[{"taxonomy":"category","embeddable":true,"href":"https:\/\/die-webzeitung.de\/stuttgart\/wp-json\/wp\/v2\/categories?post=138302"},{"taxonomy":"post_tag","embeddable":true,"href":"https:\/\/die-webzeitung.de\/stuttgart\/wp-json\/wp\/v2\/tags?post=138302"}],"curies":[{"name":"wp","href":"https:\/\/api.w.org\/{rel}","templated":true}]}}