{"id":138300,"date":"2020-04-01T13:16:05","date_gmt":"2020-04-01T12:16:05","guid":{"rendered":"https:\/\/die-webzeitung.de\/stuttgart\/?p=138300"},"modified":"2020-04-01T13:16:05","modified_gmt":"2020-04-01T12:16:05","slug":"europaeisches-kulturerbe-siegel-fuer-die-weissenhofsiedlung","status":"publish","type":"post","link":"https:\/\/die-webzeitung.de\/stuttgart\/2020\/04\/01\/europaeisches-kulturerbe-siegel-fuer-die-weissenhofsiedlung\/","title":{"rendered":"Europ\u00e4isches Kulturerbe-Siegel f\u00fcr die Weissenhofsiedlung"},"content":{"rendered":"<ul>\n<li style=\"text-align: justify;\"><strong>Ministerin Hoffmeister-Kraut: \u201eDie Werkbundsiedlungen bilden ein au\u00dfergew\u00f6hnliches europ\u00e4isches Kulturgut. Das Kulturerbe-Siegel ist eine gro\u00dfartige Ehre und Lohn f\u00fcr die engagierte Arbeit aller Beteiligten\u201c<\/strong><\/li>\n<li style=\"text-align: justify;\"><strong>Oberb\u00fcrgermeister Kuhn: \u201eStuttgart untermauert damit seinen hohen Stellenwert bei der Architektur der Moderne\u201c<\/strong><\/li>\n<\/ul>\n<p style=\"text-align: justify;\">Stuttgart.| Die Stuttgarter Weissenhofsiedlung soll als Teil des Netzwerkes der Werkbundsiedlungen 1927-1932 in 2020 das Europ\u00e4ische Kulturerbe-Siegel erhalten. Wirtschaftsministerin Dr. Nicole Hoffmeister-Kraut freute sich \u00fcber die hohe Auszeichnung und betonte: \u201eDie Werkbundsiedlungen bilden ein europ\u00e4isches Kulturgut von au\u00dfergew\u00f6hnlichem Rang und sind bedeutende Orte des internationalen Austauschs. Das Kulturerbe-Siegel ist eine gro\u00dfartige Ehre und Lohn f\u00fcr die engagierte Arbeit aller Beteiligten.\u201c Dabei sei insbesondere die konzertierte Zusammenarbeit der unterschiedlichen Kulturst\u00e4tten beim Antragsverfahren erw\u00e4hnenswert, das vom baden-w\u00fcrttembergischen Wirtschaftsministerium und der Landeshauptstadt Stuttgart koordiniert wurde. \u201eDie Werkbundsiedlungen, die zwischen 1927 und 1932 in Stuttgart, Br\u00fcnn, Breslau, Z\u00fcrich, Wien und Prag ent- standen sind, haben wesentlich Impulse f\u00fcr die Architekturentwicklung im 20. Jahrhundert gegeben\u201c, so die Ministerin.<\/p>\n<p style=\"text-align: justify;\">Stuttgarts Oberb\u00fcrgermeister Fritz Kuhn erkl\u00e4rte: \u201eDas ist eine tolle Nachricht. Stuttgart untermauert damit seinen hohen Stellenwert bei der Architektur der Moderne. Es gibt wenige Bauausstellungen, die eine vergleichbare Breitenwirkung erzielen konnten wie die 1927 er\u00f6ffnete Ausstellung des Deutschen Werkbunds \u201aDie Wohnung\u2018 am Stuttgarter Weissenhof. In dieser Tradition wollen wir nat\u00fcrlich auch die aktuelle Internationale Bauausstellung IBA 2027 in Stuttgart fortf\u00fchren.\u201c<\/p>\n<p style=\"text-align: justify;\">Das Kulturerbe-Siegel wird noch in diesem Jahr offiziell im Rahmen einer Zeremonie durch die Europ\u00e4ische Kommission verliehen.<\/p>\n<p style=\"text-align: justify;\"><strong>Das Netzwerk der Werkbundsiedlungen 1927-1932<br \/>\n<\/strong>Das Netzwerk der Werkbundsiedlungen 1927-1932 wurde 2013 in Stuttgart gegr\u00fcndet. Darin haben sich bedeutende Werkbundsiedlungen Europas zusammengetan und gemeinsam f\u00fcr die Ehrung dieser Architekturst\u00e4tten eingesetzt. Der Antrag wurde unter Federf\u00fchrung der Landeshauptstadt Stuttgart und des Wirtschaftsministeriums Baden-W\u00fcrttemberg erarbeitet und im Fr\u00fchjahr 2019 f\u00fcr das gesamte Netzwerk bei der Europ\u00e4ischen Kommission eingereicht. Das Netzwerk richtet sich mit seiner Arbeit insbesondere an die junge Generation und schafft Orte, die l\u00e4nder\u00fcbergreifendes Kulturerbe erlebbar machen. Zudem f\u00f6rdert das Netzwerk den internationalen Erfahrungsaustausch zum Denkmalschutz und dem baulichen Erhalt der Siedlungen.<\/p>\n<p style=\"text-align: justify;\">Die Siedlungen haben turbulente Zeiten \u00fcberdauert und wurden ma\u00dfgeblich durch die verschiedenen gesellschaftlichen und politischen Ver\u00e4nderungen im Europa des 20. Jahrhunderts gepr\u00e4gt. Urspr\u00fcnglich wurden die Siedlungen gebaut, um neue Wege zur Beseitigung der Wohnungsnot nach dem Ersten Weltkrieg zu beschreiten. Nicht immer hatten es die Siedlungen einfach, die progressiven Ideen einer neuen Architektur der breiten \u00d6ffentlichkeit zu vermitteln und wurden ab dem zweiten Weltkrieg stark vernachl\u00e4ssigt.<\/p>\n<p style=\"text-align: justify;\">Erst nach dem Fall des \u201eEisernen Vorhangs\u201c wurde der Wert der Siedlungen als Impulsgeber zum Stil der Moderne wiedererkannt. Heute stehen die Werkbundsiedlungen als Beispiel f\u00fcr die Entstehung der modernen Architektur mit sozialen, emanzipatorischen, \u00e4sthetischen und technologischen Anspr\u00fcchen. \u00dcber kulturelle und touristische Institutionen sowie die Hochschulen der St\u00e4dte werden die Werkbundsiedlungen in Europa f\u00fcr die \u00d6ffentlichkeit erlebbar.<\/p>\n<hr \/>\n<p style=\"text-align: justify;\">\n","protected":false},"excerpt":{"rendered":"<p>Ministerin Hoffmeister-Kraut: \u201eDie Werkbundsiedlungen bilden ein au\u00dfergew\u00f6hnliches europ\u00e4isches Kulturgut. Das Kulturerbe-Siegel ist eine gro\u00dfartige Ehre und Lohn f\u00fcr die engagierte Arbeit aller Beteiligten\u201c Oberb\u00fcrgermeister Kuhn: \u201eStuttgart untermauert damit seinen hohen Stellenwert bei der Architektur der Moderne\u201c Stuttgart.| Die Stuttgarter Weissenhofsiedlung soll als Teil des Netzwerkes der Werkbundsiedlungen 1927-1932 in 2020 das Europ\u00e4ische Kulturerbe-Siegel erhalten. Wirtschaftsministerin [&hellip;]<\/p>\n","protected":false},"author":4,"featured_media":0,"comment_status":"closed","ping_status":"open","sticky":false,"template":"","format":"standard","meta":{"inline_featured_image":false,"_exactmetrics_skip_tracking":false,"_exactmetrics_sitenote_active":false,"_exactmetrics_sitenote_note":"","_exactmetrics_sitenote_category":0,"footnotes":""},"categories":[2239],"tags":[14857,5,16611,68,9,275,16610],"class_list":{"0":"post-138300","1":"post","2":"type-post","3":"status-publish","4":"format-standard","6":"category-stuttgart-lokal","7":"tag-die-webzeitung","8":"tag-internetzeitung","9":"tag-kulturerbe","10":"tag-online-zeitung","11":"tag-schaumedia","12":"tag-stuttgart","13":"tag-weissenhofsiedlung"},"image_feature":null,"author_name":"Redaktion","pure_taxonomies":{"categories":[{"term_id":2239,"name":"Stuttgart","slug":"stuttgart-lokal","term_group":0,"term_taxonomy_id":2252,"taxonomy":"category","description":"Berichte und Informationen aus Stuttgart","parent":1433,"count":941,"filter":"raw","image":""}],"tags":[{"term_id":14857,"name":"Die-Webzeitung","slug":"die-webzeitung","term_group":0,"term_taxonomy_id":14876,"taxonomy":"post_tag","description":"","parent":0,"count":3621,"filter":"raw","image":""},{"term_id":5,"name":"Internetzeitung","slug":"internetzeitung","term_group":0,"term_taxonomy_id":5,"taxonomy":"post_tag","description":"","parent":0,"count":1461,"filter":"raw","image":""},{"term_id":16611,"name":"Kulturerbe","slug":"kulturerbe","term_group":0,"term_taxonomy_id":16630,"taxonomy":"post_tag","description":"","parent":0,"count":1,"filter":"raw","image":""},{"term_id":68,"name":"Online-Zeitung","slug":"online-zeitung","term_group":0,"term_taxonomy_id":69,"taxonomy":"post_tag","description":"","parent":0,"count":3591,"filter":"raw","image":""},{"term_id":9,"name":"SchauMedia","slug":"schaumedia","term_group":0,"term_taxonomy_id":9,"taxonomy":"post_tag","description":"","parent":0,"count":1607,"filter":"raw","image":""},{"term_id":275,"name":"Stuttgart","slug":"stuttgart","term_group":0,"term_taxonomy_id":281,"taxonomy":"post_tag","description":"","parent":0,"count":1194,"filter":"raw","image":""},{"term_id":16610,"name":"Weissenhofsiedlung","slug":"weissenhofsiedlung","term_group":0,"term_taxonomy_id":16629,"taxonomy":"post_tag","description":"","parent":0,"count":1,"filter":"raw","image":""}]},"_links":{"self":[{"href":"https:\/\/die-webzeitung.de\/stuttgart\/wp-json\/wp\/v2\/posts\/138300","targetHints":{"allow":["GET"]}}],"collection":[{"href":"https:\/\/die-webzeitung.de\/stuttgart\/wp-json\/wp\/v2\/posts"}],"about":[{"href":"https:\/\/die-webzeitung.de\/stuttgart\/wp-json\/wp\/v2\/types\/post"}],"author":[{"embeddable":true,"href":"https:\/\/die-webzeitung.de\/stuttgart\/wp-json\/wp\/v2\/users\/4"}],"replies":[{"embeddable":true,"href":"https:\/\/die-webzeitung.de\/stuttgart\/wp-json\/wp\/v2\/comments?post=138300"}],"version-history":[{"count":1,"href":"https:\/\/die-webzeitung.de\/stuttgart\/wp-json\/wp\/v2\/posts\/138300\/revisions"}],"predecessor-version":[{"id":138301,"href":"https:\/\/die-webzeitung.de\/stuttgart\/wp-json\/wp\/v2\/posts\/138300\/revisions\/138301"}],"wp:attachment":[{"href":"https:\/\/die-webzeitung.de\/stuttgart\/wp-json\/wp\/v2\/media?parent=138300"}],"wp:term":[{"taxonomy":"category","embeddable":true,"href":"https:\/\/die-webzeitung.de\/stuttgart\/wp-json\/wp\/v2\/categories?post=138300"},{"taxonomy":"post_tag","embeddable":true,"href":"https:\/\/die-webzeitung.de\/stuttgart\/wp-json\/wp\/v2\/tags?post=138300"}],"curies":[{"name":"wp","href":"https:\/\/api.w.org\/{rel}","templated":true}]}}