{"id":138259,"date":"2020-03-28T17:29:43","date_gmt":"2020-03-28T16:29:43","guid":{"rendered":"https:\/\/die-webzeitung.de\/stuttgart\/2020\/03\/28\/mercedes-benz-bietet-unterstuetzung-an\/"},"modified":"2020-03-28T17:32:58","modified_gmt":"2020-03-28T16:32:58","slug":"mercedes-benz-bietet-unterstuetzung-an","status":"publish","type":"post","link":"https:\/\/die-webzeitung.de\/stuttgart\/2020\/03\/28\/mercedes-benz-bietet-unterstuetzung-an\/","title":{"rendered":"Mercedes-Benz bietet Unterst\u00fctzung an"},"content":{"rendered":"<h5><strong>Produktion von medizinischem Equipment steht in den Startl\u00f6chern<\/strong><\/h5>\n<p style=\"text-align: justify;\"><strong>Mercedes-Benz steht bereit: Die Auswirkungen der COVID-19-Pandemie betreffen alle. Gerade in Zeiten wie diesen ist es f\u00fcr Mercedes-Benz wichtig, seiner gesellschaftlichen Verantwortung nachzukommen. Daher hat der Konzern seine Unterst\u00fctzung bei der Produktion von medizinischem Equipment angeboten. Mithilfe von 3D-Druckern k\u00f6nnen einzelne Bauteile gefertigt werden, die durch die derzeitige COVID-19-Pandemie in der Medizintechnik dringend ben\u00f6tigt werden.<\/strong><\/p>\n<p style=\"text-align: justify;\">\u201eWir sind bereit, mit unserer hochkompetenten Mannschaft und unserer jahrelangen Erfahrung in der 3D-Druck-Technologie unseren Beitrag zur Produktion von medizinischem Ger\u00e4t zu leisten\u201c, sagt J\u00f6rg Burzer, Mitglied des Vorstands der Mercedes-Benz AG, Produktion und Supply Chain. \u201eDazu sind wir auch in Kontakt mit der Landesregierung von Baden-W\u00fcrttemberg. Wir stehen mit unserer Expertise und unserem Spezialwissen f\u00fcr die Fertigung bereit, jetzt ist es an der Medizintechnik uns zu kontaktieren. Unsere 3D-Drucker stehen auf jeden Fall zur Verf\u00fcgung.\u201c<\/p>\n<p style=\"text-align: justify;\">Mercedes-Benz sammelt seit rund 30 Jahren Erfahrungen in der Erforschung und Anwendung der additiven Fertigung. Im PKW-Bereich kommt der 3D-Druck f\u00fcr gew\u00f6hnlich im Prototypenbau und in der Kleinserienfertigung zum Einsatz.<\/p>\n<p style=\"text-align: justify;\">Schon heute stellt Mercedes-Benz j\u00e4hrlich mit 3D-Druckmaschinen bis zu 150.000 Bauteile aus Kunststoff und Metall her. Diese Kapazit\u00e4t kann nun vollst\u00e4ndig genutzt werden. Zum Einsatz k\u00f6nnen dabei alle g\u00e4ngigen Verfahren des 3D-Drucks kommen \u2013 von der Stereolithographie (SLA) \u00fcber das Selective Laser Sintering (SLS) und Fused Deposition Modelling (FDM) bis hin zum Metalldruck, dem Selective Laser Melting (SLM).<\/p>\n<p style=\"text-align: justify;\"><strong>\u00dcber die additive Fertigung<br \/>\n<\/strong>Bei der additiven Fertigung werden digital entwickelte Bauteile schichtweise in einem \u201eDrucker\u201c aufgebaut. Als Ausgangsmaterial dienen dabei unter anderem Kunststoff- und Metallpulver oder Harze, die durch eine Energiequelle, in der Regel einen oder mehrere Laser, verschmolzen werden. Ist eine Schicht fertig, wird automatisiert eine neue Schicht aufgetragen und der Verfestigungsprozess beginnt erneut. Dies wird so oft wiederholt, bis ein dreidimensionales Bauteil entstanden ist.<\/p>\n<hr \/>\n<p style=\"text-align: justify;\">\n","protected":false},"excerpt":{"rendered":"<p>Produktion von medizinischem Equipment steht in den Startl\u00f6chern Mercedes-Benz steht bereit: Die Auswirkungen der COVID-19-Pandemie betreffen alle. Gerade in Zeiten wie diesen ist es f\u00fcr Mercedes-Benz wichtig, seiner gesellschaftlichen Verantwortung nachzukommen. Daher hat der Konzern seine Unterst\u00fctzung bei der Produktion von medizinischem Equipment angeboten. Mithilfe von 3D-Druckern k\u00f6nnen einzelne Bauteile gefertigt werden, die durch die [&hellip;]<\/p>\n","protected":false},"author":4,"featured_media":138260,"comment_status":"closed","ping_status":"open","sticky":false,"template":"","format":"standard","meta":{"inline_featured_image":false,"_exactmetrics_skip_tracking":false,"_exactmetrics_sitenote_active":false,"_exactmetrics_sitenote_note":"","_exactmetrics_sitenote_category":0,"footnotes":""},"categories":[59,479],"tags":[14857,16605,5,16606,518,68,9],"class_list":{"0":"post-138259","1":"post","2":"type-post","3":"status-publish","4":"format-standard","5":"has-post-thumbnail","7":"category-aktuell","8":"category-wirtschaft","9":"tag-die-webzeitung","10":"tag-equipment","11":"tag-internetzeitung","12":"tag-medizinisch","13":"tag-mercedes-benz","14":"tag-online-zeitung","15":"tag-schaumedia"},"image_feature":"https:\/\/die-webzeitung.de\/stuttgart\/wp-content\/uploads\/sites\/4\/2020\/03\/20C0185_006.jpg","author_name":"Redaktion","pure_taxonomies":{"categories":[{"term_id":59,"name":"Aktuell","slug":"aktuell","term_group":0,"term_taxonomy_id":60,"taxonomy":"category","description":"","parent":0,"count":1017,"filter":"raw","image":""},{"term_id":479,"name":"Wirtschaft","slug":"wirtschaft","term_group":0,"term_taxonomy_id":1941,"taxonomy":"category","description":"","parent":0,"count":281,"filter":"raw","image":""}],"tags":[{"term_id":14857,"name":"Die-Webzeitung","slug":"die-webzeitung","term_group":0,"term_taxonomy_id":14876,"taxonomy":"post_tag","description":"","parent":0,"count":3623,"filter":"raw","image":""},{"term_id":16605,"name":"Equipment","slug":"equipment","term_group":0,"term_taxonomy_id":16624,"taxonomy":"post_tag","description":"","parent":0,"count":2,"filter":"raw","image":""},{"term_id":5,"name":"Internetzeitung","slug":"internetzeitung","term_group":0,"term_taxonomy_id":5,"taxonomy":"post_tag","description":"","parent":0,"count":1461,"filter":"raw","image":""},{"term_id":16606,"name":"medizinisch","slug":"medizinisch","term_group":0,"term_taxonomy_id":16625,"taxonomy":"post_tag","description":"","parent":0,"count":2,"filter":"raw","image":""},{"term_id":518,"name":"Mercedes-Benz","slug":"mercedes-benz","term_group":0,"term_taxonomy_id":525,"taxonomy":"post_tag","description":"","parent":0,"count":8,"filter":"raw","image":""},{"term_id":68,"name":"Online-Zeitung","slug":"online-zeitung","term_group":0,"term_taxonomy_id":69,"taxonomy":"post_tag","description":"","parent":0,"count":3593,"filter":"raw","image":""},{"term_id":9,"name":"SchauMedia","slug":"schaumedia","term_group":0,"term_taxonomy_id":9,"taxonomy":"post_tag","description":"","parent":0,"count":1607,"filter":"raw","image":""}]},"_links":{"self":[{"href":"https:\/\/die-webzeitung.de\/stuttgart\/wp-json\/wp\/v2\/posts\/138259","targetHints":{"allow":["GET"]}}],"collection":[{"href":"https:\/\/die-webzeitung.de\/stuttgart\/wp-json\/wp\/v2\/posts"}],"about":[{"href":"https:\/\/die-webzeitung.de\/stuttgart\/wp-json\/wp\/v2\/types\/post"}],"author":[{"embeddable":true,"href":"https:\/\/die-webzeitung.de\/stuttgart\/wp-json\/wp\/v2\/users\/4"}],"replies":[{"embeddable":true,"href":"https:\/\/die-webzeitung.de\/stuttgart\/wp-json\/wp\/v2\/comments?post=138259"}],"version-history":[{"count":1,"href":"https:\/\/die-webzeitung.de\/stuttgart\/wp-json\/wp\/v2\/posts\/138259\/revisions"}],"predecessor-version":[{"id":138261,"href":"https:\/\/die-webzeitung.de\/stuttgart\/wp-json\/wp\/v2\/posts\/138259\/revisions\/138261"}],"wp:featuredmedia":[{"embeddable":true,"href":"https:\/\/die-webzeitung.de\/stuttgart\/wp-json\/wp\/v2\/media\/138260"}],"wp:attachment":[{"href":"https:\/\/die-webzeitung.de\/stuttgart\/wp-json\/wp\/v2\/media?parent=138259"}],"wp:term":[{"taxonomy":"category","embeddable":true,"href":"https:\/\/die-webzeitung.de\/stuttgart\/wp-json\/wp\/v2\/categories?post=138259"},{"taxonomy":"post_tag","embeddable":true,"href":"https:\/\/die-webzeitung.de\/stuttgart\/wp-json\/wp\/v2\/tags?post=138259"}],"curies":[{"name":"wp","href":"https:\/\/api.w.org\/{rel}","templated":true}]}}