{"id":138245,"date":"2020-03-28T10:45:46","date_gmt":"2020-03-28T09:45:46","guid":{"rendered":"https:\/\/die-webzeitung.de\/stuttgart\/2020\/03\/28\/corona-warnmeldung-fuer-unternehmen\/"},"modified":"2020-03-28T10:46:59","modified_gmt":"2020-03-28T09:46:59","slug":"corona-warnmeldung-fuer-unternehmen","status":"publish","type":"post","link":"https:\/\/die-webzeitung.de\/stuttgart\/2020\/03\/28\/corona-warnmeldung-fuer-unternehmen\/","title":{"rendered":"Corona: Warnmeldung f\u00fcr Unternehmen"},"content":{"rendered":"<h5 style=\"text-align: justify;\"><strong>Betr\u00fcgerische Datenerlangung im Zusammenhang mit COVID-19 Soforthilfeantr\u00e4gen<\/strong><\/h5>\n<div style=\"text-align: justify;\">Stuttgart.| Dass Cyberkriminelle versuchen, sich die derzeitige Notlage der Bev\u00f6lkerung und Wirtschaftsunternehmen zunutze zu machen, ist besonders abscheulich. Deshalb ist es wichtig, dass weiterhin gegen jede Form von Kriminalit\u00e4t vorgegangen und dem Versuch der Begehung von Straftaten vorgebeugt wird.<\/div>\n<div style=\"text-align: justify;\"><\/div>\n<div style=\"text-align: justify;\">Vor einer besonders perfiden Vorgehensweise warnt das Landeskriminalamt Baden-W\u00fcrttemberg nun aktuell. Im Internet sind Seiten aufgetaucht, auf denen in Bedr\u00e4ngnis geratene Unternehmen aufgefordert werden, das dortige Formular mit Daten zu bef\u00fcllen und anschlie\u00dfend hochzuladen. Teilweise wurden Unternehmen gezielt telefonisch kontaktiert und explizit auf die entsprechende Seite im Internet hingewiesen. Der Anrufer gab sich dabei als Angeh\u00f6riger der einzig offiziellen Stelle zur Abwicklung der Soforthilfe aus. Die Polizei stuft diese Vorgehensweise als Vorbereitungshandlung f\u00fcr sp\u00e4tere Betrugsstraftaten ein und warnt eindringlich davor, pers\u00f6nliche und Unternehmensdaten auf solchen Fake-Seiten im Internet preiszugeben.<\/div>\n<div><\/div>\n<div style=\"text-align: justify;\">&#8220;Nutzen Sie f\u00fcr die Stellung der Antr\u00e4ge auf Soforthilfe ausschlie\u00dflich die Internetseiten von offiziellen Landesstellen. Dies sind Ministerien und Landesf\u00f6rderbanken mit Unterst\u00fctzung der Industrie- und Handelskammern.&#8221; so der Sprecher des LKA Baden-W\u00fcrttemberg.<\/div>\n<hr \/>\n","protected":false},"excerpt":{"rendered":"<p>Betr\u00fcgerische Datenerlangung im Zusammenhang mit COVID-19 Soforthilfeantr\u00e4gen Stuttgart.| Dass Cyberkriminelle versuchen, sich die derzeitige Notlage der Bev\u00f6lkerung und Wirtschaftsunternehmen zunutze zu machen, ist besonders abscheulich. Deshalb ist es wichtig, dass weiterhin gegen jede Form von Kriminalit\u00e4t vorgegangen und dem Versuch der Begehung von Straftaten vorgebeugt wird. Vor einer besonders perfiden Vorgehensweise warnt das Landeskriminalamt Baden-W\u00fcrttemberg [&hellip;]<\/p>\n","protected":false},"author":4,"featured_media":0,"comment_status":"closed","ping_status":"open","sticky":false,"template":"","format":"standard","meta":{"inline_featured_image":false,"_exactmetrics_skip_tracking":false,"_exactmetrics_sitenote_active":false,"_exactmetrics_sitenote_note":"","_exactmetrics_sitenote_category":0,"footnotes":""},"categories":[59,479],"tags":[16601,16602,14857,68,9,11740],"class_list":{"0":"post-138245","1":"post","2":"type-post","3":"status-publish","4":"format-standard","6":"category-aktuell","7":"category-wirtschaft","8":"tag-coroina","9":"tag-cyberkriminelle","10":"tag-die-webzeitung","11":"tag-online-zeitung","12":"tag-schaumedia","13":"tag-soforthilfe"},"image_feature":null,"author_name":"Redaktion","pure_taxonomies":{"categories":[{"term_id":59,"name":"Aktuell","slug":"aktuell","term_group":0,"term_taxonomy_id":60,"taxonomy":"category","description":"","parent":0,"count":1017,"filter":"raw","image":""},{"term_id":479,"name":"Wirtschaft","slug":"wirtschaft","term_group":0,"term_taxonomy_id":1941,"taxonomy":"category","description":"","parent":0,"count":281,"filter":"raw","image":""}],"tags":[{"term_id":16601,"name":"Coroina","slug":"coroina","term_group":0,"term_taxonomy_id":16620,"taxonomy":"post_tag","description":"","parent":0,"count":1,"filter":"raw","image":""},{"term_id":16602,"name":"Cyberkriminelle","slug":"cyberkriminelle","term_group":0,"term_taxonomy_id":16621,"taxonomy":"post_tag","description":"","parent":0,"count":1,"filter":"raw","image":""},{"term_id":14857,"name":"Die-Webzeitung","slug":"die-webzeitung","term_group":0,"term_taxonomy_id":14876,"taxonomy":"post_tag","description":"","parent":0,"count":3623,"filter":"raw","image":""},{"term_id":68,"name":"Online-Zeitung","slug":"online-zeitung","term_group":0,"term_taxonomy_id":69,"taxonomy":"post_tag","description":"","parent":0,"count":3593,"filter":"raw","image":""},{"term_id":9,"name":"SchauMedia","slug":"schaumedia","term_group":0,"term_taxonomy_id":9,"taxonomy":"post_tag","description":"","parent":0,"count":1607,"filter":"raw","image":""},{"term_id":11740,"name":"Soforthilfe","slug":"soforthilfe","term_group":0,"term_taxonomy_id":11778,"taxonomy":"post_tag","description":"","parent":0,"count":2,"filter":"raw","image":""}]},"_links":{"self":[{"href":"https:\/\/die-webzeitung.de\/stuttgart\/wp-json\/wp\/v2\/posts\/138245","targetHints":{"allow":["GET"]}}],"collection":[{"href":"https:\/\/die-webzeitung.de\/stuttgart\/wp-json\/wp\/v2\/posts"}],"about":[{"href":"https:\/\/die-webzeitung.de\/stuttgart\/wp-json\/wp\/v2\/types\/post"}],"author":[{"embeddable":true,"href":"https:\/\/die-webzeitung.de\/stuttgart\/wp-json\/wp\/v2\/users\/4"}],"replies":[{"embeddable":true,"href":"https:\/\/die-webzeitung.de\/stuttgart\/wp-json\/wp\/v2\/comments?post=138245"}],"version-history":[{"count":2,"href":"https:\/\/die-webzeitung.de\/stuttgart\/wp-json\/wp\/v2\/posts\/138245\/revisions"}],"predecessor-version":[{"id":138247,"href":"https:\/\/die-webzeitung.de\/stuttgart\/wp-json\/wp\/v2\/posts\/138245\/revisions\/138247"}],"wp:attachment":[{"href":"https:\/\/die-webzeitung.de\/stuttgart\/wp-json\/wp\/v2\/media?parent=138245"}],"wp:term":[{"taxonomy":"category","embeddable":true,"href":"https:\/\/die-webzeitung.de\/stuttgart\/wp-json\/wp\/v2\/categories?post=138245"},{"taxonomy":"post_tag","embeddable":true,"href":"https:\/\/die-webzeitung.de\/stuttgart\/wp-json\/wp\/v2\/tags?post=138245"}],"curies":[{"name":"wp","href":"https:\/\/api.w.org\/{rel}","templated":true}]}}