{"id":138243,"date":"2020-03-27T16:09:06","date_gmt":"2020-03-27T15:09:06","guid":{"rendered":"https:\/\/die-webzeitung.de\/stuttgart\/?p=138243"},"modified":"2020-03-27T16:09:06","modified_gmt":"2020-03-27T15:09:06","slug":"tafellaeden-im-landkreis-esslingen-weiterhin-offen","status":"publish","type":"post","link":"https:\/\/die-webzeitung.de\/stuttgart\/2020\/03\/27\/tafellaeden-im-landkreis-esslingen-weiterhin-offen\/","title":{"rendered":"Tafell\u00e4den im Landkreis Esslingen weiterhin offen"},"content":{"rendered":"<h5 style=\"text-align: justify;\"><strong>Helfen Sie mit, spenden Sie Lebensmittel<\/strong><\/h5>\n<p style=\"text-align: justify;\">Kreis Esslingen.| Gesch\u00e4ftsf\u00fchrer der Tafell\u00e4den und Sozialdezernentin appellieren an die Solidarit\u00e4t der Menschen. Die Tafeln versorgen auch weiterhin Menschen im Landkreis Esslingen, die von Sozialleistungen oder einer geringen Rente leben, mit g\u00fcnstigen Lebensmitteln.<\/p>\n<p style=\"text-align: justify;\">Die Tr\u00e4ger der Tafeln, der Kreisdiakonieverband im Landkreis Esslingen, der Caritasverband Fils-Neckar-Alb, das Deutsche Rote Kreuz und der Landkreis unternehmen derzeit gemeinsam gro\u00dfe Anstrengungen, die Tafeln f\u00fcr Menschen, die dringend auf das Angebot angewiesen sind, auch Angesichts der Corona-Epidemie, weiterhin zu \u00f6ffnen. Einkaufsberechtigt sind nur bed\u00fcrftige Personen mit einer Kundenkarte. Sie erhalten gegen ein geringes Entgelt gespendete Lebensmittel und Waren des t\u00e4glichen Bedarfs. Neue Kundenkarten werden zurzeit nicht ausgestellt, allerdings ist der Berechtigungsnachweis durch ein vereinfachtes Verfahren m\u00f6glich.<\/p>\n<p style=\"text-align: justify;\">Der Schutz der Mitarbeiterinnen und Mitarbeiter und Kunden steht an oberster Stelle, dazu werden verschiedene Ma\u00dfnahmen getroffen. Lebensmittel werden beispielsweise nun in T\u00fcten verpackt verkauft und nicht mehr einzeln. Teilweise wird die Ware au\u00dferhalb des Ladens ausgegeben. Die b\u00fcrgerschaftlich Engagierten bleiben zu Hause und hauptamtliche Kr\u00e4fte werden aus anderen Bereichen herangezogen. Hamsterk\u00e4ufe werden nicht m\u00f6glich sein. Die Organisation dieser Schutzma\u00dfnahmen haben an manchen Standorten vor\u00fcbergehend zu einer Schlie\u00dfung gef\u00fchrt.<\/p>\n<p style=\"text-align: justify;\"><strong>Ab kommender Woche sollen alle sechs Tafell\u00e4den im Landkreis Esslingen wieder \u00f6ffnen.<\/strong><br \/>\nSo die Planungen. Die Fildertafel bietet ab n\u00e4chster Woche f\u00fcr ihre Kundeneinen Kontakt- und Lieferservice. Eberhard Hau\u00dfmann, Gesch\u00e4ftsf\u00fchrer vom Kreisdiakonieverband Esslingen: \u201eWir k\u00fcmmern uns auch um den sozialen Kontakt \u2013 denn ein freundlicher Gru\u00df, ein ich denk an dich, ein wie geht es dir, tut der Seele gut \u2013 nat\u00fcrlich in geb\u00fchrendem Abstand\u201c.<\/p>\n<p style=\"text-align: justify;\"><strong>Tafeln sind ein Seismograf der Gesellschaft<br \/>\n<\/strong>Die Tafell\u00e4den sind auf Spenden angewiesen. Normalerweise geben die Tafeln Lebensmittel weiter, die zwar qualitativ gut sind, aber im Handel nicht mehr verkauft, sondern vernichtet werden. \u201eTafeln sind ein Seismograf der Gesellschaft\u201c, sagt Katharina Kiewel, Sozialdezernentin im Landkreis Esslingen. Der Handel ist dabei die gestiegene Nachfrage zu decken, f\u00fcr die Tafeln bleibt weniger \u00fcbrig als sonst, so Kiewel. Und Spenden werden dringend ben\u00f6tigt. Insbesondere Reis, Nudeln, Molkereiprodukte und Mehl sind besonders gefragt. Von der Fildertafel ist zu h\u00f6ren, dass Frischwaren wieder in gr\u00f6\u00dferen Mengen geliefert werden. Die Tafell\u00e4den nehmen auch gerne Privatspenden an. Sozialdezernentin, Katharina Kiewel, ruft dazu auf, ein solidarisches Zeichen zu setzen. Dies sei nicht nur durch Spenden m\u00f6glich. Im Schulterschluss mit den Tr\u00e4gern der Tafeln appelliert sie an die Bev\u00f6lkerung auch beim Einkaufen bewusst g\u00fcnstige Waren f\u00fcr diejenigen im Regal zu lassen, die am Existenzminimum leben und sich teure Ware schlicht nicht leisten k\u00f6nnen, dies sei gerade derzeit ein Akt der N\u00e4chstenliebe.<\/p>\n<p style=\"text-align: justify;\">Gerade in Krisenzeiten gibt es Lichtblicke. So wurde f\u00fcr den Tafelladen in Kirchheim kurzfristig ein neuer Standort gefunden. Der Umzug l\u00e4uft und die neuen R\u00e4ume in der Max-Eyth-Str. 1 k\u00f6nnen voraussichtlich ab Freitag er\u00f6ffnet werden. Und die Tafell\u00e4den sind mehr als Spendentransfer, sie sind gelebte Solidarit\u00e4t.<\/p>\n<p style=\"text-align: justify;\"><strong>Spendenkonto f\u00fcr die Tafeln:<br \/>\n<\/strong>Kreisdiakonieverband Esslingen;<br \/>\nKSK Esslingen-N\u00fcrtingen,<br \/>\nIBAN: DE12 6115 0020 0101 6731 85;<br \/>\nStichwort: Fildertafel Coronahilfe.<\/p>\n<p style=\"text-align: justify;\"><strong>Die \u00d6ffnungszeiten der Tafell\u00e4den:<\/strong><\/p>\n<p style=\"text-align: justify;\"><strong>Bernhausen<br \/>\n<\/strong>Montag bis Freitag 10 \u2013 14 Uhr<br \/>\nEchterdinger Str. 51,<br \/>\n70794 Filderstadt-Bernhausen<\/p>\n<p style=\"text-align: justify;\"><strong>Echterdingen<\/strong><br \/>\nDienstag, Donnerstag, Freitag 14 \u2013 17 Uhr<br \/>\nT\u00fcbingerstr. 21<br \/>\n70771 Leinfelden-Echterdingen<\/p>\n<p style=\"text-align: justify;\"><strong>Esslingen<br \/>\n<\/strong>Montag, Mittwoch und Freitag 12.30 \u2013 15 Uhr<br \/>\nNeckarstr. 21<br \/>\n73728 Esslingen<\/p>\n<p style=\"text-align: justify;\"><strong>Kirchheim<br \/>\n<\/strong>Dienstag und Freitag von 10 \u2013 12 Uhr und von 15- 17 Uhr<br \/>\nMax-Eyth-Str. 1<br \/>\n73730 Kirchheim<\/p>\n<p style=\"text-align: justify;\"><strong>Nellingen<br \/>\n<\/strong>Dienstag, Donnerstag, Freitag 14 \u2013 17 Uhr<br \/>\nHindenburgstr. 48<br \/>\n73760 Ostfildern-Nellingen<\/p>\n<p style=\"text-align: justify;\"><strong>N\u00fcrtingen<br \/>\n<\/strong>Montag, Mittwoch und Freitag 12.30 \u2013 15 Uhr<br \/>\nM\u00f6nchstr. 10<br \/>\n72622 N\u00fcrtingen<\/p>\n<hr \/>\n<p style=\"text-align: justify;\">\n","protected":false},"excerpt":{"rendered":"<p>Helfen Sie mit, spenden Sie Lebensmittel Kreis Esslingen.| Gesch\u00e4ftsf\u00fchrer der Tafell\u00e4den und Sozialdezernentin appellieren an die Solidarit\u00e4t der Menschen. Die Tafeln versorgen auch weiterhin Menschen im Landkreis Esslingen, die von Sozialleistungen oder einer geringen Rente leben, mit g\u00fcnstigen Lebensmitteln. Die Tr\u00e4ger der Tafeln, der Kreisdiakonieverband im Landkreis Esslingen, der Caritasverband Fils-Neckar-Alb, das Deutsche Rote Kreuz [&hellip;]<\/p>\n","protected":false},"author":4,"featured_media":0,"comment_status":"closed","ping_status":"open","sticky":false,"template":"","format":"standard","meta":{"inline_featured_image":false,"_exactmetrics_skip_tracking":false,"_exactmetrics_sitenote_active":false,"_exactmetrics_sitenote_note":"","_exactmetrics_sitenote_category":0,"footnotes":""},"categories":[59,2247],"tags":[14857,14440,5,68,16600],"class_list":{"0":"post-138243","1":"post","2":"type-post","3":"status-publish","4":"format-standard","6":"category-aktuell","7":"category-kreis-esslingen","8":"tag-die-webzeitung","9":"tag-esslingen","10":"tag-internetzeitung","11":"tag-online-zeitung","12":"tag-tafeln"},"image_feature":null,"author_name":"Redaktion","pure_taxonomies":{"categories":[{"term_id":59,"name":"Aktuell","slug":"aktuell","term_group":0,"term_taxonomy_id":60,"taxonomy":"category","description":"","parent":0,"count":1017,"filter":"raw","image":""},{"term_id":2247,"name":"Kreis Esslingen","slug":"kreis-esslingen","term_group":0,"term_taxonomy_id":2260,"taxonomy":"category","description":"Informationen aus dem Landkreis Esslingen","parent":171,"count":214,"filter":"raw","image":""}],"tags":[{"term_id":14857,"name":"Die-Webzeitung","slug":"die-webzeitung","term_group":0,"term_taxonomy_id":14876,"taxonomy":"post_tag","description":"","parent":0,"count":3623,"filter":"raw","image":""},{"term_id":14440,"name":"Esslingen","slug":"esslingen","term_group":0,"term_taxonomy_id":3885,"taxonomy":"post_tag","description":"","parent":0,"count":202,"filter":"raw","image":""},{"term_id":5,"name":"Internetzeitung","slug":"internetzeitung","term_group":0,"term_taxonomy_id":5,"taxonomy":"post_tag","description":"","parent":0,"count":1461,"filter":"raw","image":""},{"term_id":68,"name":"Online-Zeitung","slug":"online-zeitung","term_group":0,"term_taxonomy_id":69,"taxonomy":"post_tag","description":"","parent":0,"count":3593,"filter":"raw","image":""},{"term_id":16600,"name":"Tafeln","slug":"tafeln","term_group":0,"term_taxonomy_id":16619,"taxonomy":"post_tag","description":"","parent":0,"count":1,"filter":"raw","image":""}]},"_links":{"self":[{"href":"https:\/\/die-webzeitung.de\/stuttgart\/wp-json\/wp\/v2\/posts\/138243","targetHints":{"allow":["GET"]}}],"collection":[{"href":"https:\/\/die-webzeitung.de\/stuttgart\/wp-json\/wp\/v2\/posts"}],"about":[{"href":"https:\/\/die-webzeitung.de\/stuttgart\/wp-json\/wp\/v2\/types\/post"}],"author":[{"embeddable":true,"href":"https:\/\/die-webzeitung.de\/stuttgart\/wp-json\/wp\/v2\/users\/4"}],"replies":[{"embeddable":true,"href":"https:\/\/die-webzeitung.de\/stuttgart\/wp-json\/wp\/v2\/comments?post=138243"}],"version-history":[{"count":1,"href":"https:\/\/die-webzeitung.de\/stuttgart\/wp-json\/wp\/v2\/posts\/138243\/revisions"}],"predecessor-version":[{"id":138244,"href":"https:\/\/die-webzeitung.de\/stuttgart\/wp-json\/wp\/v2\/posts\/138243\/revisions\/138244"}],"wp:attachment":[{"href":"https:\/\/die-webzeitung.de\/stuttgart\/wp-json\/wp\/v2\/media?parent=138243"}],"wp:term":[{"taxonomy":"category","embeddable":true,"href":"https:\/\/die-webzeitung.de\/stuttgart\/wp-json\/wp\/v2\/categories?post=138243"},{"taxonomy":"post_tag","embeddable":true,"href":"https:\/\/die-webzeitung.de\/stuttgart\/wp-json\/wp\/v2\/tags?post=138243"}],"curies":[{"name":"wp","href":"https:\/\/api.w.org\/{rel}","templated":true}]}}