{"id":138242,"date":"2020-03-27T16:00:18","date_gmt":"2020-03-27T15:00:18","guid":{"rendered":"https:\/\/die-webzeitung.de\/stuttgart\/2020\/03\/27\/land-und-kommunen-schaffen-hilfsnetz-fuer-familien\/"},"modified":"2020-03-27T16:00:18","modified_gmt":"2020-03-27T15:00:18","slug":"land-und-kommunen-schaffen-hilfsnetz-fuer-familien","status":"publish","type":"post","link":"https:\/\/die-webzeitung.de\/stuttgart\/2020\/03\/27\/land-und-kommunen-schaffen-hilfsnetz-fuer-familien\/","title":{"rendered":"Land und Kommunen schaffen Hilfsnetz f\u00fcr Familien"},"content":{"rendered":"<h5 style=\"text-align: justify;\"><strong>Renkonen, R\u00f6sler und Walter: 100 Millionen Euro kommen sofort vom Land<\/strong><\/h5>\n<p style=\"text-align: justify;\">Stuttgart.| \u201eDas Land und die Kommunen greifen nicht nur der Wirtschaft, sondern auch Familien w\u00e4hrend der Corona-Krise finanziell unter die Arme\u201c teilen die drei Gr\u00fcnen Landtagsabgeordneten des Landkreises Ludwigsburg Daniel Renkonen, J\u00fcrgen Walter und Dr. Markus R\u00f6sler mit.<\/p>\n<p style=\"text-align: justify;\">Die Landesregierung und die kommunalen Spitzenverb\u00e4nde haben sich auf eine Soforthilfe f\u00fcr Familien verst\u00e4ndigt, freut sich Walter: \u201eSt\u00e4dte und Gemeinden haben jetzt die M\u00f6glichkeit, auf Kita-Geb\u00fchren zu verzichten oder die Familienkasse zum Beispiel von den Kosten f\u00fcr den Schulbus zu entlasten. Das bedeutet eine gro\u00dfe Erleichterung f\u00fcr viele Familien in allen 39 Kommunen im Kreis\u201c.<\/p>\n<p style=\"text-align: justify;\">Renkonen betont: \u201eLand und die Kommunen bilden eine starke Solidargemeinschaft und \u00fcbernehmen gemeinsam Verantwortung. Wir helfen schnell und unb\u00fcrokratisch, damit das soziale Netz nicht rei\u00dft\u201c.<\/p>\n<p style=\"text-align: justify;\">Die gr\u00fcn-gef\u00fchrte Landesregierung stellt f\u00fcr die Kommunen sofort 100 Millionen Euro zur Verf\u00fcgung. Diese haben jetzt die M\u00f6glichkeit, passgenaue L\u00f6sungen f\u00fcr ihre Belange vor Ort zu erarbeiten. Das Land beteiligt sich somit an den Kosten, wenn St\u00e4dte und Gemeinden etwa auf Geb\u00fchren f\u00fcr geschlossene Kitas, Kinderg\u00e4rten oder andere Betreuungseinrichtungen verzichten. Auch die Kita-Beitr\u00e4ge bei freien Tr\u00e4gern sollen bis zur H\u00f6he des kommunalen Satzes erstattet werden. F\u00fcr die Kindertagespflege sollen vor Ort tragf\u00e4hige \u00dcbergangsl\u00f6sungen gefunden werden.<\/p>\n<p style=\"text-align: justify;\">Ausbleibende Geb\u00fchren an den Volkshochschulen und f\u00fcr die Sch\u00fclerbef\u00f6rderung werden wir vom Land ebenfalls mit einem Zuschuss teilweise ausgeglichen, teilt R\u00f6sler, selbst Mitglied im Finanzausschuss, mit. \u201eEbenso seien Zusch\u00fcsse an die Kommunen f\u00fcr weitere \u00f6ffentliche Einrichtungen wie Musikschulen oder soziale Dienste vorgesehen; Zusch\u00fcsse an Kommunaltheater w\u00fcrden aufrechterhalten\u201c, so R\u00f6sler.<\/p>\n<p style=\"text-align: justify;\">Allein f\u00fcr die Kinderbetreuung erwarten die Kommunen laut Finanzministerium einen mittleren, zweistelligen Millionenbetrag bei einem Monat Schlie\u00dfzeit. Renkonen, R\u00f6sler und Walter betonen: \u201eWir sehen die Sorgen der Familien. Viele sind in Kurzarbeit oder haben wegen der Betreuung ihrer Kinder zu Hause weniger Geld zur Verf\u00fcgung. Deshalb ist es uns so wichtig, Familien und Alleinerziehende finanziell zu unterst\u00fctzen\u201c.<\/p>\n<p style=\"text-align: justify;\"><u>\u00dcberblick:<\/u><\/p>\n<ul>\n<li style=\"text-align: justify;\">Die gr\u00fcn-regierte Landesregierung und die Kommunalen Landesverb\u00e4nde haben sich auf ein Hilfenetz f\u00fcr Familien im Land verst\u00e4ndigt.<\/li>\n<li style=\"text-align: justify;\">Daf\u00fcr beteiligt sich das Land an den Kosten, wenn Kommunen im M\u00e4rz und April aufgrund der Corona-Epidemie auf Elternbeitr\u00e4ge und Geb\u00fchren f\u00fcr geschlossene Kindertagesst\u00e4tten, Kinderg\u00e4rten, Horte und andere Betreuungseinrichtungen verzichten. F\u00fcr die Kindertagespflege werden vor Ort tragf\u00e4hige \u00dcbergangsl\u00f6sungen gefunden. Auch die Kita-Beitr\u00e4ge bei freien Tr\u00e4ger sollen bis zur H\u00f6he des kommunalen Satzes erstattet werden.<\/li>\n<li style=\"text-align: justify;\">Das Land und die Kommunen sind eine starke Solidargemeinschaft. Sie \u00fcbernehmen gemeinsam die Verantwortung. Alleine f\u00fcr die Kinderbetreuung erwarten die Kommunen bei einem Monat Schlie\u00dfzeit einen Einnahmeverlust in der H\u00f6he eines mittleren, zweistelligen Millionenbetrags.<\/li>\n<li style=\"text-align: justify;\">Ausbleibende Geb\u00fchren an den Volkshochschulen und f\u00fcr die Sch\u00fclerbef\u00f6rderung werden vom Land mit einem Zuschuss ebenfalls teilweise ausgeglichen. Ebenso sind Zusch\u00fcsse an die Kommunen f\u00fcr weitere \u00f6ffentliche Einrichtungen wie Musikschulen oder f\u00fcr soziale Dienste \u2013 etwa im Rahmen der Jugend-, Behinderten- und Altenhilfe \u2013 vorgesehen. Zusch\u00fcsse an Kommunaltheater werden aufrechterhalten.<\/li>\n<li style=\"text-align: justify;\">Das Land zahlt den Kommunen im Land \u00fcber die Stadt- und Landkreise f\u00fcr den Monat April eine Soforthilfe in H\u00f6he von 100 Millionen Euro aus.<\/li>\n<li style=\"text-align: justify;\">Land und Kommunen vereinbarten, dass die genaue Abrechnung und weitere Gespr\u00e4che \u00fcber die Auswirkungen folgen sollen. Dabei gehen Land und Kommunale Landesverb\u00e4nde gemeinsam davon aus, dass private Leistungserbringer sich vorrangig unter die von Land und Bund aufgespannten Rettungsschirme begeben.<br \/>\n<hr \/>\n<\/li>\n<\/ul>\n","protected":false},"excerpt":{"rendered":"<p>Renkonen, R\u00f6sler und Walter: 100 Millionen Euro kommen sofort vom Land Stuttgart.| \u201eDas Land und die Kommunen greifen nicht nur der Wirtschaft, sondern auch Familien w\u00e4hrend der Corona-Krise finanziell unter die Arme\u201c teilen die drei Gr\u00fcnen Landtagsabgeordneten des Landkreises Ludwigsburg Daniel Renkonen, J\u00fcrgen Walter und Dr. Markus R\u00f6sler mit. Die Landesregierung und die kommunalen Spitzenverb\u00e4nde [&hellip;]<\/p>\n","protected":false},"author":4,"featured_media":0,"comment_status":"closed","ping_status":"open","sticky":false,"template":"","format":"standard","meta":{"inline_featured_image":false,"_exactmetrics_skip_tracking":false,"_exactmetrics_sitenote_active":false,"_exactmetrics_sitenote_note":"","_exactmetrics_sitenote_category":0,"footnotes":""},"categories":[59,9098],"tags":[4,14857,1729,16599,5,68],"class_list":{"0":"post-138242","1":"post","2":"type-post","3":"status-publish","4":"format-standard","6":"category-aktuell","7":"category-baden-wuerttemberg","8":"tag-baden-wurttemberg","9":"tag-die-webzeitung","10":"tag-familien","11":"tag-hilfsnetz","12":"tag-internetzeitung","13":"tag-online-zeitung"},"image_feature":null,"author_name":"Redaktion","pure_taxonomies":{"categories":[{"term_id":59,"name":"Aktuell","slug":"aktuell","term_group":0,"term_taxonomy_id":60,"taxonomy":"category","description":"","parent":0,"count":1017,"filter":"raw","image":""},{"term_id":9098,"name":"Baden-W\u00fcrttemberg","slug":"baden-wuerttemberg","term_group":0,"term_taxonomy_id":9124,"taxonomy":"category","description":"","parent":171,"count":238,"filter":"raw","image":""}],"tags":[{"term_id":4,"name":"Baden-W\u00fcrttemberg","slug":"baden-wurttemberg","term_group":0,"term_taxonomy_id":4,"taxonomy":"post_tag","description":"","parent":0,"count":136,"filter":"raw","image":""},{"term_id":14857,"name":"Die-Webzeitung","slug":"die-webzeitung","term_group":0,"term_taxonomy_id":14876,"taxonomy":"post_tag","description":"","parent":0,"count":3623,"filter":"raw","image":""},{"term_id":1729,"name":"Familien","slug":"familien","term_group":0,"term_taxonomy_id":1738,"taxonomy":"post_tag","description":"","parent":0,"count":1,"filter":"raw","image":""},{"term_id":16599,"name":"Hilfsnetz","slug":"hilfsnetz","term_group":0,"term_taxonomy_id":16618,"taxonomy":"post_tag","description":"","parent":0,"count":1,"filter":"raw","image":""},{"term_id":5,"name":"Internetzeitung","slug":"internetzeitung","term_group":0,"term_taxonomy_id":5,"taxonomy":"post_tag","description":"","parent":0,"count":1461,"filter":"raw","image":""},{"term_id":68,"name":"Online-Zeitung","slug":"online-zeitung","term_group":0,"term_taxonomy_id":69,"taxonomy":"post_tag","description":"","parent":0,"count":3593,"filter":"raw","image":""}]},"_links":{"self":[{"href":"https:\/\/die-webzeitung.de\/stuttgart\/wp-json\/wp\/v2\/posts\/138242","targetHints":{"allow":["GET"]}}],"collection":[{"href":"https:\/\/die-webzeitung.de\/stuttgart\/wp-json\/wp\/v2\/posts"}],"about":[{"href":"https:\/\/die-webzeitung.de\/stuttgart\/wp-json\/wp\/v2\/types\/post"}],"author":[{"embeddable":true,"href":"https:\/\/die-webzeitung.de\/stuttgart\/wp-json\/wp\/v2\/users\/4"}],"replies":[{"embeddable":true,"href":"https:\/\/die-webzeitung.de\/stuttgart\/wp-json\/wp\/v2\/comments?post=138242"}],"version-history":[{"count":0,"href":"https:\/\/die-webzeitung.de\/stuttgart\/wp-json\/wp\/v2\/posts\/138242\/revisions"}],"wp:attachment":[{"href":"https:\/\/die-webzeitung.de\/stuttgart\/wp-json\/wp\/v2\/media?parent=138242"}],"wp:term":[{"taxonomy":"category","embeddable":true,"href":"https:\/\/die-webzeitung.de\/stuttgart\/wp-json\/wp\/v2\/categories?post=138242"},{"taxonomy":"post_tag","embeddable":true,"href":"https:\/\/die-webzeitung.de\/stuttgart\/wp-json\/wp\/v2\/tags?post=138242"}],"curies":[{"name":"wp","href":"https:\/\/api.w.org\/{rel}","templated":true}]}}