{"id":138212,"date":"2020-03-23T14:13:20","date_gmt":"2020-03-23T13:13:20","guid":{"rendered":"https:\/\/die-webzeitung.de\/stuttgart\/?p=138212"},"modified":"2020-03-23T14:13:20","modified_gmt":"2020-03-23T13:13:20","slug":"erster-corona-todesfall-im-landkreis-boeblingen","status":"publish","type":"post","link":"https:\/\/die-webzeitung.de\/stuttgart\/2020\/03\/23\/erster-corona-todesfall-im-landkreis-boeblingen\/","title":{"rendered":"Erster Corona-Todesfall im Landkreis B\u00f6blingen"},"content":{"rendered":"<p style=\"text-align: justify;\"><strong>255 best\u00e4tigte Infektionen im Landkreis B\u00f6blingen<br \/>\n<\/strong><strong>Landrat Roland Bernhard: \u201eMeine Gedanken sind bei den Angeh\u00f6rigen!\u201c<\/strong><\/p>\n<p style=\"text-align: justify;\">Kreis B\u00f6blingen.| Die traurige Realit\u00e4t ist auch im Landkreis B\u00f6blingen angekommen; auch hier gibt es jetzt den ersten Todesfall eines Covid-19-Patienten. Es handelt sich um einen 84j\u00e4hrigen Mann, der im Krankenhaus Herrenberg verstorben ist.<\/p>\n<p style=\"text-align: justify;\">Angesichts dieser Nachricht erneuert Landrat Roland Bernhard seinen gestrigen Appell, sich an die Regeln zu halten, um die Ausbreitung des Virus zu verlangsamen. \u201eDenken Sie nicht nur an sich, sondern denken Sie an die besonders gef\u00e4hrdeten Risikogruppen\u201c, so Bernhard. \u201eDen Angeh\u00f6rigen geh\u00f6rt mein Mitgef\u00fchl. Lassen Sie uns alle nicht die Zuversicht verlieren, diese schwierige Zeit gemeinsam zu meistern.\u201c<\/p>\n<p style=\"text-align: justify;\">Die aktuelle Zahl best\u00e4tigter Infektionen im Landkreis B\u00f6blingen betr\u00e4gt 255 (Stand 23.3., 8 Uhr). Station\u00e4r sind derzeit insgesamt in allen vier Krankenh\u00e4usern im Landkreis 39 Patienten. Davon sind 15 intensivmedizinisch betreut, 9 beatmet. Baden-w\u00fcrttembergweit betr\u00e4gt die Zahl der best\u00e4tigten F\u00e4lle 4.300, die Zahl der Todesf\u00e4lle 27 (Stand 22.3., 15 Uhr).<\/p>\n<hr \/>\n<p style=\"text-align: justify;\">\n","protected":false},"excerpt":{"rendered":"<p>255 best\u00e4tigte Infektionen im Landkreis B\u00f6blingen Landrat Roland Bernhard: \u201eMeine Gedanken sind bei den Angeh\u00f6rigen!\u201c Kreis B\u00f6blingen.| Die traurige Realit\u00e4t ist auch im Landkreis B\u00f6blingen angekommen; auch hier gibt es jetzt den ersten Todesfall eines Covid-19-Patienten. Es handelt sich um einen 84j\u00e4hrigen Mann, der im Krankenhaus Herrenberg verstorben ist. Angesichts dieser Nachricht erneuert Landrat Roland [&hellip;]<\/p>\n","protected":false},"author":4,"featured_media":0,"comment_status":"closed","ping_status":"open","sticky":false,"template":"","format":"standard","meta":{"inline_featured_image":false,"_exactmetrics_skip_tracking":false,"_exactmetrics_sitenote_active":false,"_exactmetrics_sitenote_note":"","_exactmetrics_sitenote_category":0,"footnotes":""},"categories":[2246],"tags":[3061,16591,14857,5,68],"class_list":{"0":"post-138212","1":"post","2":"type-post","3":"status-publish","4":"format-standard","6":"category-kreis-boeblingen","7":"tag-boblingen","8":"tag-coronainfektion","9":"tag-die-webzeitung","10":"tag-internetzeitung","11":"tag-online-zeitung"},"image_feature":null,"author_name":"Redaktion","pure_taxonomies":{"categories":[{"term_id":2246,"name":"Kreis B\u00f6blingen","slug":"kreis-boeblingen","term_group":0,"term_taxonomy_id":2259,"taxonomy":"category","description":"","parent":171,"count":197,"filter":"raw","image":""}],"tags":[{"term_id":3061,"name":"B\u00f6blingen","slug":"boblingen","term_group":0,"term_taxonomy_id":3075,"taxonomy":"post_tag","description":"","parent":0,"count":260,"filter":"raw","image":""},{"term_id":16591,"name":"Coronainfektion","slug":"coronainfektion","term_group":0,"term_taxonomy_id":16610,"taxonomy":"post_tag","description":"","parent":0,"count":3,"filter":"raw","image":""},{"term_id":14857,"name":"Die-Webzeitung","slug":"die-webzeitung","term_group":0,"term_taxonomy_id":14876,"taxonomy":"post_tag","description":"","parent":0,"count":3623,"filter":"raw","image":""},{"term_id":5,"name":"Internetzeitung","slug":"internetzeitung","term_group":0,"term_taxonomy_id":5,"taxonomy":"post_tag","description":"","parent":0,"count":1461,"filter":"raw","image":""},{"term_id":68,"name":"Online-Zeitung","slug":"online-zeitung","term_group":0,"term_taxonomy_id":69,"taxonomy":"post_tag","description":"","parent":0,"count":3593,"filter":"raw","image":""}]},"_links":{"self":[{"href":"https:\/\/die-webzeitung.de\/stuttgart\/wp-json\/wp\/v2\/posts\/138212","targetHints":{"allow":["GET"]}}],"collection":[{"href":"https:\/\/die-webzeitung.de\/stuttgart\/wp-json\/wp\/v2\/posts"}],"about":[{"href":"https:\/\/die-webzeitung.de\/stuttgart\/wp-json\/wp\/v2\/types\/post"}],"author":[{"embeddable":true,"href":"https:\/\/die-webzeitung.de\/stuttgart\/wp-json\/wp\/v2\/users\/4"}],"replies":[{"embeddable":true,"href":"https:\/\/die-webzeitung.de\/stuttgart\/wp-json\/wp\/v2\/comments?post=138212"}],"version-history":[{"count":1,"href":"https:\/\/die-webzeitung.de\/stuttgart\/wp-json\/wp\/v2\/posts\/138212\/revisions"}],"predecessor-version":[{"id":138213,"href":"https:\/\/die-webzeitung.de\/stuttgart\/wp-json\/wp\/v2\/posts\/138212\/revisions\/138213"}],"wp:attachment":[{"href":"https:\/\/die-webzeitung.de\/stuttgart\/wp-json\/wp\/v2\/media?parent=138212"}],"wp:term":[{"taxonomy":"category","embeddable":true,"href":"https:\/\/die-webzeitung.de\/stuttgart\/wp-json\/wp\/v2\/categories?post=138212"},{"taxonomy":"post_tag","embeddable":true,"href":"https:\/\/die-webzeitung.de\/stuttgart\/wp-json\/wp\/v2\/tags?post=138212"}],"curies":[{"name":"wp","href":"https:\/\/api.w.org\/{rel}","templated":true}]}}