{"id":138163,"date":"2020-03-18T17:32:17","date_gmt":"2020-03-18T16:32:17","guid":{"rendered":"https:\/\/die-webzeitung.de\/stuttgart\/2020\/03\/18\/hbf-bundesliga-saison-2019-20-abgebrochen\/"},"modified":"2020-03-18T17:32:34","modified_gmt":"2020-03-18T16:32:34","slug":"hbf-bundesliga-saison-2019-20-abgebrochen","status":"publish","type":"post","link":"https:\/\/die-webzeitung.de\/stuttgart\/2020\/03\/18\/hbf-bundesliga-saison-2019-20-abgebrochen\/","title":{"rendered":"HBF Bundesliga-Saison 2019\/20 abgebrochen"},"content":{"rendered":"<h5 style=\"text-align: justify;\"><strong>OLYMP Final4 nicht im Mai<\/strong><\/h5>\n<p style=\"text-align: justify;\"><strong>Dortmund.| Die Handball Bundesliga Frauen (HBF) muss die Meisterschaftsrunde 2019\/20 f\u00fcr die 1. und 2. Bundesliga abbrechen. Grund hierf\u00fcr ist die sich zuspitzende Situation das Corona-Virus betreffend. Sportliche Absteiger aus der 1. und 2. Bundesliga gibt es nicht. Das OLYMP Final4 kann wegen beh\u00f6rdlicher Vorgaben nicht wie geplant am 23. und 24. Mai stattfinden, eine Verlegung wird gepr\u00fcft.<\/strong><\/p>\n<p style=\"text-align: justify;\">Die Vorschriften der Beh\u00f6rden versch\u00e4rfen sich t\u00e4glich: bis mindestens Ende April ist kein regul\u00e4rer Trainingsbetrieb f\u00fcr die HBF-Clubs m\u00f6glich. Auch f\u00fcr die Zeit danach gibt es noch keinerlei Gewissheit. Immer mehr Quarant\u00e4ne-F\u00e4lle erreichen nun auch den Handball.<\/p>\n<p style=\"text-align: justify;\">F\u00fcr die HBF steht die Gesundheit der Bev\u00f6lkerung, der Spielerinnen sowie aller dar\u00fcber hinaus am Spielbetrieb beteiligten Personen im Vordergrund. Aufgrund der aktuellen Entwicklungen und politischen Entscheidungen in Bezug auf das Corona-Virus und in Verantwortung gegen\u00fcber seinen Mitgliedsvereinen sieht der HBF-Vorstand sich gezwungen, die aktuelle Bundesliga-Saison 2019\/20 abzubrechen.<\/p>\n<p style=\"text-align: justify;\">Gleichzeitig hat der Vorstand beschlossen, dass es f\u00fcr die laufende Saison keine sportlichen Absteiger aus der 1. und 2. Bundesliga gibt. \u00dcber m\u00f6gliche Aufsteiger sowie die Vergabe der internationalen Startpl\u00e4tze wird zu einem sp\u00e4teren Zeitpunkt entschieden.<\/p>\n<p style=\"text-align: justify;\">Mit Baden-W\u00fcrttemberg hat ein Bundesland nunmehr Veranstaltungen generell bis auf Weiteres verboten, eine entsprechende Verordnung gilt Stand jetzt bis Mitte Juni. Spiele unter Ausschluss der \u00d6ffentlichkeit, sogenannte Geisterspiele, w\u00fcrden die HBF-Clubs aufgrund der damit verbundenen Einnahmeverluste im Bereich Ticketing und Sponsoring in unzumutbarer Weise belasten. Schon jetzt stehen die 14 Erst- und 16 Zweitligisten im Hinblick auf die kommende Saison vor enormen, nie dagewesenen wirtschaftlichen Herausforderungen.<\/p>\n<p style=\"text-align: justify;\">Das OLYMP Final4, die Endrunde um den DHB-Pokal der Frauen, kann aufgrund der beh\u00f6rdlichen Vorgaben nicht wie geplant am 23. und 24. Mai in der Stuttgarter Porsche-Arena stattfinden. Derzeit wird eine Verlegung auf einen sp\u00e4teren Zeitpunkt gepr\u00fcft. Die Tickets behalten vorerst weiter ihre G\u00fcltigkeit. Weitere Informationen folgen.<\/p>\n<hr \/>\n<p style=\"text-align: justify;\">\n","protected":false},"excerpt":{"rendered":"<p>OLYMP Final4 nicht im Mai Dortmund.| Die Handball Bundesliga Frauen (HBF) muss die Meisterschaftsrunde 2019\/20 f\u00fcr die 1. und 2. Bundesliga abbrechen. Grund hierf\u00fcr ist die sich zuspitzende Situation das Corona-Virus betreffend. Sportliche Absteiger aus der 1. und 2. Bundesliga gibt es nicht. Das OLYMP Final4 kann wegen beh\u00f6rdlicher Vorgaben nicht wie geplant am 23. [&hellip;]<\/p>\n","protected":false},"author":4,"featured_media":0,"comment_status":"closed","ping_status":"open","sticky":false,"template":"","format":"standard","meta":{"inline_featured_image":false,"_exactmetrics_skip_tracking":false,"_exactmetrics_sitenote_active":false,"_exactmetrics_sitenote_note":"","_exactmetrics_sitenote_category":0,"footnotes":""},"categories":[110],"tags":[131,14857,133,15779,5,147,68,9],"class_list":{"0":"post-138163","1":"post","2":"type-post","3":"status-publish","4":"format-standard","6":"category-sport","7":"tag-bundesliga","8":"tag-die-webzeitung","9":"tag-handball","10":"tag-hbf","11":"tag-internetzeitung","12":"tag-olymp","13":"tag-online-zeitung","14":"tag-schaumedia"},"image_feature":null,"author_name":"Redaktion","pure_taxonomies":{"categories":[{"term_id":110,"name":"Sport","slug":"sport","term_group":0,"term_taxonomy_id":112,"taxonomy":"category","description":"Sportberichte","parent":0,"count":1043,"filter":"raw","image":""}],"tags":[{"term_id":131,"name":"Bundesliga","slug":"bundesliga","term_group":0,"term_taxonomy_id":133,"taxonomy":"post_tag","description":"","parent":0,"count":699,"filter":"raw","image":""},{"term_id":14857,"name":"Die-Webzeitung","slug":"die-webzeitung","term_group":0,"term_taxonomy_id":14876,"taxonomy":"post_tag","description":"","parent":0,"count":3623,"filter":"raw","image":""},{"term_id":133,"name":"Handball","slug":"handball","term_group":0,"term_taxonomy_id":135,"taxonomy":"post_tag","description":"","parent":0,"count":387,"filter":"raw","image":""},{"term_id":15779,"name":"HBF","slug":"hbf","term_group":0,"term_taxonomy_id":15798,"taxonomy":"post_tag","description":"","parent":0,"count":4,"filter":"raw","image":""},{"term_id":5,"name":"Internetzeitung","slug":"internetzeitung","term_group":0,"term_taxonomy_id":5,"taxonomy":"post_tag","description":"","parent":0,"count":1461,"filter":"raw","image":""},{"term_id":147,"name":"Olymp","slug":"olymp","term_group":0,"term_taxonomy_id":149,"taxonomy":"post_tag","description":"","parent":0,"count":8,"filter":"raw","image":""},{"term_id":68,"name":"Online-Zeitung","slug":"online-zeitung","term_group":0,"term_taxonomy_id":69,"taxonomy":"post_tag","description":"","parent":0,"count":3593,"filter":"raw","image":""},{"term_id":9,"name":"SchauMedia","slug":"schaumedia","term_group":0,"term_taxonomy_id":9,"taxonomy":"post_tag","description":"","parent":0,"count":1607,"filter":"raw","image":""}]},"_links":{"self":[{"href":"https:\/\/die-webzeitung.de\/stuttgart\/wp-json\/wp\/v2\/posts\/138163","targetHints":{"allow":["GET"]}}],"collection":[{"href":"https:\/\/die-webzeitung.de\/stuttgart\/wp-json\/wp\/v2\/posts"}],"about":[{"href":"https:\/\/die-webzeitung.de\/stuttgart\/wp-json\/wp\/v2\/types\/post"}],"author":[{"embeddable":true,"href":"https:\/\/die-webzeitung.de\/stuttgart\/wp-json\/wp\/v2\/users\/4"}],"replies":[{"embeddable":true,"href":"https:\/\/die-webzeitung.de\/stuttgart\/wp-json\/wp\/v2\/comments?post=138163"}],"version-history":[{"count":1,"href":"https:\/\/die-webzeitung.de\/stuttgart\/wp-json\/wp\/v2\/posts\/138163\/revisions"}],"predecessor-version":[{"id":138164,"href":"https:\/\/die-webzeitung.de\/stuttgart\/wp-json\/wp\/v2\/posts\/138163\/revisions\/138164"}],"wp:attachment":[{"href":"https:\/\/die-webzeitung.de\/stuttgart\/wp-json\/wp\/v2\/media?parent=138163"}],"wp:term":[{"taxonomy":"category","embeddable":true,"href":"https:\/\/die-webzeitung.de\/stuttgart\/wp-json\/wp\/v2\/categories?post=138163"},{"taxonomy":"post_tag","embeddable":true,"href":"https:\/\/die-webzeitung.de\/stuttgart\/wp-json\/wp\/v2\/tags?post=138163"}],"curies":[{"name":"wp","href":"https:\/\/api.w.org\/{rel}","templated":true}]}}