{"id":138161,"date":"2020-03-18T17:28:31","date_gmt":"2020-03-18T16:28:31","guid":{"rendered":"https:\/\/die-webzeitung.de\/stuttgart\/?p=138161"},"modified":"2020-03-18T17:28:31","modified_gmt":"2020-03-18T16:28:31","slug":"coronavirus-einschraenkungen-im-nachtverkehr","status":"publish","type":"post","link":"https:\/\/die-webzeitung.de\/stuttgart\/2020\/03\/18\/coronavirus-einschraenkungen-im-nachtverkehr\/","title":{"rendered":"Coronavirus: Einschr\u00e4nkungen im Nachtverkehr"},"content":{"rendered":"<h5 style=\"text-align: justify;\"><strong>SSB-Nachtbuslinien, Regionalz\u00fcge und regionale Buslinien fahren nachts nicht mehr<\/strong><\/h5>\n<p style=\"text-align: justify;\">Um das Coronavirus einzud\u00e4mmen, schr\u00e4nkt das Land Baden-W\u00fcrttemberg das gesamte Nachtleben ein. Bars, Clubs, Restaurants, Kinos etc. m\u00fcssen bis auf Weiteres geschlossen bleiben. Die Verkehrsunternehmen im VVS reagieren auf die neuesten Entwicklungen und setzen ihren Nachtverkehr bis auf Weiteres aus. Bei der SSB und den regionalen Busunternehmen in den Verbundlandkreisen fahren die Nachtbusse ab Freitagnacht, 20. M\u00e4rz 2020, nicht mehr. Auch die Regionalbahnen von DB Regio, Go-Ahead und Abellio sind ab dem Wochenende nachts nicht mehr im Einsatz.<\/p>\n<p style=\"text-align: justify;\">Die Fahrplan\u00e4nderungen sind ab Donnerstagnachmittag, 19. M\u00e4rz 2020, in der Fahrplanauskunft (EFA) des VVS erfasst. Der VVS empfiehlt seinen Fahrg\u00e4sten, sich vorab \u00fcber die App \u201eVVS mobil\u201c oder \u00fcber <a href=\"http:\/\/vvs.de\" target=\"_blank\" rel=\"noopener noreferrer\" data-saferedirecturl=\"https:\/\/www.google.com\/url?q=http:\/\/vvs.de&amp;source=gmail&amp;ust=1584633791004000&amp;usg=AFQjCNGCXyxFcS6r0PWG4kwiLnuMGrJYng\">vvs.de<\/a> \u00fcber ihre jeweilige Verbindung zu informieren.<\/p>\n<p style=\"text-align: justify;\">Bereits jetzt gibt es auch tags\u00fcber bei DB Regio, Go-Ahead und Abellio vereinzelte Fahrtausf\u00e4lle. Die Ammertalbahn zwischen T\u00fcbingen und Herrenberg ist beispielsweise nur noch im Stundentakt im Einsatz. Die Fahrplan\u00e4nderungen sind bereits jetzt in der EFA abrufbar.<\/p>\n<p style=\"text-align: justify;\">Au\u00dferdem schlie\u00dft die SSB das KundenCentrum am Roteb\u00fchlplatz. Alternativ k\u00f6nnen Fahrg\u00e4ste die SSB-KundenCentren am Hauptbahnhof und am Charlottenplatz aufsuchen.<\/p>\n<hr \/>\n<p style=\"text-align: justify;\">\n","protected":false},"excerpt":{"rendered":"<p>SSB-Nachtbuslinien, Regionalz\u00fcge und regionale Buslinien fahren nachts nicht mehr Um das Coronavirus einzud\u00e4mmen, schr\u00e4nkt das Land Baden-W\u00fcrttemberg das gesamte Nachtleben ein. Bars, Clubs, Restaurants, Kinos etc. m\u00fcssen bis auf Weiteres geschlossen bleiben. Die Verkehrsunternehmen im VVS reagieren auf die neuesten Entwicklungen und setzen ihren Nachtverkehr bis auf Weiteres aus. Bei der SSB und den regionalen [&hellip;]<\/p>\n","protected":false},"author":4,"featured_media":134104,"comment_status":"closed","ping_status":"open","sticky":false,"template":"","format":"standard","meta":{"inline_featured_image":false,"_exactmetrics_skip_tracking":false,"_exactmetrics_sitenote_active":false,"_exactmetrics_sitenote_note":"","_exactmetrics_sitenote_category":0,"footnotes":""},"categories":[59,2246,2247,2239],"tags":[14857,5,9686,68,9610],"class_list":{"0":"post-138161","1":"post","2":"type-post","3":"status-publish","4":"format-standard","5":"has-post-thumbnail","7":"category-aktuell","8":"category-kreis-boeblingen","9":"category-kreis-esslingen","10":"category-stuttgart-lokal","11":"tag-die-webzeitung","12":"tag-internetzeitung","13":"tag-nachtbus","14":"tag-online-zeitung","15":"tag-s-bahn"},"image_feature":"https:\/\/die-webzeitung.de\/stuttgart\/wp-content\/uploads\/sites\/4\/2019\/03\/S-Bahn-SM.jpg","author_name":"Redaktion","pure_taxonomies":{"categories":[{"term_id":59,"name":"Aktuell","slug":"aktuell","term_group":0,"term_taxonomy_id":60,"taxonomy":"category","description":"","parent":0,"count":1017,"filter":"raw","image":""},{"term_id":2246,"name":"Kreis B\u00f6blingen","slug":"kreis-boeblingen","term_group":0,"term_taxonomy_id":2259,"taxonomy":"category","description":"","parent":171,"count":197,"filter":"raw","image":""},{"term_id":2247,"name":"Kreis Esslingen","slug":"kreis-esslingen","term_group":0,"term_taxonomy_id":2260,"taxonomy":"category","description":"Informationen aus dem Landkreis Esslingen","parent":171,"count":214,"filter":"raw","image":""},{"term_id":2239,"name":"Stuttgart","slug":"stuttgart-lokal","term_group":0,"term_taxonomy_id":2252,"taxonomy":"category","description":"Berichte und Informationen aus Stuttgart","parent":1433,"count":941,"filter":"raw","image":""}],"tags":[{"term_id":14857,"name":"Die-Webzeitung","slug":"die-webzeitung","term_group":0,"term_taxonomy_id":14876,"taxonomy":"post_tag","description":"","parent":0,"count":3623,"filter":"raw","image":""},{"term_id":5,"name":"Internetzeitung","slug":"internetzeitung","term_group":0,"term_taxonomy_id":5,"taxonomy":"post_tag","description":"","parent":0,"count":1461,"filter":"raw","image":""},{"term_id":9686,"name":"Nachtbus","slug":"nachtbus","term_group":0,"term_taxonomy_id":9717,"taxonomy":"post_tag","description":"","parent":0,"count":1,"filter":"raw","image":""},{"term_id":68,"name":"Online-Zeitung","slug":"online-zeitung","term_group":0,"term_taxonomy_id":69,"taxonomy":"post_tag","description":"","parent":0,"count":3593,"filter":"raw","image":""},{"term_id":9610,"name":"S-Bahn","slug":"s-bahn","term_group":0,"term_taxonomy_id":9640,"taxonomy":"post_tag","description":"","parent":0,"count":14,"filter":"raw","image":""}]},"_links":{"self":[{"href":"https:\/\/die-webzeitung.de\/stuttgart\/wp-json\/wp\/v2\/posts\/138161","targetHints":{"allow":["GET"]}}],"collection":[{"href":"https:\/\/die-webzeitung.de\/stuttgart\/wp-json\/wp\/v2\/posts"}],"about":[{"href":"https:\/\/die-webzeitung.de\/stuttgart\/wp-json\/wp\/v2\/types\/post"}],"author":[{"embeddable":true,"href":"https:\/\/die-webzeitung.de\/stuttgart\/wp-json\/wp\/v2\/users\/4"}],"replies":[{"embeddable":true,"href":"https:\/\/die-webzeitung.de\/stuttgart\/wp-json\/wp\/v2\/comments?post=138161"}],"version-history":[{"count":1,"href":"https:\/\/die-webzeitung.de\/stuttgart\/wp-json\/wp\/v2\/posts\/138161\/revisions"}],"predecessor-version":[{"id":138162,"href":"https:\/\/die-webzeitung.de\/stuttgart\/wp-json\/wp\/v2\/posts\/138161\/revisions\/138162"}],"wp:featuredmedia":[{"embeddable":true,"href":"https:\/\/die-webzeitung.de\/stuttgart\/wp-json\/wp\/v2\/media\/134104"}],"wp:attachment":[{"href":"https:\/\/die-webzeitung.de\/stuttgart\/wp-json\/wp\/v2\/media?parent=138161"}],"wp:term":[{"taxonomy":"category","embeddable":true,"href":"https:\/\/die-webzeitung.de\/stuttgart\/wp-json\/wp\/v2\/categories?post=138161"},{"taxonomy":"post_tag","embeddable":true,"href":"https:\/\/die-webzeitung.de\/stuttgart\/wp-json\/wp\/v2\/tags?post=138161"}],"curies":[{"name":"wp","href":"https:\/\/api.w.org\/{rel}","templated":true}]}}