{"id":138143,"date":"2020-03-17T19:16:06","date_gmt":"2020-03-17T18:16:06","guid":{"rendered":"https:\/\/die-webzeitung.de\/stuttgart\/2020\/03\/17\/uefa-entscheidung-euro-erst-im-sommer-2021\/"},"modified":"2020-03-17T19:16:06","modified_gmt":"2020-03-17T18:16:06","slug":"uefa-entscheidung-euro-erst-im-sommer-2021","status":"publish","type":"post","link":"https:\/\/die-webzeitung.de\/stuttgart\/2020\/03\/17\/uefa-entscheidung-euro-erst-im-sommer-2021\/","title":{"rendered":"UEFA-Entscheidung: EURO erst im Sommer 2021"},"content":{"rendered":"<div>\n<p style=\"text-align: justify;\">Nach Beratungen der 55 Mitgliedsverb\u00e4nde sowie der F\u00fchrungsriegen der Klubvereinigung ECA, des Ligen-Interessenverbundes European Leagues und der Spielergewerkschaft FIFPro hat das UEFA-Exekutivkomitee heute entschieden, dass die Europameisterschaft erst im Sommer 2021 ausgetragen wird.<\/p>\n<p style=\"text-align: justify;\">Die Endrunde soll demnach vom 11. Juni bis 11. Juli 2021 stattfinden. Die Play-off-Spiele f\u00fcr die EURO, die urspr\u00fcnglich f\u00fcr M\u00e4rz 2020 vorgesehen waren, wurden in den Juni 2020 verlegt. Das Exekutivkomitee entschied zudem, dass Wettbewerbe, die im Juni 2021 stattfinden sollten, neu terminiert werden. Dies betrifft das Final Four der Nations League, sowie die Europameisterschaften der Frauen und der U 21. Genaue Termine sind noch offen.<\/p>\n<p style=\"text-align: justify;\">DFB-Pr\u00e4sident Fritz Keller sagt: \u201cUnser Dank gilt allen Entscheidungstr\u00e4gern*innen in Politik, Wirtschaft, Sport und Gesellschaft, die in diesen Tagen Verantwortung \u00fcbernehmen \u2013 in einer schweren Zeit, in der nie dagewesene Herausforderungen gemeinsam bew\u00e4ltigt werden m\u00fcssen. Nur wenn wir solidarisch handeln, dann k\u00f6nnen wir diese Krise zusammen \u00fcberstehen. Ich m\u00f6chte mich bei allen bedanken, die dazu beigetragen haben, den bundesweiten Spielbetrieb in der vergangenen Woche innerhalb k\u00fcrzester Zeit von 80.000 Spielen, die jedes Wochenende stattfinden, einzustellen. Auch dadurch hat der Fu\u00dfball einen Beitrag geleistet, die Zahl der Neuinfektionen nicht noch weiter ansteigen zu lassen. Die Kolleginnen und Kollegen der UEFA, denen wir uns nicht zuletzt als Ausrichter der Europameisterschaft 2024 besonders verbunden f\u00fchlen, sind heute ihrer Verantwortung gerecht geworden und haben einen Plan f\u00fcr ihre 55 Mitgliedsverb\u00e4nde aufgestellt. Wohlwissend, dass alles, was wir hier und heute beschlie\u00dfen, morgen oder \u00fcbermorgen wieder \u00fcberholt sein kann. Wir m\u00fcssen nun lernen, in Szenarien zu denken. Es gibt keine Alternative zur Verschiebung der Europameisterschaft. Jetzt ist es an der Zeit, nicht nur in Deutschland und in Europa, sondern \u00fcberall auf der Welt die Gesundheit der Menschen nicht leichtfertig aufs Spiel zu setzen. Gleichzeitig m\u00fcssen wir schon jetzt daran denken, wie es nach der Pandemie mit dem Fu\u00dfball weitergeht, der so viele Menschen in seinen Bann zieht.\u201d<\/p>\n<p style=\"text-align: justify;\">Oliver Bierhoff, Direktor Nationalmannschaften und Akademie: \u201cEs gibt f\u00fcr die aktuelle Situation kein Handbuch, keine Erfahrungswerte. So gerne wir nun gegen Italien und Spanien, insbesondere aber die EURO 2020 im Sommer mit unserer jungen Mannschaft und den drei tollen Heimpartien in M\u00fcnchen gespielt h\u00e4tten, so alternativlos sind diese Entscheidungen im Moment. Wir alle wissen, welch hohe Bedeutung der Fu\u00dfball f\u00fcr die Gesellschaft hat und hatte \u2013 auch und gerade in schwierigen Zeiten hat der Fu\u00dfball immer wieder seine verbindende Kraft gezeigt und Zuversicht entstehen lassen. In der aktuellen Phase geht es darum, diese verbindende Kraft so zu nutzen, uns alle zur\u00fcckzunehmen. Unsere Aufgabe ist es nun, die weitreichenden Folgen, die diese Entscheidungen auf den gesamten Fu\u00dfball haben, einzuordnen und an L\u00f6sungen zu arbeiten. Damit m\u00fcssen wir uns in den n\u00e4chsten Wochen auf allen Ebenen besch\u00e4ftigen. Ich wei\u00df, dass unsere Nationalspieler*innen in dieser schwierigen Situation auch Vorbilder sind: Vorbilder f\u00fcr Zusammenhalt, f\u00fcr Zuversicht und ganz besonders auch f\u00fcr Solidarit\u00e4t. Wir alle m\u00fcssen uns einbringen.\u201d<\/p>\n<p style=\"text-align: justify;\">Bundestrainer Joachim L\u00f6w: \u201cWir alle m\u00fcssen die Gesundheit und das Leben von Menschen sch\u00fctzen, das gilt selbstverst\u00e4ndlich auch f\u00fcr den Fu\u00dfball. Deshalb ist es v\u00f6llig richtig und alternativlos, die EURO zu verschieben. Unsere Nationalspieler sind nat\u00fcrlich \u00fcber die Entscheidung informiert, sie sind zudem mit ihren Vereinen und den dortigen Trainern in Kontakt, trainieren derzeit gr\u00f6\u00dftenteils individuell, bis abzusehen ist, wie sich die Lage insgesamt entwickeln wird. Sie h\u00e4tten nat\u00fcrlich wahnsinnig gerne die EURO im Sommer gespielt, was sie sich auch erarbeitet hatten. Jeder Sportler lebt doch f\u00fcr diese gro\u00dfen Spiele, f\u00fcr diese gro\u00dfen Turniere, die ein Land, einen ganzen Kontinent oder bei Weltmeisterschaften die ganze Welt begeistern.\u201d<\/p>\n<p style=\"text-align: justify;\">Philipp Lahm, Gesch\u00e4ftsf\u00fchrer der DFB EURO GmbH: \u201cDie Verlegung der EURO 2020 ist unter den gegebenen Umst\u00e4nden ein richtiger und konsequenter Schritt. Wir alle lieben den Fu\u00dfball. Aber im Angesicht der Pandemie m\u00fcssen wir neue Schwerpunkte setzen. Die Gesundheit der Menschen ist das h\u00f6chste Gut. Wir m\u00fcssen es gemeinsam sch\u00fctzen. Ich appelliere an alle, die Weisungen der Gesundheitsbeh\u00f6rden genau zu befolgen. Wir k\u00f6nnen die Pandemie nur gemeinsam besiegen. Als Team.\u201d<\/p>\n<p style=\"text-align: justify;\">Fans, die f\u00fcr die EURO 2020 Tickets erworben hatten und Fragen zur R\u00fcckerstattung haben, wenden sich bitte an die zust\u00e4ndigen Stellen der UEFA.<\/p>\n<p style=\"text-align: justify;\">Neben der Verlegung der EURO 2020 m\u00f6chte die UEFA maximale Anstrengungen unternehmen, um die nationalen und europ\u00e4ischen Klubwettbewerbe bis zum 30. Juni 2020 abzuschlie\u00dfen. Dies k\u00f6nnte bewirken, dass UEFA-Wettbewerbe wie die Champions League und Europa League auch am Wochenende stattfinden k\u00f6nnten. Im Gegenzug seien Partien der nationalen Ligen, wie beispielsweise der Bundesliga, von Dienstag bis Donnerstag m\u00f6glich, die urspr\u00fcnglich den europ\u00e4ischen Wettbewerben vorbehalten waren.<\/p>\n<hr \/>\n<p style=\"text-align: justify;\">\n<\/div>\n","protected":false},"excerpt":{"rendered":"<p>Nach Beratungen der 55 Mitgliedsverb\u00e4nde sowie der F\u00fchrungsriegen der Klubvereinigung ECA, des Ligen-Interessenverbundes European Leagues und der Spielergewerkschaft FIFPro hat das UEFA-Exekutivkomitee heute entschieden, dass die Europameisterschaft erst im Sommer 2021 ausgetragen wird. Die Endrunde soll demnach vom 11. Juni bis 11. Juli 2021 stattfinden. Die Play-off-Spiele f\u00fcr die EURO, die urspr\u00fcnglich f\u00fcr M\u00e4rz 2020 [&hellip;]<\/p>\n","protected":false},"author":4,"featured_media":0,"comment_status":"closed","ping_status":"open","sticky":false,"template":"","format":"standard","meta":{"inline_featured_image":false,"_exactmetrics_skip_tracking":false,"_exactmetrics_sitenote_active":false,"_exactmetrics_sitenote_note":"","_exactmetrics_sitenote_category":0,"footnotes":""},"categories":[59,110],"tags":[14857,9105,5,68,9,9974],"class_list":{"0":"post-138143","1":"post","2":"type-post","3":"status-publish","4":"format-standard","6":"category-aktuell","7":"category-sport","8":"tag-die-webzeitung","9":"tag-euro","10":"tag-internetzeitung","11":"tag-online-zeitung","12":"tag-schaumedia","13":"tag-uefa"},"image_feature":null,"author_name":"Redaktion","pure_taxonomies":{"categories":[{"term_id":59,"name":"Aktuell","slug":"aktuell","term_group":0,"term_taxonomy_id":60,"taxonomy":"category","description":"","parent":0,"count":1017,"filter":"raw","image":""},{"term_id":110,"name":"Sport","slug":"sport","term_group":0,"term_taxonomy_id":112,"taxonomy":"category","description":"Sportberichte","parent":0,"count":1043,"filter":"raw","image":""}],"tags":[{"term_id":14857,"name":"Die-Webzeitung","slug":"die-webzeitung","term_group":0,"term_taxonomy_id":14876,"taxonomy":"post_tag","description":"","parent":0,"count":3623,"filter":"raw","image":""},{"term_id":9105,"name":"Euro","slug":"euro","term_group":0,"term_taxonomy_id":9131,"taxonomy":"post_tag","description":"","parent":0,"count":9,"filter":"raw","image":""},{"term_id":5,"name":"Internetzeitung","slug":"internetzeitung","term_group":0,"term_taxonomy_id":5,"taxonomy":"post_tag","description":"","parent":0,"count":1461,"filter":"raw","image":""},{"term_id":68,"name":"Online-Zeitung","slug":"online-zeitung","term_group":0,"term_taxonomy_id":69,"taxonomy":"post_tag","description":"","parent":0,"count":3593,"filter":"raw","image":""},{"term_id":9,"name":"SchauMedia","slug":"schaumedia","term_group":0,"term_taxonomy_id":9,"taxonomy":"post_tag","description":"","parent":0,"count":1607,"filter":"raw","image":""},{"term_id":9974,"name":"UEFA","slug":"uefa","term_group":0,"term_taxonomy_id":10005,"taxonomy":"post_tag","description":"","parent":0,"count":7,"filter":"raw","image":""}]},"_links":{"self":[{"href":"https:\/\/die-webzeitung.de\/stuttgart\/wp-json\/wp\/v2\/posts\/138143","targetHints":{"allow":["GET"]}}],"collection":[{"href":"https:\/\/die-webzeitung.de\/stuttgart\/wp-json\/wp\/v2\/posts"}],"about":[{"href":"https:\/\/die-webzeitung.de\/stuttgart\/wp-json\/wp\/v2\/types\/post"}],"author":[{"embeddable":true,"href":"https:\/\/die-webzeitung.de\/stuttgart\/wp-json\/wp\/v2\/users\/4"}],"replies":[{"embeddable":true,"href":"https:\/\/die-webzeitung.de\/stuttgart\/wp-json\/wp\/v2\/comments?post=138143"}],"version-history":[{"count":0,"href":"https:\/\/die-webzeitung.de\/stuttgart\/wp-json\/wp\/v2\/posts\/138143\/revisions"}],"wp:attachment":[{"href":"https:\/\/die-webzeitung.de\/stuttgart\/wp-json\/wp\/v2\/media?parent=138143"}],"wp:term":[{"taxonomy":"category","embeddable":true,"href":"https:\/\/die-webzeitung.de\/stuttgart\/wp-json\/wp\/v2\/categories?post=138143"},{"taxonomy":"post_tag","embeddable":true,"href":"https:\/\/die-webzeitung.de\/stuttgart\/wp-json\/wp\/v2\/tags?post=138143"}],"curies":[{"name":"wp","href":"https:\/\/api.w.org\/{rel}","templated":true}]}}