{"id":138134,"date":"2020-03-16T17:21:41","date_gmt":"2020-03-16T16:21:41","guid":{"rendered":"https:\/\/die-webzeitung.de\/stuttgart\/?p=138134"},"modified":"2020-03-16T17:21:41","modified_gmt":"2020-03-16T16:21:41","slug":"schliessung-panorama-therme-beuren-und-kleinschwimmhalle-beure","status":"publish","type":"post","link":"https:\/\/die-webzeitung.de\/stuttgart\/2020\/03\/16\/schliessung-panorama-therme-beuren-und-kleinschwimmhalle-beure\/","title":{"rendered":"Schlie\u00dfung Panorama Therme Beuren und Kleinschwimmhalle Beure"},"content":{"rendered":"<p>Beuren.| Auf Grund der aktuellen Entwicklungen im Zusammenhang mit dem Corona-Virus hat die Panorama Therme Beuren ab Sonntag, 15. M\u00e4rz bis voraussichtlich Sonntag, 19. April 2020 geschlossen!<\/p>\n<p>Gekaufte Eintrittskarten und Wertgutscheine, die in diesem Zeitraum ablaufen w\u00fcrden, behalten ihre G\u00fcltigkeit bis nach der Schlie\u00dfung.<\/p>\n<p>Bitte beachten Sie die weiteren Informationen auf unserer Internetseite: <a href=\"http:\/\/www.panorama-therme.de\" target=\"_blank\" rel=\"noopener noreferrer\">www.panorama-therme.de<\/a><\/p>\n<p>Die Kleinschwimmhalle ist ebenfalls ab Sonntag, 15. M\u00e4rz bis voraussichtlich Sonntag, 19. April 2020 geschlossen.<\/p>\n<hr \/>\n<p>&nbsp;<\/p>\n","protected":false},"excerpt":{"rendered":"<p>Beuren.| Auf Grund der aktuellen Entwicklungen im Zusammenhang mit dem Corona-Virus hat die Panorama Therme Beuren ab Sonntag, 15. M\u00e4rz bis voraussichtlich Sonntag, 19. April 2020 geschlossen! Gekaufte Eintrittskarten und Wertgutscheine, die in diesem Zeitraum ablaufen w\u00fcrden, behalten ihre G\u00fcltigkeit bis nach der Schlie\u00dfung. Bitte beachten Sie die weiteren Informationen auf unserer Internetseite: www.panorama-therme.de Die [&hellip;]<\/p>\n","protected":false},"author":4,"featured_media":0,"comment_status":"closed","ping_status":"open","sticky":false,"template":"","format":"standard","meta":{"inline_featured_image":false,"_exactmetrics_skip_tracking":false,"_exactmetrics_sitenote_active":false,"_exactmetrics_sitenote_note":"","_exactmetrics_sitenote_category":0,"footnotes":""},"categories":[2247],"tags":[2934,14857,14440,5,68,16585,9],"class_list":{"0":"post-138134","1":"post","2":"type-post","3":"status-publish","4":"format-standard","6":"category-kreis-esslingen","7":"tag-beuren","8":"tag-die-webzeitung","9":"tag-esslingen","10":"tag-internetzeitung","11":"tag-online-zeitung","12":"tag-panoramatherme","13":"tag-schaumedia"},"image_feature":null,"author_name":"Redaktion","pure_taxonomies":{"categories":[{"term_id":2247,"name":"Kreis Esslingen","slug":"kreis-esslingen","term_group":0,"term_taxonomy_id":2260,"taxonomy":"category","description":"Informationen aus dem Landkreis Esslingen","parent":171,"count":214,"filter":"raw","image":""}],"tags":[{"term_id":2934,"name":"Beuren","slug":"beuren","term_group":0,"term_taxonomy_id":2948,"taxonomy":"post_tag","description":"","parent":0,"count":6,"filter":"raw","image":""},{"term_id":14857,"name":"Die-Webzeitung","slug":"die-webzeitung","term_group":0,"term_taxonomy_id":14876,"taxonomy":"post_tag","description":"","parent":0,"count":3623,"filter":"raw","image":""},{"term_id":14440,"name":"Esslingen","slug":"esslingen","term_group":0,"term_taxonomy_id":3885,"taxonomy":"post_tag","description":"","parent":0,"count":202,"filter":"raw","image":""},{"term_id":5,"name":"Internetzeitung","slug":"internetzeitung","term_group":0,"term_taxonomy_id":5,"taxonomy":"post_tag","description":"","parent":0,"count":1461,"filter":"raw","image":""},{"term_id":68,"name":"Online-Zeitung","slug":"online-zeitung","term_group":0,"term_taxonomy_id":69,"taxonomy":"post_tag","description":"","parent":0,"count":3593,"filter":"raw","image":""},{"term_id":16585,"name":"Panoramatherme","slug":"panoramatherme","term_group":0,"term_taxonomy_id":16604,"taxonomy":"post_tag","description":"","parent":0,"count":1,"filter":"raw","image":""},{"term_id":9,"name":"SchauMedia","slug":"schaumedia","term_group":0,"term_taxonomy_id":9,"taxonomy":"post_tag","description":"","parent":0,"count":1607,"filter":"raw","image":""}]},"_links":{"self":[{"href":"https:\/\/die-webzeitung.de\/stuttgart\/wp-json\/wp\/v2\/posts\/138134","targetHints":{"allow":["GET"]}}],"collection":[{"href":"https:\/\/die-webzeitung.de\/stuttgart\/wp-json\/wp\/v2\/posts"}],"about":[{"href":"https:\/\/die-webzeitung.de\/stuttgart\/wp-json\/wp\/v2\/types\/post"}],"author":[{"embeddable":true,"href":"https:\/\/die-webzeitung.de\/stuttgart\/wp-json\/wp\/v2\/users\/4"}],"replies":[{"embeddable":true,"href":"https:\/\/die-webzeitung.de\/stuttgart\/wp-json\/wp\/v2\/comments?post=138134"}],"version-history":[{"count":1,"href":"https:\/\/die-webzeitung.de\/stuttgart\/wp-json\/wp\/v2\/posts\/138134\/revisions"}],"predecessor-version":[{"id":138135,"href":"https:\/\/die-webzeitung.de\/stuttgart\/wp-json\/wp\/v2\/posts\/138134\/revisions\/138135"}],"wp:attachment":[{"href":"https:\/\/die-webzeitung.de\/stuttgart\/wp-json\/wp\/v2\/media?parent=138134"}],"wp:term":[{"taxonomy":"category","embeddable":true,"href":"https:\/\/die-webzeitung.de\/stuttgart\/wp-json\/wp\/v2\/categories?post=138134"},{"taxonomy":"post_tag","embeddable":true,"href":"https:\/\/die-webzeitung.de\/stuttgart\/wp-json\/wp\/v2\/tags?post=138134"}],"curies":[{"name":"wp","href":"https:\/\/api.w.org\/{rel}","templated":true}]}}