{"id":138132,"date":"2020-03-16T17:16:55","date_gmt":"2020-03-16T16:16:55","guid":{"rendered":"https:\/\/die-webzeitung.de\/stuttgart\/?p=138132"},"modified":"2020-03-16T17:16:55","modified_gmt":"2020-03-16T16:16:55","slug":"corona-abstrichzentren-bitte-am-16-maerz-nicht-mehr-anfahren","status":"publish","type":"post","link":"https:\/\/die-webzeitung.de\/stuttgart\/2020\/03\/16\/corona-abstrichzentren-bitte-am-16-maerz-nicht-mehr-anfahren\/","title":{"rendered":"Corona \u2013 Abstrichzentren bitte am 16. M\u00e4rz nicht mehr anfahren"},"content":{"rendered":"<p style=\"text-align: justify;\">Kreis Esslingen.| Wir bitten die Einwohner des Landkreises Esslingen, die beiden Corona-Abstrichzentren (CAZ) in N\u00fcrtingen und an der Messe in Leinfelden-Echterdingen heute nicht mehr anzufahren.<\/p>\n<p style=\"text-align: justify;\">Aufgrund des gro\u00dfen Andrangs muss mit langen Wartezeiten gerechnet werden. Daher bittet die Kreisverwaltung, erst morgen oder in den folgenden Tagen die CAZ anzufahren.<\/p>\n<p style=\"text-align: justify;\">Die Vielzahl der dort bereits in der Autoschlange auf die Behandlung wartenden Personen begr\u00fcndet sich \u00fcberwiegend damit, dass das Robert-Koch-Institut (RKI) neue Risikogebiete ausgewiesen hat. Zu diesen geh\u00f6ren Tirol und Madrid.<\/p>\n<p style=\"text-align: justify;\">Nur Patienten mit einem Code, den sie vom Hausarzt erhalten, sind berechtigt, bei den beiden CAZ vorzufahren, um sich auf die Infizierung mit dem Coronavirus (SARS-COV-2) testen zu lassen.<\/p>\n<hr \/>\n<p style=\"text-align: justify;\">\n","protected":false},"excerpt":{"rendered":"<p>Kreis Esslingen.| Wir bitten die Einwohner des Landkreises Esslingen, die beiden Corona-Abstrichzentren (CAZ) in N\u00fcrtingen und an der Messe in Leinfelden-Echterdingen heute nicht mehr anzufahren. Aufgrund des gro\u00dfen Andrangs muss mit langen Wartezeiten gerechnet werden. Daher bittet die Kreisverwaltung, erst morgen oder in den folgenden Tagen die CAZ anzufahren. Die Vielzahl der dort bereits in [&hellip;]<\/p>\n","protected":false},"author":4,"featured_media":0,"comment_status":"closed","ping_status":"open","sticky":false,"template":"","format":"standard","meta":{"inline_featured_image":false,"_exactmetrics_skip_tracking":false,"_exactmetrics_sitenote_active":false,"_exactmetrics_sitenote_note":"","_exactmetrics_sitenote_category":0,"footnotes":""},"categories":[59,2247],"tags":[14857,14440,5,68,9,16584],"class_list":{"0":"post-138132","1":"post","2":"type-post","3":"status-publish","4":"format-standard","6":"category-aktuell","7":"category-kreis-esslingen","8":"tag-die-webzeitung","9":"tag-esslingen","10":"tag-internetzeitung","11":"tag-online-zeitung","12":"tag-schaumedia","13":"tag-testzentrum"},"image_feature":null,"author_name":"Redaktion","pure_taxonomies":{"categories":[{"term_id":59,"name":"Aktuell","slug":"aktuell","term_group":0,"term_taxonomy_id":60,"taxonomy":"category","description":"","parent":0,"count":1017,"filter":"raw","image":""},{"term_id":2247,"name":"Kreis Esslingen","slug":"kreis-esslingen","term_group":0,"term_taxonomy_id":2260,"taxonomy":"category","description":"Informationen aus dem Landkreis Esslingen","parent":171,"count":214,"filter":"raw","image":""}],"tags":[{"term_id":14857,"name":"Die-Webzeitung","slug":"die-webzeitung","term_group":0,"term_taxonomy_id":14876,"taxonomy":"post_tag","description":"","parent":0,"count":3623,"filter":"raw","image":""},{"term_id":14440,"name":"Esslingen","slug":"esslingen","term_group":0,"term_taxonomy_id":3885,"taxonomy":"post_tag","description":"","parent":0,"count":202,"filter":"raw","image":""},{"term_id":5,"name":"Internetzeitung","slug":"internetzeitung","term_group":0,"term_taxonomy_id":5,"taxonomy":"post_tag","description":"","parent":0,"count":1461,"filter":"raw","image":""},{"term_id":68,"name":"Online-Zeitung","slug":"online-zeitung","term_group":0,"term_taxonomy_id":69,"taxonomy":"post_tag","description":"","parent":0,"count":3593,"filter":"raw","image":""},{"term_id":9,"name":"SchauMedia","slug":"schaumedia","term_group":0,"term_taxonomy_id":9,"taxonomy":"post_tag","description":"","parent":0,"count":1607,"filter":"raw","image":""},{"term_id":16584,"name":"Testzentrum","slug":"testzentrum","term_group":0,"term_taxonomy_id":16603,"taxonomy":"post_tag","description":"","parent":0,"count":8,"filter":"raw","image":""}]},"_links":{"self":[{"href":"https:\/\/die-webzeitung.de\/stuttgart\/wp-json\/wp\/v2\/posts\/138132","targetHints":{"allow":["GET"]}}],"collection":[{"href":"https:\/\/die-webzeitung.de\/stuttgart\/wp-json\/wp\/v2\/posts"}],"about":[{"href":"https:\/\/die-webzeitung.de\/stuttgart\/wp-json\/wp\/v2\/types\/post"}],"author":[{"embeddable":true,"href":"https:\/\/die-webzeitung.de\/stuttgart\/wp-json\/wp\/v2\/users\/4"}],"replies":[{"embeddable":true,"href":"https:\/\/die-webzeitung.de\/stuttgart\/wp-json\/wp\/v2\/comments?post=138132"}],"version-history":[{"count":1,"href":"https:\/\/die-webzeitung.de\/stuttgart\/wp-json\/wp\/v2\/posts\/138132\/revisions"}],"predecessor-version":[{"id":138133,"href":"https:\/\/die-webzeitung.de\/stuttgart\/wp-json\/wp\/v2\/posts\/138132\/revisions\/138133"}],"wp:attachment":[{"href":"https:\/\/die-webzeitung.de\/stuttgart\/wp-json\/wp\/v2\/media?parent=138132"}],"wp:term":[{"taxonomy":"category","embeddable":true,"href":"https:\/\/die-webzeitung.de\/stuttgart\/wp-json\/wp\/v2\/categories?post=138132"},{"taxonomy":"post_tag","embeddable":true,"href":"https:\/\/die-webzeitung.de\/stuttgart\/wp-json\/wp\/v2\/tags?post=138132"}],"curies":[{"name":"wp","href":"https:\/\/api.w.org\/{rel}","templated":true}]}}