{"id":138096,"date":"2020-03-13T18:05:02","date_gmt":"2020-03-13T17:05:02","guid":{"rendered":"https:\/\/die-webzeitung.de\/stuttgart\/2020\/03\/13\/hbf-spielbetrieb-bis-19-april-ausgesetzt\/"},"modified":"2020-03-13T18:05:02","modified_gmt":"2020-03-13T17:05:02","slug":"hbf-spielbetrieb-bis-19-april-ausgesetzt","status":"publish","type":"post","link":"https:\/\/die-webzeitung.de\/stuttgart\/2020\/03\/13\/hbf-spielbetrieb-bis-19-april-ausgesetzt\/","title":{"rendered":"HBF-Spielbetrieb bis 19. April ausgesetzt"},"content":{"rendered":"<p style=\"text-align: justify;\"><strong>Die Handball Bundesliga Frauen (HBF) setzt den Spielbetrieb der 1. und 2. Bundesliga mit sofortiger Wirkung bis zum 19. April 2020 aus. Grund hierf\u00fcr ist die Ausbreitung des Corona-Virus.<\/strong><\/p>\n<p>In der 1. Bundesliga werden somit die Spieltage 19 bis einschlie\u00dflich 22 abgesetzt, in der 2. Bundesliga sind es die Spieltage 23 bis einschlie\u00dflich 26. Ziel bleibt Stand jetzt weiterhin, die Saison 2019\/20 in beiden Ligen zu beenden. Weitere Informationen folgen zu gegebenem Zeitpunkt.<\/p>\n<p>Die HBF hofft, mit dieser Ma\u00dfnahme einen Beitrag zur Verlangsamung der Ausbreitung des Corona-Virus leisten zu k\u00f6nnen. Auch der Deutsche Handballbund (DHB) und die beiden Handball-Profiligen der M\u00e4nner, LIQUI MOLY HBL und 2. HBL, setzen ihren Spielbetrieb bis zum 19. April aus.<\/p>\n<hr \/>\n<p style=\"text-align: justify;\">\n","protected":false},"excerpt":{"rendered":"<p>Die Handball Bundesliga Frauen (HBF) setzt den Spielbetrieb der 1. und 2. Bundesliga mit sofortiger Wirkung bis zum 19. April 2020 aus. Grund hierf\u00fcr ist die Ausbreitung des Corona-Virus. In der 1. Bundesliga werden somit die Spieltage 19 bis einschlie\u00dflich 22 abgesetzt, in der 2. Bundesliga sind es die Spieltage 23 bis einschlie\u00dflich 26. Ziel [&hellip;]<\/p>\n","protected":false},"author":4,"featured_media":0,"comment_status":"closed","ping_status":"open","sticky":false,"template":"","format":"standard","meta":{"inline_featured_image":false,"_exactmetrics_skip_tracking":false,"_exactmetrics_sitenote_active":false,"_exactmetrics_sitenote_note":"","_exactmetrics_sitenote_category":0,"footnotes":""},"categories":[110],"tags":[131,14857,133,5,68],"class_list":{"0":"post-138096","1":"post","2":"type-post","3":"status-publish","4":"format-standard","6":"category-sport","7":"tag-bundesliga","8":"tag-die-webzeitung","9":"tag-handball","10":"tag-internetzeitung","11":"tag-online-zeitung"},"image_feature":null,"author_name":"Redaktion","pure_taxonomies":{"categories":[{"term_id":110,"name":"Sport","slug":"sport","term_group":0,"term_taxonomy_id":112,"taxonomy":"category","description":"Sportberichte","parent":0,"count":1043,"filter":"raw","image":""}],"tags":[{"term_id":131,"name":"Bundesliga","slug":"bundesliga","term_group":0,"term_taxonomy_id":133,"taxonomy":"post_tag","description":"","parent":0,"count":699,"filter":"raw","image":""},{"term_id":14857,"name":"Die-Webzeitung","slug":"die-webzeitung","term_group":0,"term_taxonomy_id":14876,"taxonomy":"post_tag","description":"","parent":0,"count":3623,"filter":"raw","image":""},{"term_id":133,"name":"Handball","slug":"handball","term_group":0,"term_taxonomy_id":135,"taxonomy":"post_tag","description":"","parent":0,"count":387,"filter":"raw","image":""},{"term_id":5,"name":"Internetzeitung","slug":"internetzeitung","term_group":0,"term_taxonomy_id":5,"taxonomy":"post_tag","description":"","parent":0,"count":1461,"filter":"raw","image":""},{"term_id":68,"name":"Online-Zeitung","slug":"online-zeitung","term_group":0,"term_taxonomy_id":69,"taxonomy":"post_tag","description":"","parent":0,"count":3593,"filter":"raw","image":""}]},"_links":{"self":[{"href":"https:\/\/die-webzeitung.de\/stuttgart\/wp-json\/wp\/v2\/posts\/138096","targetHints":{"allow":["GET"]}}],"collection":[{"href":"https:\/\/die-webzeitung.de\/stuttgart\/wp-json\/wp\/v2\/posts"}],"about":[{"href":"https:\/\/die-webzeitung.de\/stuttgart\/wp-json\/wp\/v2\/types\/post"}],"author":[{"embeddable":true,"href":"https:\/\/die-webzeitung.de\/stuttgart\/wp-json\/wp\/v2\/users\/4"}],"replies":[{"embeddable":true,"href":"https:\/\/die-webzeitung.de\/stuttgart\/wp-json\/wp\/v2\/comments?post=138096"}],"version-history":[{"count":0,"href":"https:\/\/die-webzeitung.de\/stuttgart\/wp-json\/wp\/v2\/posts\/138096\/revisions"}],"wp:attachment":[{"href":"https:\/\/die-webzeitung.de\/stuttgart\/wp-json\/wp\/v2\/media?parent=138096"}],"wp:term":[{"taxonomy":"category","embeddable":true,"href":"https:\/\/die-webzeitung.de\/stuttgart\/wp-json\/wp\/v2\/categories?post=138096"},{"taxonomy":"post_tag","embeddable":true,"href":"https:\/\/die-webzeitung.de\/stuttgart\/wp-json\/wp\/v2\/tags?post=138096"}],"curies":[{"name":"wp","href":"https:\/\/api.w.org\/{rel}","templated":true}]}}