{"id":138070,"date":"2020-03-10T16:34:42","date_gmt":"2020-03-10T15:34:42","guid":{"rendered":"https:\/\/die-webzeitung.de\/stuttgart\/2020\/03\/10\/die-mannschaft-gegen-italien-vor-leeren-raengen\/"},"modified":"2020-03-10T16:34:42","modified_gmt":"2020-03-10T15:34:42","slug":"die-mannschaft-gegen-italien-vor-leeren-raengen","status":"publish","type":"post","link":"https:\/\/die-webzeitung.de\/stuttgart\/2020\/03\/10\/die-mannschaft-gegen-italien-vor-leeren-raengen\/","title":{"rendered":"Die Mannschaft: Gegen Italien vor leeren R\u00e4ngen"},"content":{"rendered":"<p style=\"text-align: justify;\">Das L\u00e4nderspiel zwischen Deutschland und Italien am 31. M\u00e4rz in N\u00fcrnberg (20:45 Uhr, Max-Morlock-Stadion) muss nach aktuellem Planungsstand ohne Zuschauer im Stadion stattfinden. Dar\u00fcber wurde der Deutsche Fu\u00dfball-Bund (DFB) heute von der Stadt N\u00fcrnberg informiert. Die Entscheidung erfolgte aufgrund einer verbindlichen Vorgabe der bayerischen Staatsregierung. Mit dieser Entscheidung soll der weiteren Ausbreitung des Corona-Virus entgegengewirkt werden.<\/p>\n<p style=\"text-align: justify;\">DFB-Generalsekret\u00e4r Dr. Friedrich Curtius sagt. \u201d\u00dcber allem steht die Gesundheit. Wir sind im t\u00e4glichen und intensiven Kontakt mit den zust\u00e4ndigen Stellen und vertrauen auf deren Expertise. Die Beh\u00f6rden haben nun klare Vorgaben gemacht, f\u00fcr die wir in dieser f\u00fcr uns schwierigen und komplexen Frage sehr dankbar sind. Auch wenn es nat\u00fcrlich bitter ist, dass dieser Klassiker vor leeren R\u00e4ngen stattfinden muss.\u201d<\/p>\n<p style=\"text-align: justify;\">\u00dcber das Prozedere der R\u00fcckerstattung des Kaufpreises von bereits erworbenen Karten informiert der DFB gesondert auf seinem Ticketportal.<\/p>\n<hr \/>\n<p style=\"text-align: justify;\">\n","protected":false},"excerpt":{"rendered":"<p>Das L\u00e4nderspiel zwischen Deutschland und Italien am 31. M\u00e4rz in N\u00fcrnberg (20:45 Uhr, Max-Morlock-Stadion) muss nach aktuellem Planungsstand ohne Zuschauer im Stadion stattfinden. Dar\u00fcber wurde der Deutsche Fu\u00dfball-Bund (DFB) heute von der Stadt N\u00fcrnberg informiert. Die Entscheidung erfolgte aufgrund einer verbindlichen Vorgabe der bayerischen Staatsregierung. Mit dieser Entscheidung soll der weiteren Ausbreitung des Corona-Virus entgegengewirkt [&hellip;]<\/p>\n","protected":false},"author":4,"featured_media":0,"comment_status":"closed","ping_status":"open","sticky":false,"template":"","format":"standard","meta":{"inline_featured_image":false,"_exactmetrics_skip_tracking":false,"_exactmetrics_sitenote_active":false,"_exactmetrics_sitenote_note":"","_exactmetrics_sitenote_category":0,"footnotes":""},"categories":[110],"tags":[14857,129,5,9454,10591,10051,68],"class_list":{"0":"post-138070","1":"post","2":"type-post","3":"status-publish","4":"format-standard","6":"category-sport","7":"tag-die-webzeitung","8":"tag-fusball","9":"tag-internetzeitung","10":"tag-italien","11":"tag-landerspiel","12":"tag-nationalmannschaft","13":"tag-online-zeitung"},"image_feature":null,"author_name":"Redaktion","pure_taxonomies":{"categories":[{"term_id":110,"name":"Sport","slug":"sport","term_group":0,"term_taxonomy_id":112,"taxonomy":"category","description":"Sportberichte","parent":0,"count":1043,"filter":"raw","image":""}],"tags":[{"term_id":14857,"name":"Die-Webzeitung","slug":"die-webzeitung","term_group":0,"term_taxonomy_id":14876,"taxonomy":"post_tag","description":"","parent":0,"count":3623,"filter":"raw","image":""},{"term_id":129,"name":"Fu\u00dfball","slug":"fusball","term_group":0,"term_taxonomy_id":131,"taxonomy":"post_tag","description":"","parent":0,"count":171,"filter":"raw","image":""},{"term_id":5,"name":"Internetzeitung","slug":"internetzeitung","term_group":0,"term_taxonomy_id":5,"taxonomy":"post_tag","description":"","parent":0,"count":1461,"filter":"raw","image":""},{"term_id":9454,"name":"Italien","slug":"italien","term_group":0,"term_taxonomy_id":9484,"taxonomy":"post_tag","description":"","parent":0,"count":1,"filter":"raw","image":""},{"term_id":10591,"name":"L\u00e4nderspiel","slug":"landerspiel","term_group":0,"term_taxonomy_id":10627,"taxonomy":"post_tag","description":"","parent":0,"count":1,"filter":"raw","image":""},{"term_id":10051,"name":"Nationalmannschaft","slug":"nationalmannschaft","term_group":0,"term_taxonomy_id":10082,"taxonomy":"post_tag","description":"","parent":0,"count":29,"filter":"raw","image":""},{"term_id":68,"name":"Online-Zeitung","slug":"online-zeitung","term_group":0,"term_taxonomy_id":69,"taxonomy":"post_tag","description":"","parent":0,"count":3593,"filter":"raw","image":""}]},"_links":{"self":[{"href":"https:\/\/die-webzeitung.de\/stuttgart\/wp-json\/wp\/v2\/posts\/138070","targetHints":{"allow":["GET"]}}],"collection":[{"href":"https:\/\/die-webzeitung.de\/stuttgart\/wp-json\/wp\/v2\/posts"}],"about":[{"href":"https:\/\/die-webzeitung.de\/stuttgart\/wp-json\/wp\/v2\/types\/post"}],"author":[{"embeddable":true,"href":"https:\/\/die-webzeitung.de\/stuttgart\/wp-json\/wp\/v2\/users\/4"}],"replies":[{"embeddable":true,"href":"https:\/\/die-webzeitung.de\/stuttgart\/wp-json\/wp\/v2\/comments?post=138070"}],"version-history":[{"count":0,"href":"https:\/\/die-webzeitung.de\/stuttgart\/wp-json\/wp\/v2\/posts\/138070\/revisions"}],"wp:attachment":[{"href":"https:\/\/die-webzeitung.de\/stuttgart\/wp-json\/wp\/v2\/media?parent=138070"}],"wp:term":[{"taxonomy":"category","embeddable":true,"href":"https:\/\/die-webzeitung.de\/stuttgart\/wp-json\/wp\/v2\/categories?post=138070"},{"taxonomy":"post_tag","embeddable":true,"href":"https:\/\/die-webzeitung.de\/stuttgart\/wp-json\/wp\/v2\/tags?post=138070"}],"curies":[{"name":"wp","href":"https:\/\/api.w.org\/{rel}","templated":true}]}}