{"id":138065,"date":"2020-03-10T15:44:37","date_gmt":"2020-03-10T14:44:37","guid":{"rendered":"https:\/\/die-webzeitung.de\/stuttgart\/?p=138065"},"modified":"2020-03-10T15:44:37","modified_gmt":"2020-03-10T14:44:37","slug":"verzicht-auf-mitarbeitergeschenke-hilft-den-tafellaeden","status":"publish","type":"post","link":"https:\/\/die-webzeitung.de\/stuttgart\/2020\/03\/10\/verzicht-auf-mitarbeitergeschenke-hilft-den-tafellaeden\/","title":{"rendered":"Verzicht auf Mitarbeitergeschenke hilft den Tafell\u00e4den"},"content":{"rendered":"<h5 style=\"text-align: justify;\"><strong>Kreissparkasse spendet 10.000 Euro<\/strong><\/h5>\n<p style=\"text-align: justify;\">Esslingen.| Wie man Weihnachtsgeschenke in Spenden f\u00fcr Hilfsbed\u00fcrftige umwandelt, demonstriert die Belegschaft der Kreissparkasse Esslingen-N\u00fcrtingen seit 2002: Wegen der Dresdener Elbe-Hochwasser-Katastrophe beschlossen damals Vorstand und Personalrat, auf die \u00fcblichen Pr\u00e4sente f\u00fcr Mitarbeiterinnen und Mitarbeiter zu verzichten und stattdessen 10.000 Euro f\u00fcr Hilfszwecke zu spenden.<\/p>\n<p style=\"text-align: justify;\">In diesem Jahr profitieren die Tafell\u00e4den im Landkreis Esslingen von der Mitarbeiterspende. Kreissparkassen-Vorstandsvorsitzender Burkhard Wittmacher (rechts) und Personalratsvorsitzender Albert Dorner (links) \u00fcberreichten den Spendenscheck an (v. l.) Tanja Herbrik und Vorstandsvorsitzenden Dekan Michael Waldmann vom Kreisdiakonieverband sowie Sven Jaissle von der Caritas Fils-Neckar-Alb. Zu den Spendenempf\u00e4ngern z\u00e4hlt au\u00dferdem der DRK Kreisverband N\u00fcrtingen-Kirchheim.<\/p>\n<p style=\"text-align: justify;\">Die Spende der Kreissparkasse f\u00fcr die Tafell\u00e4den kommt zur rechten Zeit: Die Schere zwischen Arm und Reich klafft immer weiter auseinander. Mehr und mehr einkommensschwache Menschen beantragen einen Ausweis, der sie dazu berechtigt, im Tafelladen verg\u00fcnstigte Lebensmittel und Waren des t\u00e4glichen Bedarfs einzukaufen, die einen Bruchteil von dem kosten, was Superm\u00e4rkte \u00fcblicherweise daf\u00fcr verlangen. Auf diese Weise sparen Tafelladennutzer monatlich bis zu 200 Euro, sch\u00e4tzt Sven Jaissle, Leiter Wirtschaft und Finanzen der Caritas.<\/p>\n<p style=\"text-align: justify;\">Sch\u00e4tzungsweise 10.000 Menschen, die im Landkreis Esslingen an der Armutsgrenze leben, werden von den Tafell\u00e4den in Esslingen, auf den Fildern, in N\u00fcrtingen und Kirchheim mit Lebensmitteln und Waren versorgt. Viele Lebensmittel stammen von Herstellern, die \u00dcberproduktionen an die Tafell\u00e4den abgeben. Maultaschen, Tiefk\u00fchlpizzen, Milchprodukte, aber auch Schokolade geh\u00f6ren dazu. Superm\u00e4rkte wiederum spenden h\u00e4ufig Lebensmittel, die das Mindesthaltbarkeitsdatum erreicht haben. \u201eDiese Nahrungsmittel halten in der Regel l\u00e4nger, die Ware darf deshalb \u00fcberlagert werden. Jede Charge muss jedoch vor der Ausgabe gepr\u00fcft werden\u201c, erl\u00e4utert Tanja Herbrik, die beim Kreisdiakonieverband den Fachbereich Armut und Besch\u00e4ftigung leitet. Ohne den Einsatz ehrenamtlicher Helferinnen und Helfer w\u00e4re der Betrieb der Tafell\u00e4den nicht denkbar, betont Herbrik.<\/p>\n<hr \/>\n<p style=\"text-align: justify;\">\n","protected":false},"excerpt":{"rendered":"<p>Kreissparkasse spendet 10.000 Euro Esslingen.| Wie man Weihnachtsgeschenke in Spenden f\u00fcr Hilfsbed\u00fcrftige umwandelt, demonstriert die Belegschaft der Kreissparkasse Esslingen-N\u00fcrtingen seit 2002: Wegen der Dresdener Elbe-Hochwasser-Katastrophe beschlossen damals Vorstand und Personalrat, auf die \u00fcblichen Pr\u00e4sente f\u00fcr Mitarbeiterinnen und Mitarbeiter zu verzichten und stattdessen 10.000 Euro f\u00fcr Hilfszwecke zu spenden. In diesem Jahr profitieren die Tafell\u00e4den im [&hellip;]<\/p>\n","protected":false},"author":4,"featured_media":138066,"comment_status":"closed","ping_status":"open","sticky":false,"template":"","format":"standard","meta":{"inline_featured_image":false,"_exactmetrics_skip_tracking":false,"_exactmetrics_sitenote_active":false,"_exactmetrics_sitenote_note":"","_exactmetrics_sitenote_category":0,"footnotes":""},"categories":[59,2247],"tags":[14857,14440,5,9498,68,9,148,12222],"class_list":{"0":"post-138065","1":"post","2":"type-post","3":"status-publish","4":"format-standard","5":"has-post-thumbnail","7":"category-aktuell","8":"category-kreis-esslingen","9":"tag-die-webzeitung","10":"tag-esslingen","11":"tag-internetzeitung","12":"tag-mitarbeiter","13":"tag-online-zeitung","14":"tag-schaumedia","15":"tag-spende","16":"tag-tafelladen"},"image_feature":"https:\/\/die-webzeitung.de\/stuttgart\/wp-content\/uploads\/sites\/4\/2020\/03\/Mitarbeiterspende-KSK-Tafel-IMG_4530.jpg","author_name":"Redaktion","pure_taxonomies":{"categories":[{"term_id":59,"name":"Aktuell","slug":"aktuell","term_group":0,"term_taxonomy_id":60,"taxonomy":"category","description":"","parent":0,"count":1017,"filter":"raw","image":""},{"term_id":2247,"name":"Kreis Esslingen","slug":"kreis-esslingen","term_group":0,"term_taxonomy_id":2260,"taxonomy":"category","description":"Informationen aus dem Landkreis Esslingen","parent":171,"count":214,"filter":"raw","image":""}],"tags":[{"term_id":14857,"name":"Die-Webzeitung","slug":"die-webzeitung","term_group":0,"term_taxonomy_id":14876,"taxonomy":"post_tag","description":"","parent":0,"count":3623,"filter":"raw","image":""},{"term_id":14440,"name":"Esslingen","slug":"esslingen","term_group":0,"term_taxonomy_id":3885,"taxonomy":"post_tag","description":"","parent":0,"count":202,"filter":"raw","image":""},{"term_id":5,"name":"Internetzeitung","slug":"internetzeitung","term_group":0,"term_taxonomy_id":5,"taxonomy":"post_tag","description":"","parent":0,"count":1461,"filter":"raw","image":""},{"term_id":9498,"name":"Mitarbeiter","slug":"mitarbeiter","term_group":0,"term_taxonomy_id":9528,"taxonomy":"post_tag","description":"","parent":0,"count":2,"filter":"raw","image":""},{"term_id":68,"name":"Online-Zeitung","slug":"online-zeitung","term_group":0,"term_taxonomy_id":69,"taxonomy":"post_tag","description":"","parent":0,"count":3593,"filter":"raw","image":""},{"term_id":9,"name":"SchauMedia","slug":"schaumedia","term_group":0,"term_taxonomy_id":9,"taxonomy":"post_tag","description":"","parent":0,"count":1607,"filter":"raw","image":""},{"term_id":148,"name":"Spende","slug":"spende","term_group":0,"term_taxonomy_id":150,"taxonomy":"post_tag","description":"","parent":0,"count":16,"filter":"raw","image":""},{"term_id":12222,"name":"Tafelladen","slug":"tafelladen","term_group":0,"term_taxonomy_id":12260,"taxonomy":"post_tag","description":"","parent":0,"count":2,"filter":"raw","image":""}]},"_links":{"self":[{"href":"https:\/\/die-webzeitung.de\/stuttgart\/wp-json\/wp\/v2\/posts\/138065","targetHints":{"allow":["GET"]}}],"collection":[{"href":"https:\/\/die-webzeitung.de\/stuttgart\/wp-json\/wp\/v2\/posts"}],"about":[{"href":"https:\/\/die-webzeitung.de\/stuttgart\/wp-json\/wp\/v2\/types\/post"}],"author":[{"embeddable":true,"href":"https:\/\/die-webzeitung.de\/stuttgart\/wp-json\/wp\/v2\/users\/4"}],"replies":[{"embeddable":true,"href":"https:\/\/die-webzeitung.de\/stuttgart\/wp-json\/wp\/v2\/comments?post=138065"}],"version-history":[{"count":1,"href":"https:\/\/die-webzeitung.de\/stuttgart\/wp-json\/wp\/v2\/posts\/138065\/revisions"}],"predecessor-version":[{"id":138067,"href":"https:\/\/die-webzeitung.de\/stuttgart\/wp-json\/wp\/v2\/posts\/138065\/revisions\/138067"}],"wp:featuredmedia":[{"embeddable":true,"href":"https:\/\/die-webzeitung.de\/stuttgart\/wp-json\/wp\/v2\/media\/138066"}],"wp:attachment":[{"href":"https:\/\/die-webzeitung.de\/stuttgart\/wp-json\/wp\/v2\/media?parent=138065"}],"wp:term":[{"taxonomy":"category","embeddable":true,"href":"https:\/\/die-webzeitung.de\/stuttgart\/wp-json\/wp\/v2\/categories?post=138065"},{"taxonomy":"post_tag","embeddable":true,"href":"https:\/\/die-webzeitung.de\/stuttgart\/wp-json\/wp\/v2\/tags?post=138065"}],"curies":[{"name":"wp","href":"https:\/\/api.w.org\/{rel}","templated":true}]}}