{"id":138039,"date":"2020-03-08T17:09:56","date_gmt":"2020-03-08T16:09:56","guid":{"rendered":"https:\/\/die-webzeitung.de\/stuttgart\/?p=138039"},"modified":"2020-03-08T17:09:56","modified_gmt":"2020-03-08T16:09:56","slug":"zweites-ambulantes-corona-testzentrum-kommt-nach-sindelfingen","status":"publish","type":"post","link":"https:\/\/die-webzeitung.de\/stuttgart\/2020\/03\/08\/zweites-ambulantes-corona-testzentrum-kommt-nach-sindelfingen\/","title":{"rendered":"Zweites ambulantes Corona-Testzentrum kommt nach Sindelfingen"},"content":{"rendered":"<ul>\n<li style=\"text-align: justify;\"><strong>Aktuell 3 F\u00e4lle im Landkreis B\u00f6blingen<\/strong><\/li>\n<li style=\"text-align: justify;\"><strong>Ohne vorherige Registrierung beim Gesundheitsamt ist keine Testung m\u00f6glich<\/strong><\/li>\n<\/ul>\n<p style=\"text-align: justify;\">Kreis B\u00f6blingen.| Nachdem am Freitag zwei neue F\u00e4lle im Landkreis B\u00f6blingen gemeldet wurden und die Zahl der best\u00e4tigten Infektionen damit auf insgesamt drei angestiegen war, ist diese Zahl bisher unver\u00e4ndert. Rd. 50 Personen befinden sich in h\u00e4uslicher Isolation.<\/p>\n<p style=\"text-align: justify;\">Das Testzentrum in Herrenberg ist nun eine Woche in Betrieb. Die Kapazit\u00e4t f\u00fcr die Entnahme von Abstriche bei Verdachtsf\u00e4llen wurde schon nach wenigen Tagen erweitert. Wurden anfangs t\u00e4glich 24 Proben genommen, ist die Zahl zwischenzeitlich auf 48 verdoppelt. Um die Abl\u00e4ufe weiter zu verbessern und mit Blick auf eine verbesserte Erreichbarkeit auch aus der Nordh\u00e4lfte des Landkreises B\u00f6blingen, wird nun in Sindelfingen ein zweites ambulantes Testzentrum aufgebaut. Die daf\u00fcr ben\u00f6tigten mobilen Container werden in den n\u00e4chsten Tagen aufgestellt und f\u00fcr den Betrieb vorbereitet. Das Testzentrum wird in der N\u00e4he der Praxis der Labor\u00e4rzte Sindelfingen (Vogelhainweg 4 \u2013 6) aufgebaut. Auch f\u00fcr das Sindelfinger Testzentrum ist die vorherige telefonische Beratung und Registrierung beim Gesundheitsamt zwingend (Tel. 07031 663-3500).<\/p>\n<p style=\"text-align: justify;\">\u201eMit dem zweiten Zentrum k\u00f6nnen wir k\u00fcnftig noch mehr Personen untersuchen und schnell f\u00fcr Klarheit sorgen, bei wem eine Infektion mit dem Coronavirus vorliegt\u201c, so Landrat Roland Bernhard. \u201eIch m\u00f6chte mich ausdr\u00fccklich bei den beteiligten Labor\u00e4rzten und den niedergelassenen \u00c4rzten f\u00fcr die gute Kooperation bedanken. Auch die Unterst\u00fctzung durch das DRK ist \u00e4u\u00dferst wertvoll.\u201c Bernhard ruft die B\u00fcrgerinnen und B\u00fcrger dazu auf, trotz der au\u00dfergew\u00f6hnlichen Umst\u00e4nde, Ruhe zu bewahren: \u201eEs gibt keinen Grund zur Panik. Wer sich an die Hygieneregeln halte und umsichtig ist, kann seinen Alltag im Wesentlichen ganz normal bew\u00e4ltigen.\u201c<\/p>\n<p style=\"text-align: justify;\">Die Hotline des Gesundheitsamtes ist t\u00e4glich (Mo.-So.) von 8 bis 20 Uhr besetzt und erreichbar unter der Rufnummer 07031 \/ 663 3500. Erkrankte und \u00c4rzte sollen diese Nummer w\u00e4hlen, wenn sie eine Ansteckung mit dem Corona-Virus vermuten. Wann dies notwendig ist und weitere Informationen rund um das Corona-Virus hat das Landratsamt unter <a href=\"http:\/\/www.lrabb.de\" target=\"_blank\" rel=\"noopener noreferrer\">www.lrabb.de<\/a> zusammengestellt. Aufgrund der Vielzahl der Anrufe wird um Verst\u00e4ndnis daf\u00fcr gebeten, dass Anrufende mitunter l\u00e4ngere Wartezeiten in Kauf nehmen m\u00fcssen. Auch das Landesgesundheitsamt hat eine Rufnummer f\u00fcr Rat suchende B\u00fcrgerinnen und B\u00fcrger eingerichtet, die montags bis freitags zwischen 9 und 16 Uhr und samstags und sonntags von 9 bis 18 Uhr unter 0711 904-39555 erreichbar ist.<\/p>\n<hr \/>\n<p style=\"text-align: justify;\">\n","protected":false},"excerpt":{"rendered":"<p>Aktuell 3 F\u00e4lle im Landkreis B\u00f6blingen Ohne vorherige Registrierung beim Gesundheitsamt ist keine Testung m\u00f6glich Kreis B\u00f6blingen.| Nachdem am Freitag zwei neue F\u00e4lle im Landkreis B\u00f6blingen gemeldet wurden und die Zahl der best\u00e4tigten Infektionen damit auf insgesamt drei angestiegen war, ist diese Zahl bisher unver\u00e4ndert. Rd. 50 Personen befinden sich in h\u00e4uslicher Isolation. Das Testzentrum [&hellip;]<\/p>\n","protected":false},"author":4,"featured_media":0,"comment_status":"closed","ping_status":"open","sticky":false,"template":"","format":"standard","meta":{"inline_featured_image":false,"_exactmetrics_skip_tracking":false,"_exactmetrics_sitenote_active":false,"_exactmetrics_sitenote_note":"","_exactmetrics_sitenote_category":0,"footnotes":""},"categories":[2246],"tags":[3061,14857,5,68,9,7532],"class_list":{"0":"post-138039","1":"post","2":"type-post","3":"status-publish","4":"format-standard","6":"category-kreis-boeblingen","7":"tag-boblingen","8":"tag-die-webzeitung","9":"tag-internetzeitung","10":"tag-online-zeitung","11":"tag-schaumedia","12":"tag-sindelfingen"},"image_feature":null,"author_name":"Redaktion","pure_taxonomies":{"categories":[{"term_id":2246,"name":"Kreis B\u00f6blingen","slug":"kreis-boeblingen","term_group":0,"term_taxonomy_id":2259,"taxonomy":"category","description":"","parent":171,"count":197,"filter":"raw","image":""}],"tags":[{"term_id":3061,"name":"B\u00f6blingen","slug":"boblingen","term_group":0,"term_taxonomy_id":3075,"taxonomy":"post_tag","description":"","parent":0,"count":260,"filter":"raw","image":""},{"term_id":14857,"name":"Die-Webzeitung","slug":"die-webzeitung","term_group":0,"term_taxonomy_id":14876,"taxonomy":"post_tag","description":"","parent":0,"count":3623,"filter":"raw","image":""},{"term_id":5,"name":"Internetzeitung","slug":"internetzeitung","term_group":0,"term_taxonomy_id":5,"taxonomy":"post_tag","description":"","parent":0,"count":1461,"filter":"raw","image":""},{"term_id":68,"name":"Online-Zeitung","slug":"online-zeitung","term_group":0,"term_taxonomy_id":69,"taxonomy":"post_tag","description":"","parent":0,"count":3593,"filter":"raw","image":""},{"term_id":9,"name":"SchauMedia","slug":"schaumedia","term_group":0,"term_taxonomy_id":9,"taxonomy":"post_tag","description":"","parent":0,"count":1607,"filter":"raw","image":""},{"term_id":7532,"name":"Sindelfingen","slug":"sindelfingen","term_group":0,"term_taxonomy_id":7554,"taxonomy":"post_tag","description":"","parent":0,"count":8,"filter":"raw","image":""}]},"_links":{"self":[{"href":"https:\/\/die-webzeitung.de\/stuttgart\/wp-json\/wp\/v2\/posts\/138039","targetHints":{"allow":["GET"]}}],"collection":[{"href":"https:\/\/die-webzeitung.de\/stuttgart\/wp-json\/wp\/v2\/posts"}],"about":[{"href":"https:\/\/die-webzeitung.de\/stuttgart\/wp-json\/wp\/v2\/types\/post"}],"author":[{"embeddable":true,"href":"https:\/\/die-webzeitung.de\/stuttgart\/wp-json\/wp\/v2\/users\/4"}],"replies":[{"embeddable":true,"href":"https:\/\/die-webzeitung.de\/stuttgart\/wp-json\/wp\/v2\/comments?post=138039"}],"version-history":[{"count":1,"href":"https:\/\/die-webzeitung.de\/stuttgart\/wp-json\/wp\/v2\/posts\/138039\/revisions"}],"predecessor-version":[{"id":138040,"href":"https:\/\/die-webzeitung.de\/stuttgart\/wp-json\/wp\/v2\/posts\/138039\/revisions\/138040"}],"wp:attachment":[{"href":"https:\/\/die-webzeitung.de\/stuttgart\/wp-json\/wp\/v2\/media?parent=138039"}],"wp:term":[{"taxonomy":"category","embeddable":true,"href":"https:\/\/die-webzeitung.de\/stuttgart\/wp-json\/wp\/v2\/categories?post=138039"},{"taxonomy":"post_tag","embeddable":true,"href":"https:\/\/die-webzeitung.de\/stuttgart\/wp-json\/wp\/v2\/tags?post=138039"}],"curies":[{"name":"wp","href":"https:\/\/api.w.org\/{rel}","templated":true}]}}