{"id":138032,"date":"2020-03-06T14:48:47","date_gmt":"2020-03-06T13:48:47","guid":{"rendered":"https:\/\/die-webzeitung.de\/stuttgart\/2020\/03\/06\/u-21-spielt-in-frankfurt-gegen-moldau\/"},"modified":"2020-03-06T14:48:47","modified_gmt":"2020-03-06T13:48:47","slug":"u-21-spielt-in-frankfurt-gegen-moldau","status":"publish","type":"post","link":"https:\/\/die-webzeitung.de\/stuttgart\/2020\/03\/06\/u-21-spielt-in-frankfurt-gegen-moldau\/","title":{"rendered":"U 21 spielt in Frankfurt gegen Moldau"},"content":{"rendered":"<div>\n<p style=\"text-align: justify;\">Die U 21-Nationalmannschaft wird ihr EM-Qualifikationsspiel gegen Moldau <strong>am 3. September<\/strong> in der Frankfurter PSD Bank Arena austragen. Dies wurde auf der Pr\u00e4sidiumssitzung des DFB in Frankfurt am Main beschlossen. Damit startet das Team von Cheftrainer Stefan Kuntz mit einem Heimspiel in die Saison 2020\/2021, an deren Ende die Teilnahme an der Europameisterschaft 2021 in Ungarn und Slowenien stehen soll. In Frankfurt hat die U 21-Nationalmannschaft zuletzt am 25. M\u00e4rz 2016 gespielt, damals gewann das deutsche Team mit 4:1 gegen die F\u00e4r\u00f6er.<\/p>\n<p style=\"text-align: justify;\">Mit sechs Punkten aus drei Spielen steht die U 21-Nationalmannschaft in der EM-Qualifikationsgruppe neun aktuell auf dem zweiten Platz hinter Belgien, das ein Spiel mehr ausgetragen und einen Punkt mehr auf dem Konto hat. Vor dem Duell gegen Moldau in der Frankfurter PSD Bank Arena trifft die U 21 am 26. M\u00e4rz (ab 18.15 Uhr, live auf ProSieben MAXX) in Braunschweig in einem Testspiel auf \u00d6sterreich und am 31. M\u00e4rz (ab 18.15 Uhr, live auf ProSieben MAXX) in der EM-Qualifikation in Magdeburg auf Wales.<\/p>\n<p style=\"text-align: justify;\">F\u00fcnf Tage nach dem Spiel in Frankfurt gegen Moldau tritt das Team am 8. September zum EM-Qualifikationsspiel in Belgien an, der Spielort f\u00fcr diese Partie ist noch nicht bestimmt.<\/p>\n<p style=\"text-align: justify;\">Neben der EM-Qualifikation steht f\u00fcr Stefan Kuntz und die neuformierte U 23-Olympiaauswahl in diesem Sommer das Olympische Fu\u00dfballturnier in Tokio im Vordergrund, das zwischen dem 22. Juli und 8. August stattfindet.<\/p>\n<hr \/>\n<p style=\"text-align: justify;\">\n<\/div>\n","protected":false},"excerpt":{"rendered":"<p>Die U 21-Nationalmannschaft wird ihr EM-Qualifikationsspiel gegen Moldau am 3. September in der Frankfurter PSD Bank Arena austragen. Dies wurde auf der Pr\u00e4sidiumssitzung des DFB in Frankfurt am Main beschlossen. Damit startet das Team von Cheftrainer Stefan Kuntz mit einem Heimspiel in die Saison 2020\/2021, an deren Ende die Teilnahme an der Europameisterschaft 2021 in [&hellip;]<\/p>\n","protected":false},"author":4,"featured_media":0,"comment_status":"closed","ping_status":"open","sticky":false,"template":"","format":"standard","meta":{"inline_featured_image":false,"_exactmetrics_skip_tracking":false,"_exactmetrics_sitenote_active":false,"_exactmetrics_sitenote_note":"","_exactmetrics_sitenote_category":0,"footnotes":""},"categories":[110],"tags":[11983,14857,129,5,10051,68,9,15268],"class_list":{"0":"post-138032","1":"post","2":"type-post","3":"status-publish","4":"format-standard","6":"category-sport","7":"tag-dfb","8":"tag-die-webzeitung","9":"tag-fusball","10":"tag-internetzeitung","11":"tag-nationalmannschaft","12":"tag-online-zeitung","13":"tag-schaumedia","14":"tag-u-21"},"image_feature":null,"author_name":"Redaktion","pure_taxonomies":{"categories":[{"term_id":110,"name":"Sport","slug":"sport","term_group":0,"term_taxonomy_id":112,"taxonomy":"category","description":"Sportberichte","parent":0,"count":1043,"filter":"raw","image":""}],"tags":[{"term_id":11983,"name":"DFB","slug":"dfb","term_group":0,"term_taxonomy_id":12021,"taxonomy":"post_tag","description":"","parent":0,"count":46,"filter":"raw","image":""},{"term_id":14857,"name":"Die-Webzeitung","slug":"die-webzeitung","term_group":0,"term_taxonomy_id":14876,"taxonomy":"post_tag","description":"","parent":0,"count":3623,"filter":"raw","image":""},{"term_id":129,"name":"Fu\u00dfball","slug":"fusball","term_group":0,"term_taxonomy_id":131,"taxonomy":"post_tag","description":"","parent":0,"count":171,"filter":"raw","image":""},{"term_id":5,"name":"Internetzeitung","slug":"internetzeitung","term_group":0,"term_taxonomy_id":5,"taxonomy":"post_tag","description":"","parent":0,"count":1461,"filter":"raw","image":""},{"term_id":10051,"name":"Nationalmannschaft","slug":"nationalmannschaft","term_group":0,"term_taxonomy_id":10082,"taxonomy":"post_tag","description":"","parent":0,"count":29,"filter":"raw","image":""},{"term_id":68,"name":"Online-Zeitung","slug":"online-zeitung","term_group":0,"term_taxonomy_id":69,"taxonomy":"post_tag","description":"","parent":0,"count":3593,"filter":"raw","image":""},{"term_id":9,"name":"SchauMedia","slug":"schaumedia","term_group":0,"term_taxonomy_id":9,"taxonomy":"post_tag","description":"","parent":0,"count":1607,"filter":"raw","image":""},{"term_id":15268,"name":"U-21","slug":"u-21","term_group":0,"term_taxonomy_id":15287,"taxonomy":"post_tag","description":"","parent":0,"count":2,"filter":"raw","image":""}]},"_links":{"self":[{"href":"https:\/\/die-webzeitung.de\/stuttgart\/wp-json\/wp\/v2\/posts\/138032","targetHints":{"allow":["GET"]}}],"collection":[{"href":"https:\/\/die-webzeitung.de\/stuttgart\/wp-json\/wp\/v2\/posts"}],"about":[{"href":"https:\/\/die-webzeitung.de\/stuttgart\/wp-json\/wp\/v2\/types\/post"}],"author":[{"embeddable":true,"href":"https:\/\/die-webzeitung.de\/stuttgart\/wp-json\/wp\/v2\/users\/4"}],"replies":[{"embeddable":true,"href":"https:\/\/die-webzeitung.de\/stuttgart\/wp-json\/wp\/v2\/comments?post=138032"}],"version-history":[{"count":0,"href":"https:\/\/die-webzeitung.de\/stuttgart\/wp-json\/wp\/v2\/posts\/138032\/revisions"}],"wp:attachment":[{"href":"https:\/\/die-webzeitung.de\/stuttgart\/wp-json\/wp\/v2\/media?parent=138032"}],"wp:term":[{"taxonomy":"category","embeddable":true,"href":"https:\/\/die-webzeitung.de\/stuttgart\/wp-json\/wp\/v2\/categories?post=138032"},{"taxonomy":"post_tag","embeddable":true,"href":"https:\/\/die-webzeitung.de\/stuttgart\/wp-json\/wp\/v2\/tags?post=138032"}],"curies":[{"name":"wp","href":"https:\/\/api.w.org\/{rel}","templated":true}]}}