{"id":138029,"date":"2020-03-06T14:47:05","date_gmt":"2020-03-06T13:47:05","guid":{"rendered":"https:\/\/die-webzeitung.de\/stuttgart\/?p=138029"},"modified":"2020-03-06T14:47:05","modified_gmt":"2020-03-06T13:47:05","slug":"strecken-fuer-das-brezel-race-2020-in-stuttgart-und-region-stehen-fest","status":"publish","type":"post","link":"https:\/\/die-webzeitung.de\/stuttgart\/2020\/03\/06\/strecken-fuer-das-brezel-race-2020-in-stuttgart-und-region-stehen-fest\/","title":{"rendered":"Strecken f\u00fcr das Brezel Race 2020 in Stuttgart und Region stehen fest"},"content":{"rendered":"<p style=\"text-align: justify;\">Direkt vor der Haust\u00fcre \u2013 die Termine f\u00fcr die beiden Radsporthighlights Deutsche Stra\u00dfenradmeisterschaften und Brezel Race 2020 in Stuttgart und Region r\u00fccken n\u00e4her. F\u00fcr das Breitensport-Rennen Brezel Race sind jetzt die Strecken fix \u2013 neben der Landeshauptstadt Stuttgart sind auch die Landkreise Ludwigsburg und B\u00f6blingen dabei. Alle Radsportfans k\u00f6nnen sich kurz vor dem Start der Tour de France auf einen weiteren Top-Event im Rahmen der Deutschen Stra\u00dfenradmeisterschaften freuen, an dem rund 180 Elite Radrennfahrer und \u00fcber 3000 ambitionierte Rennradsportler erwartet werden.<\/p>\n<p style=\"text-align: justify;\">Bei diesen Radsport-Events k\u00f6nnen alle Rennrad-Fans den Spa\u00df am Radfahren und die tolle Profi-Atmosph\u00e4re der Deutschen Stra\u00dfenradmeisterschaften direkt an der Strecke genie\u00dfen. Viele Streckenabschnitte des Brezel Race verlaufen auf der exakt gleichen Route wie die RAD-DM 2020 der M\u00e4nner Elite.<\/p>\n<p style=\"text-align: justify;\">\u201eBeim Brezel Race k\u00f6nnen die Amateure wie die Profis auf gesperrten Stra\u00dfen ihr Rennen fahren. Am Ende werden die Hobby-Radler mit einer rasanten Abfahrt nach Stuttgart und der\u00a0Fahrt durch das Ziel der Elite auf der Theodor-Heuss-Stra\u00dfe belohnt. Dort empf\u00e4ngt ein begeistertes Publikum die Brezel Racer\u201c, sagt Dr. Martin Schairer, der B\u00fcrgermeister f\u00fcr Sicherheit, Ordnung und Sport der Landeshauptstadt Stuttgart. Die Regionaldirektorin des Verbands Region Stuttgart Dr. Nicola Schelling\u00a0f\u00fchrt aus: \u201eDie Hobby-Rennradler k\u00f6nnen sehr abwechslungsreiche Landschaften in der Region Stuttgart erfahren. Diesmal f\u00fchrt die Runde von Stuttgart durch das Neckartal, Stroh- und Heckeng\u00e4u sowie den Glemswald durch Flusst\u00e4ler, h\u00fcgelige Felder mit Weitblick und Schatten spendende W\u00e4lder. Es kamen nun Gebiete zum Zug, die wir bei der Jedermann Tour 2018 nicht ber\u00fccksichtigen konnten. Das freut uns besonders.\u201c. F\u00fcr Matthias Klopfer, Vorsitzender der SportRegion Stuttgart, steht fest: \u201eDie Strecken haben es in sich und sind landschaftlich sehr reizvoll. Die Teilnahme lohnt sich auf jeden Fall!\u201c<\/p>\n<p style=\"text-align: justify;\">Mit der gro\u00dfen Unterst\u00fctzung aller Kommunen entlang der Strecken der Radrennen stehen nun alle Einzelstrecken des Brezel Race am Sonntag, 21. Juni 2020, fest. Die in der pulsierenden Region Stuttgart aufwendige Streckenplanung ist erfolgreich abgeschlossen. \u201eWir freuen uns, dass sogar einige B\u00fcrgermeister der Kommunen beim Brezel Race mitradeln werden\u201c, so Streckenplaner und Veranstalter Albrecht R\u00f6der von FREUNDE Eventagentur. R\u00f6der unterstreicht: \u201eAuch wenn die Strecken gesperrt sind, herrscht f\u00fcr die Renn-Teilnehmer das Rechtsfahrgebot. Aufmerksames Fahren hat oberste Priorit\u00e4t f\u00fcr die Sicherheit der Renn-Teilnehmer.\u201c<\/p>\n<p style=\"text-align: justify;\"><strong>Die Brezel Race-Strecken im Detail<br \/>\n<\/strong>Das Brezel Race kurz startet um 7:30 Uhr auf dem Stuttgarter Schlo\u00dfplatz. Um 8:30 Uhr folgt der Start f\u00fcr das Brezel Race lang und gegen 8:45 Uhr gehen die Hobby-Radler des Sunday Morning Cycling auf ihre Strecke.<\/p>\n<p style=\"text-align: justify;\">Nach Durchfahrt des Startbogens geht es in neutralisierter Fahrt die ersten 16 km bis nach Remseck am Neckar. Neutralisiert hei\u00dft, alle fahren ohne Zeitmessung in einer gro\u00dfen Gruppe, polizeibegleitet und auf f\u00fcr die Brezel Racer gesperrten Stra\u00dfen. Das erste Highlight folgt schon nach wenigen Kurven, die Fahrt auf der gesperrten B14, der Konrad-Adenauer-Stra\u00dfe\/Willy-Brandt-Stra\u00dfe durch den Schwanenplatztunnel in Richtung Bad Cannstatt. Weiter geht\u2019s entlang des Neckars und des Max-Eyth-Sees \u00fcber Stuttgart-Hofen,\u00a0um einige Kilometer sp\u00e4ter auf der anderen Neckarseite nach Remseck im Landkreis Ludwigsburg zu gelangen.<\/p>\n<p style=\"text-align: justify;\">Dann erfolgt ein kurzer Stopp am Haus des B\u00fcrgers in Remseck. Dort nehmen die Rennen Brezel Race kurz und lang bei der Fahrt \u00fcber die Zeitmessmatte ihren \u201escharfen\u201c Start. An dieser Stelle beenden auch die Begleitpersonen, die nach dem Motto \u201ekiss &amp; ride\u201c dabei waren, ihre Fahrt und genie\u00dfen in Remseck einen Kaffee mit Butterbrezel.<\/p>\n<p style=\"text-align: justify;\">F\u00fcr die Rennradler geht es auf breiten Stra\u00dfen bis nach Kornwestheim, vorbei an S-Stammheim\u00a0nach M\u00f6glingen.\u00a0Dort sind im alten Ortskern erstmals die technischen F\u00e4higkeiten der Radler gefordert. Hinter M\u00f6glingen geht\u2019s weiter auf klassischen Radrouten und den Radwegen des Langen Feldes.<\/p>\n<p style=\"text-align: justify;\">Bei km 37 entern die Brezel Racer die Strecken der Deutschen Radmeisterschaften der Profis, die ca. zwei Stunden nach den ersten Hobbyradlern auf der exakt gleichen Strecke durch Korntal-M\u00fcnchingen, Hemmingen, Hirschlanden und Ditzingen um Meisterehren fahren. In Ditzingen sind die Hobby-Radler von 8:50 bis 11:00 Uhr, die Elite folgt von 11:15 bis 13:30 Uhr. Am Bahnhof Ditzingen ist die einzige Verpflegungszone des Jedermann-\/Jedefrau-Rennens eingerichtet.<\/p>\n<p style=\"text-align: justify;\">Direkt hinter der Verpflegungszone passieren die Brezel Racer die Streckentrennung. Die kurze Strecke biegt links ab weiter durch Ditzingen, nach Gerlingen, S-Giebel, S-Wolfsbusch\u00a0zu einem weiteren Stuttgarter Klassiker, der Bergheimer Steige.\u00a0Exakt 500 m H\u00f6he misst die \u201ePassh\u00f6he\u201c am Schloss Solitude, bevor es auf der kurzen Strecke nach 58 km wieder hinunter in den Talkessel geht. Beim Schloss Solitude\u00a0treffen sich wieder beide Streckenf\u00fchrungen Brezel Race kurz und Brezel Race lang f\u00fcr den weiteren Verlauf und die jeweils restlichen 16 km bis zum Ziel in Stuttgart.<\/p>\n<p style=\"text-align: justify;\">Die lange Brezel Race Strecke biegt nach der Verpflegungszone in Ditzingen in den Landkreis B\u00f6blingen ab. Vorbei an Leonberg-H\u00f6fingen\u00a0\u2013 mit kurzen knackigen Anstiegen \u00fcber Rutesheim\u00a0und\u00a0Weissach-Flacht.\u00a0Danach folgt ein 10 %iger Anstieg beim Abstecher in den Enzkreis, die Strecke f\u00fchrt durch Malmsheim und durch Renningen.<\/p>\n<p style=\"text-align: justify;\">Im letzten Drittel der langen Strecke fahren die Radler durch Leonberg-Warmbronn, es geht hinunter ans Glemseck\u00a0und wieder hinauf im Krummbachtal\u00a0bis zur Schillerh\u00f6he in Gerlingen.\u00a0Durch Schloss Solitude erreichen dann die Brezel Racer lang nach 95 Kilometern die oben erw\u00e4hnte Streckenzusammenf\u00fchrung auf dem Weg zum Ziel.<\/p>\n<p style=\"text-align: justify;\">Eine rasante Abfahrt nach S-Botnang\u00a0und S-Feuerbach\u00a0belohnt zun\u00e4chst f\u00fcr alle bisherigen M\u00fchen. Doch dann hei\u00dft es, alle Kraft sammeln und die letzten K\u00f6rner mobilisieren: \u00fcber eine L\u00e4nge von 950 m mit \u00fcber 10 % Steigung geht\u2019s in der Gr\u00fcnewaldstra\u00dfe nochmals auf die Stuttgarter H\u00f6henrandlage hinauf zum Killesberg. Die letzten 1000 m f\u00fchren in der Stuttgarter Innenstadt \u00fcber die gesperrte Kriegsbergstra\u00dfe, Kronenstra\u00dfe und Friedrichstra\u00dfe. Die Theo im Blick, erreichen die Brezel Racer hoffentlich alle freudestrahlend den Zielstrich der RAD-DM 2020.<\/p>\n<p style=\"text-align: justify;\">Nach dem Ziel warten Erfrischungen und jede Menge Gelegenheiten zum Fachsimpeln auf der EXPO im hansgrohe- Fandorf, in der Shimano E-Bike Challenge und weitere Attraktionen rund um den Zielbereich Theodor-Heuss-Stra\u00dfe.<\/p>\n<p style=\"text-align: justify;\"><strong>Der Brezelk\u00f6rble-Radtreff in der Region<br \/>\n<\/strong>Wer sich schon mal einen Vorgeschmack auf die Strecken des Brezel Race bekommen m\u00f6chte: Am Sonntag, 29. M\u00e4rz 2020\u00a0startet der erste Brezelk\u00f6rble-Radtreff,\u00a0der jeweils am letzten Sonntag des Monats April und Mai wiederholt wird. Die beste Gelegenheit, mit anderen Rennradlern die Strecke zu testen. Im M\u00e4rz f\u00e4hrt der Brezelk\u00f6rble-Radtreff auf dem Abschnitt Remseck bis Schloss Solitude auf der kurzen Brezel-Race-Strecke. Die Test-Ausfahrt betr\u00e4gt 60 km, Abfahrt ist an allen Terminen um 10:30 Uhr am Kleinen Schlo\u00dfplatz an der Theodor-Heuss-Stra\u00dfe. Einfach dabei sein und sich wie ein Profi f\u00fchlen! Mehr Infos gibt es unter: <a href=\"http:\/\/www.brezelrace.de\" target=\"_blank\" rel=\"noopener noreferrer\">www.brezelrace.de<\/a><\/p>\n<hr \/>\n<p style=\"text-align: justify;\">\n","protected":false},"excerpt":{"rendered":"<p>Direkt vor der Haust\u00fcre \u2013 die Termine f\u00fcr die beiden Radsporthighlights Deutsche Stra\u00dfenradmeisterschaften und Brezel Race 2020 in Stuttgart und Region r\u00fccken n\u00e4her. F\u00fcr das Breitensport-Rennen Brezel Race sind jetzt die Strecken fix \u2013 neben der Landeshauptstadt Stuttgart sind auch die Landkreise Ludwigsburg und B\u00f6blingen dabei. Alle Radsportfans k\u00f6nnen sich kurz vor dem Start der [&hellip;]<\/p>\n","protected":false},"author":4,"featured_media":138030,"comment_status":"closed","ping_status":"open","sticky":false,"template":"","format":"standard","meta":{"inline_featured_image":false,"_exactmetrics_skip_tracking":false,"_exactmetrics_sitenote_active":false,"_exactmetrics_sitenote_note":"","_exactmetrics_sitenote_category":0,"footnotes":""},"categories":[59,110],"tags":[16576,14857,5,68,9],"class_list":{"0":"post-138029","1":"post","2":"type-post","3":"status-publish","4":"format-standard","5":"has-post-thumbnail","7":"category-aktuell","8":"category-sport","9":"tag-brezelrace","10":"tag-die-webzeitung","11":"tag-internetzeitung","12":"tag-online-zeitung","13":"tag-schaumedia"},"image_feature":"https:\/\/die-webzeitung.de\/stuttgart\/wp-content\/uploads\/sites\/4\/2020\/03\/Streckengrafik_DM20_STG_Brezel_Race_COMP-scaled.jpg","author_name":"Redaktion","pure_taxonomies":{"categories":[{"term_id":59,"name":"Aktuell","slug":"aktuell","term_group":0,"term_taxonomy_id":60,"taxonomy":"category","description":"","parent":0,"count":1017,"filter":"raw","image":""},{"term_id":110,"name":"Sport","slug":"sport","term_group":0,"term_taxonomy_id":112,"taxonomy":"category","description":"Sportberichte","parent":0,"count":1043,"filter":"raw","image":""}],"tags":[{"term_id":16576,"name":"Brezelrace","slug":"brezelrace","term_group":0,"term_taxonomy_id":16595,"taxonomy":"post_tag","description":"","parent":0,"count":1,"filter":"raw","image":""},{"term_id":14857,"name":"Die-Webzeitung","slug":"die-webzeitung","term_group":0,"term_taxonomy_id":14876,"taxonomy":"post_tag","description":"","parent":0,"count":3623,"filter":"raw","image":""},{"term_id":5,"name":"Internetzeitung","slug":"internetzeitung","term_group":0,"term_taxonomy_id":5,"taxonomy":"post_tag","description":"","parent":0,"count":1461,"filter":"raw","image":""},{"term_id":68,"name":"Online-Zeitung","slug":"online-zeitung","term_group":0,"term_taxonomy_id":69,"taxonomy":"post_tag","description":"","parent":0,"count":3593,"filter":"raw","image":""},{"term_id":9,"name":"SchauMedia","slug":"schaumedia","term_group":0,"term_taxonomy_id":9,"taxonomy":"post_tag","description":"","parent":0,"count":1607,"filter":"raw","image":""}]},"_links":{"self":[{"href":"https:\/\/die-webzeitung.de\/stuttgart\/wp-json\/wp\/v2\/posts\/138029","targetHints":{"allow":["GET"]}}],"collection":[{"href":"https:\/\/die-webzeitung.de\/stuttgart\/wp-json\/wp\/v2\/posts"}],"about":[{"href":"https:\/\/die-webzeitung.de\/stuttgart\/wp-json\/wp\/v2\/types\/post"}],"author":[{"embeddable":true,"href":"https:\/\/die-webzeitung.de\/stuttgart\/wp-json\/wp\/v2\/users\/4"}],"replies":[{"embeddable":true,"href":"https:\/\/die-webzeitung.de\/stuttgart\/wp-json\/wp\/v2\/comments?post=138029"}],"version-history":[{"count":1,"href":"https:\/\/die-webzeitung.de\/stuttgart\/wp-json\/wp\/v2\/posts\/138029\/revisions"}],"predecessor-version":[{"id":138031,"href":"https:\/\/die-webzeitung.de\/stuttgart\/wp-json\/wp\/v2\/posts\/138029\/revisions\/138031"}],"wp:featuredmedia":[{"embeddable":true,"href":"https:\/\/die-webzeitung.de\/stuttgart\/wp-json\/wp\/v2\/media\/138030"}],"wp:attachment":[{"href":"https:\/\/die-webzeitung.de\/stuttgart\/wp-json\/wp\/v2\/media?parent=138029"}],"wp:term":[{"taxonomy":"category","embeddable":true,"href":"https:\/\/die-webzeitung.de\/stuttgart\/wp-json\/wp\/v2\/categories?post=138029"},{"taxonomy":"post_tag","embeddable":true,"href":"https:\/\/die-webzeitung.de\/stuttgart\/wp-json\/wp\/v2\/tags?post=138029"}],"curies":[{"name":"wp","href":"https:\/\/api.w.org\/{rel}","templated":true}]}}