{"id":137966,"date":"2020-02-28T14:50:23","date_gmt":"2020-02-28T13:50:23","guid":{"rendered":"https:\/\/die-webzeitung.de\/stuttgart\/?p=137966"},"modified":"2020-02-28T14:50:23","modified_gmt":"2020-02-28T13:50:23","slug":"landkreis-boeblingen-ist-auf-corona-virus-vorbereitet","status":"publish","type":"post","link":"https:\/\/die-webzeitung.de\/stuttgart\/2020\/02\/28\/landkreis-boeblingen-ist-auf-corona-virus-vorbereitet\/","title":{"rendered":"Landkreis B\u00f6blingen ist auf Corona-Virus vorbereitet"},"content":{"rendered":"<p style=\"text-align: justify;\"><strong>Telefonnummer bei Verdacht auf Ansteckung<\/strong><strong><br \/>\n<\/strong><strong>Was tun bei Verdacht auf Infektion mit Corona-Virus?<\/strong><\/p>\n<p style=\"text-align: justify;\">In G\u00f6ppingen und T\u00fcbingen sind erste Corona-Infektionen mit dem Virus SARS-CoV-2 aufgetreten. Im Landkreis B\u00f6blingen hat sich das Gesundheitsamt auf den Ernstfall vorbereitet. \u201e Ab sofort gilt f\u00fcr Verdachtsf\u00e4lle die Telefonnummer 07031 \/ 663 3500, die Erkrankte und \u00c4rzte w\u00e4hlen sollen, wenn sie eine Ansteckung mit dem Corona-Virus vermuten. Das Telefon ist werktags von 8.30 bis 16 Uhr besetzt. Auch das Landesgesundheitsamt hat eine Rufnummer f\u00fcr Rat suchende B\u00fcrgerinnen und B\u00fcrger eingerichtet, die werktags zwischen 9 und 16 Uhr unter <strong>0711 904-39555<\/strong> erreichbar ist.<\/p>\n<p style=\"text-align: justify;\">Wichtig ist, dass Kranke zuerst bei ihrem Hausarzt anrufen, der seine Patienten anleitet. Au\u00dferhalb der regul\u00e4ren Sprechzeiten sind die Notfallpraxen der richtige Ansprechpartner unter der bundesweiten Rufnummer 116 117.<\/p>\n<p style=\"text-align: justify;\">Ebenso sollte man bis zur Kl\u00e4rung des tats\u00e4chlichen Erregers Kontakte zu anderen Personen meiden und zu Hause bleiben. Ein medizinisch unbegr\u00fcndeter, unaufgeforderter eigenst\u00e4ndiger Gang in die Notaufnahme einer Klinik gef\u00e4hrdet andere Patienten mit geschw\u00e4chtem Immunsystem und blockiert wichtige Ressourcen in der Notfallversorgung schwerstkranker oder verunfallter Mitmenschen.<\/p>\n<p style=\"text-align: justify;\">Die zun\u00e4chst h\u00e4usliche Isolation ist wichtig, um eine m\u00f6gliche Weiterverbreitung der Erkrankung zu verhindern. Das Gesundheitsamt meldet sich z\u00fcgig bei den Erkrankten und kl\u00e4rt das weitere Vorgehen ab.<\/p>\n<p style=\"text-align: justify;\">Die zust\u00e4ndigen Beh\u00f6rden des \u00f6ffentlichen Gesundheitsdienstes sind sowohl mit der integrierten Leitstelle, die Notrufe entgegennimmt, als auch dem Klinikverbund und der Kreis\u00e4rzteschaft im engen Austausch.<\/p>\n<p style=\"text-align: justify;\">Die Ansteckung verl\u00e4uft \u2013 wie auch bei der echten Grippe \u2013 \u00fcber Tr\u00f6pfcheninfektion. Vermeiden Sie zurzeit am besten das H\u00e4ndesch\u00fctteln und achten Sie auf gute H\u00e4ndehygiene. Symptome sind Husten, Schnupfen und Fieber. Weiterhin muss ein Aufenthalt in einem Risikogebiet oder der direkte Kontakt zu einer Person, die an SARS-CoV-2 erkrankt ist, innerhalb der letzten 14 Tage vorausgegangen sein.<\/p>\n<p style=\"text-align: justify;\">Weitere Information des Robert-Koch-Institutes dar\u00fcber gibt es unter <a href=\"http:\/\/www.rki.de\/DE\/Content\/InfAZ\/N\/Neuartiges_Coronavirus\/nCoV\" target=\"_blank\" rel=\"noopener noreferrer\">www.rki.de\/DE\/Content\/InfAZ\/N\/Neuartiges_Coronavirus\/nCoV<\/a> oder unter <a href=\"https:\/\/www.infektionsschutz.de\/coronavirus-sars-cov-2\" target=\"_blank\" rel=\"noopener noreferrer\">https:\/\/www.infektionsschutz.de\/coronavirus-sars-cov-2<\/a> der Bundeszentrale f\u00fcr gesundheitliche Aufkl\u00e4rung.<\/p>\n<hr \/>\n<p style=\"text-align: justify;\">\n","protected":false},"excerpt":{"rendered":"<p>Telefonnummer bei Verdacht auf Ansteckung Was tun bei Verdacht auf Infektion mit Corona-Virus? In G\u00f6ppingen und T\u00fcbingen sind erste Corona-Infektionen mit dem Virus SARS-CoV-2 aufgetreten. Im Landkreis B\u00f6blingen hat sich das Gesundheitsamt auf den Ernstfall vorbereitet. \u201e Ab sofort gilt f\u00fcr Verdachtsf\u00e4lle die Telefonnummer 07031 \/ 663 3500, die Erkrankte und \u00c4rzte w\u00e4hlen sollen, wenn [&hellip;]<\/p>\n","protected":false},"author":4,"featured_media":0,"comment_status":"closed","ping_status":"open","sticky":false,"template":"","format":"standard","meta":{"inline_featured_image":false,"_exactmetrics_skip_tracking":false,"_exactmetrics_sitenote_active":false,"_exactmetrics_sitenote_note":"","_exactmetrics_sitenote_category":0,"footnotes":""},"categories":[59,2246],"tags":[3061,16528,14857,5,68,9],"class_list":{"0":"post-137966","1":"post","2":"type-post","3":"status-publish","4":"format-standard","6":"category-aktuell","7":"category-kreis-boeblingen","8":"tag-boblingen","9":"tag-coronavirus","10":"tag-die-webzeitung","11":"tag-internetzeitung","12":"tag-online-zeitung","13":"tag-schaumedia"},"image_feature":null,"author_name":"Redaktion","pure_taxonomies":{"categories":[{"term_id":59,"name":"Aktuell","slug":"aktuell","term_group":0,"term_taxonomy_id":60,"taxonomy":"category","description":"","parent":0,"count":1017,"filter":"raw","image":""},{"term_id":2246,"name":"Kreis B\u00f6blingen","slug":"kreis-boeblingen","term_group":0,"term_taxonomy_id":2259,"taxonomy":"category","description":"","parent":171,"count":197,"filter":"raw","image":""}],"tags":[{"term_id":3061,"name":"B\u00f6blingen","slug":"boblingen","term_group":0,"term_taxonomy_id":3075,"taxonomy":"post_tag","description":"","parent":0,"count":260,"filter":"raw","image":""},{"term_id":16528,"name":"Coronavirus","slug":"coronavirus","term_group":0,"term_taxonomy_id":16547,"taxonomy":"post_tag","description":"","parent":0,"count":9,"filter":"raw","image":""},{"term_id":14857,"name":"Die-Webzeitung","slug":"die-webzeitung","term_group":0,"term_taxonomy_id":14876,"taxonomy":"post_tag","description":"","parent":0,"count":3623,"filter":"raw","image":""},{"term_id":5,"name":"Internetzeitung","slug":"internetzeitung","term_group":0,"term_taxonomy_id":5,"taxonomy":"post_tag","description":"","parent":0,"count":1461,"filter":"raw","image":""},{"term_id":68,"name":"Online-Zeitung","slug":"online-zeitung","term_group":0,"term_taxonomy_id":69,"taxonomy":"post_tag","description":"","parent":0,"count":3593,"filter":"raw","image":""},{"term_id":9,"name":"SchauMedia","slug":"schaumedia","term_group":0,"term_taxonomy_id":9,"taxonomy":"post_tag","description":"","parent":0,"count":1607,"filter":"raw","image":""}]},"_links":{"self":[{"href":"https:\/\/die-webzeitung.de\/stuttgart\/wp-json\/wp\/v2\/posts\/137966","targetHints":{"allow":["GET"]}}],"collection":[{"href":"https:\/\/die-webzeitung.de\/stuttgart\/wp-json\/wp\/v2\/posts"}],"about":[{"href":"https:\/\/die-webzeitung.de\/stuttgart\/wp-json\/wp\/v2\/types\/post"}],"author":[{"embeddable":true,"href":"https:\/\/die-webzeitung.de\/stuttgart\/wp-json\/wp\/v2\/users\/4"}],"replies":[{"embeddable":true,"href":"https:\/\/die-webzeitung.de\/stuttgart\/wp-json\/wp\/v2\/comments?post=137966"}],"version-history":[{"count":1,"href":"https:\/\/die-webzeitung.de\/stuttgart\/wp-json\/wp\/v2\/posts\/137966\/revisions"}],"predecessor-version":[{"id":137967,"href":"https:\/\/die-webzeitung.de\/stuttgart\/wp-json\/wp\/v2\/posts\/137966\/revisions\/137967"}],"wp:attachment":[{"href":"https:\/\/die-webzeitung.de\/stuttgart\/wp-json\/wp\/v2\/media?parent=137966"}],"wp:term":[{"taxonomy":"category","embeddable":true,"href":"https:\/\/die-webzeitung.de\/stuttgart\/wp-json\/wp\/v2\/categories?post=137966"},{"taxonomy":"post_tag","embeddable":true,"href":"https:\/\/die-webzeitung.de\/stuttgart\/wp-json\/wp\/v2\/tags?post=137966"}],"curies":[{"name":"wp","href":"https:\/\/api.w.org\/{rel}","templated":true}]}}