{"id":137955,"date":"2020-02-26T16:15:26","date_gmt":"2020-02-26T15:15:26","guid":{"rendered":"https:\/\/die-webzeitung.de\/stuttgart\/?p=137955"},"modified":"2020-02-26T16:15:26","modified_gmt":"2020-02-26T15:15:26","slug":"coronavirus-stadt-stuttgart-in-erhoehter-reaktionsbereitschaft","status":"publish","type":"post","link":"https:\/\/die-webzeitung.de\/stuttgart\/2020\/02\/26\/coronavirus-stadt-stuttgart-in-erhoehter-reaktionsbereitschaft\/","title":{"rendered":"Coronavirus: Stadt Stuttgart in erh\u00f6hter Reaktionsbereitschaft"},"content":{"rendered":"<h5 style=\"text-align: justify;\"><strong>OB Kuhn leitet Sitzung mit B\u00fcrgermeistern und Amtsleitern<\/strong><\/h5>\n<p style=\"text-align: justify;\">Stuttgart.| Oberb\u00fcrgermeister Fritz Kuhn hat am Mittwoch, 26. Februar, eine Runde mit zust\u00e4ndigen B\u00fcrgermeistern und Amtsleitern \u00fcber die Konsequenzen f\u00fcr Stuttgart wegen der Ausbreitung des Coronavirus in Europa und Deutschland geleitet. Kuhn erkl\u00e4rte anschlie\u00dfend: \u201eDie Stadt trifft die erforderlichen Vorkehrungen, um besonnen auf eine Ausbreitung des Coronavirus reagieren zu k\u00f6nnen.\u201c Die Verwaltung befinde sich in erh\u00f6hter Reaktionsbereitschaft. Kuhn: \u201eWir werden notwendige Ma\u00dfnahmen laufend den aktuellen Entwicklungen anpassen, bei Bedarf umgehend.\u201c<\/p>\n<p style=\"text-align: justify;\">Professor Stefan Ehehalt, Leiter des Gesundheitsamts, sagte: \u201eWir beobachten die Lage sehr genau und machen fortlaufend eine Risikobewertung. Daf\u00fcr sind wir rund um die Uhr mit den Stuttgarter Kliniken und dem Landesgesundheitsamt im Austausch. Die Situation ist dynamisch und nicht planbar, sie kann sich rasch ver\u00e4ndern. Noch ist aber weder das \u00f6ffentliche Leben, noch die \u00f6ffentliche Gesundheit in Stuttgart beeintr\u00e4chtigt.\u201c<\/p>\n<p style=\"text-align: justify;\">In Stuttgart ist bislang kein Fall einer Infektion mit dem Coronavirus bekannt (Stand: 26. Februar, 15 Uhr).<\/p>\n<p style=\"text-align: justify;\">Das Gesundheitsamt Stuttgart weist auf die Empfehlungen des Robert-Koch-Instituts hin. Diese lauten: Wie bei Influenza und anderen akuten Atemwegsinfektionen sch\u00fctzen Husten- und Niesetikette, gute H\u00e4ndehygiene sowie Abstand zu Erkrankten (ca. 1 bis 2 Meter) auch vor einer \u00dcbertragung des neuen Coronavirus. Dieses Verhalten ist auch in Anbetracht der Grippewelle \u00fcberall und jederzeit angeraten.<\/p>\n<p style=\"text-align: justify;\">Personen, die (unabh\u00e4ngig von einer Reise) einen pers\u00f6nlichen Kontakt zu einem Patienten hatten, bei dem das Coronavirus im Labor nachgewiesen wurde, sollten sich unverz\u00fcglich und unabh\u00e4ngig von Symptomen an ihr zust\u00e4ndiges Gesundheitsamt wenden.<\/p>\n<p style=\"text-align: justify;\">Personen, die sich in einem vom Robert-Koch-Institut ausgewiesenen Risikogebiet aufgehalten haben, sollten \u2013 unabh\u00e4ngig von Symptomen \u2013 unn\u00f6tige Kontakte vermeiden und nach M\u00f6glichkeit zu Hause bleiben. Beim Auftreten von akuten respiratorischen Symptomen (Atemwegsbeschwerden) sollten sie die Husten- und Niesetikette sowie eine gute H\u00e4ndehygiene beachten und, nach telefonischer Voranmeldung mit Hinweis auf die Reise, einen Arzt aufsuchen.<\/p>\n<p style=\"text-align: justify;\">F\u00fcr Reisende aus Regionen, in denen Coronaf\u00e4lle vorkommen, die aber keine Risikogebiete sind, gilt: Wenn sie innerhalb von 14 Tagen nach R\u00fcckreise Fieber, Husten oder Atemnot entwickeln, sollten sie \u2013 nach telefonischer Anmeldung und mit Hinweis auf die Reise \u2013 einen Arzt aufsuchen. Zudem sollten sie unn\u00f6tige Kontakte vermeiden, nach M\u00f6glichkeit zu Hause bleiben, die Husten- und Niesetikette sowie eine gute H\u00e4ndehygiene beachten.<\/p>\n<p style=\"text-align: justify;\">F\u00fcr alle Flugreisende aus China gilt seit dem 15. Februar 2020 ein besonderes Verfahren. Unter anderem werden sie befragt, ob sie Kontakt mit Coronavirus- Infizierten hatten oder sich im Infektionsgebiet aufgehalten haben. Personen an Bord, die offensichtlich krank sind oder eine ansteckende Krankheit haben k\u00f6nnten, m\u00fcssen gemeldet werden.<\/p>\n<p style=\"text-align: justify;\"><strong>Weitere Informationen<br \/>\n<\/strong>Die Stadt r\u00e4t den B\u00fcrgerinnen und B\u00fcrgern, sich bei Fragen zun\u00e4chst online zu informieren.<\/p>\n<p style=\"text-align: justify;\">Informationen zum COVID-19-Geschehen in Baden-W\u00fcrttemberg sind zu finden unter: <a href=\"https:\/\/sozialministerium.baden-wuerttemberg.de\/de\/service\/presse\/pressemitteilung\/pid\/erste-bestaetigte-infektion-mit-dem-coronavirus-in-baden-wuerttemberg\/\" target=\"_blank\" rel=\"noopener noreferrer\">https:\/\/sozialministerium.baden-wuerttemberg.de\/de\/service\/presse\/pressemitteilung\/pid\/erste-bestaetigte-infektion-mit-dem-coronavirus-in-baden-wuerttemberg\/<\/a><\/p>\n<p style=\"text-align: justify;\">Das Robert-Koch-Institut stellt eine umfangreiche und stets aktuelle Fragen-und- Antworten-Liste zum Coronavirus zur Verf\u00fcgung.<\/p>\n<p style=\"text-align: justify;\">Risikogebiete sind Gebiete, in denen eine fortgesetzte \u00dcbertragung von Mensch zu Mensch vermutet werden kann. Um dies festzulegen, verwendet das RKI verschiedene Indikatoren (u. a. Erkrankungsh\u00e4ufigkeit, Dynamik der Fallzahlen). Die tagesaktuellen Risikogebiete sind hier zu finden: <a href=\"https:\/\/www.rki.de\/DE\/Content\/InfAZ\/N\/Neuartiges_Coronavirus\/Risikogebiete.html\" target=\"_blank\" rel=\"noopener noreferrer\">https:\/\/www.rki.de\/DE\/Content\/InfAZ\/N\/Neuartiges_Coronavirus\/Risikogebiete.html<\/a><\/p>\n<p style=\"text-align: justify;\">Informationen zum COVID-19-Geschehen in Italien sind zu finden unter: <a href=\"https:\/\/www.rki.de\/DE\/Content\/InfAZ\/N\/Neuartiges_Coronavirus\/Lage_Italien.html\" target=\"_blank\" rel=\"noopener noreferrer\">https:\/\/www.rki.de\/DE\/Content\/InfAZ\/N\/Neuartiges_Coronavirus\/Lage_Italien.html<\/a><\/p>\n<p style=\"text-align: justify;\">Informationen des Landesgesundheitsamts Baden-W\u00fcrttemberg zum Coronavirus sowie die Hotline f\u00fcr Rat suchende B\u00fcrgerinnen und B\u00fcrger: <a href=\"https:\/\/www.gesundheitsamt-bw.de\/lga\/DE\/Startseite\/aktuelles\/Termine_Hinweise\/Seiten\/Coronavirus.aspx\" target=\"_blank\" rel=\"noopener noreferrer\">https:\/\/www.gesundheitsamt-bw.de\/lga\/DE\/Startseite\/aktuelles\/Termine_Hinweise\/Seiten\/Coronavirus.aspx<\/a><\/p>\n<p style=\"text-align: justify;\">Allgemeine Verhaltenshinweise sind auch bei der Bundeszentrale f\u00fcr gesundheitliche Aufkl\u00e4rung abrufbar: <a href=\"http:\/\/www.infektionsschutz.de\" target=\"_blank\" rel=\"noopener noreferrer\">www.infektionsschutz.de<\/a><\/p>\n<p style=\"text-align: justify;\">In einem Infoblatt des Bundesinstituts f\u00fcr Risikobewertung (PDF) wird der Frage nachgegangen, ob das neuartige Coronavirus \u00fcber Lebensmittel und Spielzeug \u00fcbertragen werden kann.<\/p>\n<p style=\"text-align: justify;\">Weitere Informationen f\u00fcr B\u00fcrgerinnen und B\u00fcrger sowie speziell f\u00fcr Schulen und Kitas sowie f\u00fcr Pflegeheime bieten Informationsbl\u00e4tter zum Coronavirus des Gesundheitsamts Stuttgart. Diese werden laufend aktualisiert.<\/p>\n<p style=\"text-align: justify;\">F\u00fcr alle Fragen zum Coronavirus hat das Landesgesundheitsamt eine Hotline f\u00fcr Rat suchende B\u00fcrgerinnen und B\u00fcrger eingerichtet. Sie erreichen die Mitarbeiterinnen und Mitarbeiter werktags zwischen 9 und 16 Uhr telefonisch unter 0711\/904-39555. Das Gesundheitsamt der Stadt Stuttgart ist bei dringenden Anliegen unter der Rufnummer 0711\/216-59390 (Montag bis Donnerstag, 9 bis 15.30 Uhr, freitags 9 bis 12 Uhr) zu erreichen. Dar\u00fcber hinaus informiert das Service-Center der Stadt unter der Telefonnummer 0711\/216-0 von montags bis freitags, 8 bis 18 Uhr.<\/p>\n<hr \/>\n<p style=\"text-align: justify;\">\n","protected":false},"excerpt":{"rendered":"<p>OB Kuhn leitet Sitzung mit B\u00fcrgermeistern und Amtsleitern Stuttgart.| Oberb\u00fcrgermeister Fritz Kuhn hat am Mittwoch, 26. Februar, eine Runde mit zust\u00e4ndigen B\u00fcrgermeistern und Amtsleitern \u00fcber die Konsequenzen f\u00fcr Stuttgart wegen der Ausbreitung des Coronavirus in Europa und Deutschland geleitet. Kuhn erkl\u00e4rte anschlie\u00dfend: \u201eDie Stadt trifft die erforderlichen Vorkehrungen, um besonnen auf eine Ausbreitung des Coronavirus [&hellip;]<\/p>\n","protected":false},"author":4,"featured_media":0,"comment_status":"closed","ping_status":"open","sticky":false,"template":"","format":"standard","meta":{"inline_featured_image":false,"_exactmetrics_skip_tracking":false,"_exactmetrics_sitenote_active":false,"_exactmetrics_sitenote_note":"","_exactmetrics_sitenote_category":0,"footnotes":""},"categories":[59,2239],"tags":[16528,14857,5,68,9],"class_list":{"0":"post-137955","1":"post","2":"type-post","3":"status-publish","4":"format-standard","6":"category-aktuell","7":"category-stuttgart-lokal","8":"tag-coronavirus","9":"tag-die-webzeitung","10":"tag-internetzeitung","11":"tag-online-zeitung","12":"tag-schaumedia"},"image_feature":null,"author_name":"Redaktion","pure_taxonomies":{"categories":[{"term_id":59,"name":"Aktuell","slug":"aktuell","term_group":0,"term_taxonomy_id":60,"taxonomy":"category","description":"","parent":0,"count":1017,"filter":"raw","image":""},{"term_id":2239,"name":"Stuttgart","slug":"stuttgart-lokal","term_group":0,"term_taxonomy_id":2252,"taxonomy":"category","description":"Berichte und Informationen aus Stuttgart","parent":1433,"count":941,"filter":"raw","image":""}],"tags":[{"term_id":16528,"name":"Coronavirus","slug":"coronavirus","term_group":0,"term_taxonomy_id":16547,"taxonomy":"post_tag","description":"","parent":0,"count":9,"filter":"raw","image":""},{"term_id":14857,"name":"Die-Webzeitung","slug":"die-webzeitung","term_group":0,"term_taxonomy_id":14876,"taxonomy":"post_tag","description":"","parent":0,"count":3623,"filter":"raw","image":""},{"term_id":5,"name":"Internetzeitung","slug":"internetzeitung","term_group":0,"term_taxonomy_id":5,"taxonomy":"post_tag","description":"","parent":0,"count":1461,"filter":"raw","image":""},{"term_id":68,"name":"Online-Zeitung","slug":"online-zeitung","term_group":0,"term_taxonomy_id":69,"taxonomy":"post_tag","description":"","parent":0,"count":3593,"filter":"raw","image":""},{"term_id":9,"name":"SchauMedia","slug":"schaumedia","term_group":0,"term_taxonomy_id":9,"taxonomy":"post_tag","description":"","parent":0,"count":1607,"filter":"raw","image":""}]},"_links":{"self":[{"href":"https:\/\/die-webzeitung.de\/stuttgart\/wp-json\/wp\/v2\/posts\/137955","targetHints":{"allow":["GET"]}}],"collection":[{"href":"https:\/\/die-webzeitung.de\/stuttgart\/wp-json\/wp\/v2\/posts"}],"about":[{"href":"https:\/\/die-webzeitung.de\/stuttgart\/wp-json\/wp\/v2\/types\/post"}],"author":[{"embeddable":true,"href":"https:\/\/die-webzeitung.de\/stuttgart\/wp-json\/wp\/v2\/users\/4"}],"replies":[{"embeddable":true,"href":"https:\/\/die-webzeitung.de\/stuttgart\/wp-json\/wp\/v2\/comments?post=137955"}],"version-history":[{"count":1,"href":"https:\/\/die-webzeitung.de\/stuttgart\/wp-json\/wp\/v2\/posts\/137955\/revisions"}],"predecessor-version":[{"id":137956,"href":"https:\/\/die-webzeitung.de\/stuttgart\/wp-json\/wp\/v2\/posts\/137955\/revisions\/137956"}],"wp:attachment":[{"href":"https:\/\/die-webzeitung.de\/stuttgart\/wp-json\/wp\/v2\/media?parent=137955"}],"wp:term":[{"taxonomy":"category","embeddable":true,"href":"https:\/\/die-webzeitung.de\/stuttgart\/wp-json\/wp\/v2\/categories?post=137955"},{"taxonomy":"post_tag","embeddable":true,"href":"https:\/\/die-webzeitung.de\/stuttgart\/wp-json\/wp\/v2\/tags?post=137955"}],"curies":[{"name":"wp","href":"https:\/\/api.w.org\/{rel}","templated":true}]}}