{"id":137924,"date":"2020-02-23T18:58:01","date_gmt":"2020-02-23T17:58:01","guid":{"rendered":"https:\/\/die-webzeitung.de\/stuttgart\/2020\/02\/23\/sgv-freiberg-fussball-gelingt-transfer-coup\/"},"modified":"2020-02-23T18:58:17","modified_gmt":"2020-02-23T17:58:17","slug":"sgv-freiberg-fussball-gelingt-transfer-coup","status":"publish","type":"post","link":"https:\/\/die-webzeitung.de\/stuttgart\/2020\/02\/23\/sgv-freiberg-fussball-gelingt-transfer-coup\/","title":{"rendered":"SGV Freiberg Fu\u00dfball gelingt Transfer-Coup"},"content":{"rendered":"<h5 style=\"text-align: justify;\"><strong>Marco Gr\u00fcttner kehrt zur Saison 2020\/21 zur\u00fcck auf den Wasen<br \/>\nDr. Christian Werner wird Sportdirektor bei den Freibergern<br \/>\n<\/strong><\/h5>\n<p style=\"text-align: justify;\">Freiberg a. N.| Den 34-j\u00e4hrigen Kapit\u00e4n des Fu\u00dfball-Zweitligisten SSV Jahn Regensburg zieht es aus famili\u00e4ren Gr\u00fcnden zur\u00fcck in die schw\u00e4bische Heimat. Dass er seinen zu Saisonende auslaufenden Vertrag nicht verl\u00e4ngern wird, teilte er bereits im Herbst dem Oberpf\u00e4lzer Zweitligisten mit. Der SGV nahm fr\u00fch Kontakt mit Gr\u00fcttner auf und konnte ihn von seinem Zukunftskonzept \u00fcberzeugen. Hilfreich war nat\u00fcrlich die Tatsache, dass der Torj\u00e4ger eine Vergangenheit beim Freiberger Oberligisten hat. Am 28. Mai 2004 erreichte er mit der U19 des SGV das DFB-Pokalendspiel der Junioren in Berlin und schrieb, trotz der Niederlage gegen den Nachwuchs von Hertha BSC, ein St\u00fcck Vereinsgeschichte. Mit im Team der Freiberger Junioren war damals u.a. auch Mark Schnatterer, der jetzige Kapit\u00e4n des 1. FC Heidenheim.<\/p>\n<p style=\"text-align: justify;\">Nach den Stationen Sonnenhof Gro\u00dfaspach und TSV Schwieberdingen zog es Marco Gr\u00fcttner erstmalig zur\u00fcck zu seinen Wurzeln. Von 2007 bis 2009 spielte er in der Oberliga f\u00fcr die Wasenkicker und erzielte in 66 Spielen 38 Tore f\u00fcr den SGV Freiberg. In der Saison 2008\/09 wurde er mit 25 Treffern Torsch\u00fctzenk\u00f6nig der Oberliga Baden-W\u00fcrttemberg.<\/p>\n<p style=\"text-align: justify;\">Es folgten die Stationen SSV Ulm 1846, VfR Aalen, Stuttgarter Kickers und VfB Stuttgart II bevor Marco Gr\u00fcttner in seiner Profikarriere mit Jahn Regensburg bis in die 2. Bundesliga durchstartete. In den letzten zweieinhalb Jahren erzielte er beim Jahn 31 Tore und bereitete 19 Tore vor.<\/p>\n<p style=\"text-align: justify;\">Mit der Entscheidung seine aktive Karriere beim Oberligisten Freiberg fortzuf\u00fchren, schlie\u00dft sich nun ein Kreis. Marco Gr\u00fcttner unterzeichnete einen langfristigen Vertrag, als Spieler und sportlicher Leiter.<\/p>\n<p style=\"text-align: justify;\"><strong>Dr. Christian Werner wird Sportdirektor beim SGV Freiberg Fu\u00dfball<br \/>\n<\/strong>Mit sofortiger Wirkung \u00fcbernimmt der promovierte Sportwissenschaftler die Position des Sportdirektors. Auch Christian Werner hat beim SGV eine sportliche Vergangenheit. Zur Saison 2012\/13 kam Werner mit Ramon Gehrmann zum gerade in die Verbandsliga abgestiegenen SGV Freiberg Fu\u00dfball. Zwei Aufstiege in die Oberliga stehen dabei in der Vita des Trainerduos Gehrmann\/Werner. Der Sportwissenschaftler, Trainer und Oberstudienrat war beim Freiberger Oberligisten mehr als Co-Trainer. Er k\u00fcmmerte sich zusammen mit Gehrmann um die Kaderplanung, stellte mit seinem gro\u00dfen Netzwerk Kontakte her und leitete Transfers ein.<\/p>\n<p style=\"text-align: justify;\">Im Sommer 2018 vollzog der geb\u00fcrtige Hesse einen Neustart. Er wechselte als P\u00e4dagoge von einem Gymnasium f\u00fcr Hochbegabte in Stuttgart nach Freiberg an die Oscar-Paret-Schule, wo er an zwei Wochentagen als Oberstudienrat unterrichtet, beendete seine T\u00e4tigkeit als Co-Trainer beim SGV Freiberg und wurde Sportdirektor beim \u00f6sterreichischen Zweitligisten SC Austria Lustenau. Die SC Austria Lustenau belegte in der Saison 2018\/2019 den dritten Platz und steht in dieser Saison kurz vor dem Einzug in das \u00f6sterreichische Pokalfinale. Neben seiner Verantwortung f\u00fcr den sportlichen Bereich k\u00fcmmert sich Werner bei der Austria auch um das Sponsoring, die PR-Arbeit, das Scouting, das Teammanagement und den Fankontakt. Durch den Sprung ins Profigesch\u00e4ft konnte er sein breites Netzwerk in dieser Zeit noch erweitern und intensivieren. Im Herbst teilte er den Vorarlbergern mit, dass er seinen im Sommer auslaufenden Vertrag nicht verl\u00e4ngern wird. Um eine reibungslose \u00dcbergabe der Gesch\u00e4fte zu erm\u00f6glichen wurde der Vertrag Ende des Jahres aufgel\u00f6st. Neben sportlichen Perspektiven zog es ihn, auch aus privaten Gr\u00fcnden, zur\u00fcck nach Deutschland und er lehnte diverse Angebote aus dem Profigesch\u00e4ft \u2013 u.a. aus der \u00f6sterreichischen Bundesliga ab.<\/p>\n<p style=\"text-align: justify;\">Christian Werner unterst\u00fctzte den SGV schon beratend seit der Winterpause, erarbeitete das neue Konzept und zog die F\u00e4den f\u00fcr die k\u00fcnftige Kaderbildung, die letztendlich auch zum Vertrag mit Marco Gr\u00fcttner f\u00fchrte.<\/p>\n<p style=\"text-align: justify;\">Emir Cerkez, Pr\u00e4sident des SGV Freiberg Fu\u00dfball: Ich bin gl\u00fccklich und auch ein wenig stolz darauf, dass wir Marco Gr\u00fcttner und Dr. Christian Werner f\u00fcr unseren SGV gewinnen konnten. Beide werden, mit professionellem Hintergrund, unseren Verein im sportlichen Bereich neu definieren und weiterentwickeln. Schon beim ersten Kennenlernen konnte ich mich von den menschlichen Qualit\u00e4ten und der Bereitschaft gemeinsam unseren SGV Freiberg Fu\u00dfball mittelfristig zu neuen Zielen f\u00fchren zu k\u00f6nnen, \u00fcberzeugen. Parallel zur Kaderbildung f\u00fcr die neue Saison geht es f\u00fcr den SGV nun aber zun\u00e4chst um den Verbleib in der Oberliga BW.<\/p>\n<p style=\"text-align: justify;\">Marco Gr\u00fcttner: Das Interesse des SGV Freiberg, mich in eine Weiterentwicklung meines Jugendvereins einzubinden, hat mich sehr gefreut. In pers\u00f6nlichen Gespr\u00e4chen mit den sehr engagierten Verantwortlichen haben wir schnell eine einheitliche Linie gefunden, welchen Beitrag ich ab der neuen Saison leisten kann. Parallel zum aktiven Fu\u00dfball einen Einstieg ins Sportmanagement zu finden, ist mir ein Anliegen f\u00fcr die Zukunft. Bis zum Saisonende gilt meine volle Konzentration dem Klassenerhalt mit meinem Verein Jahn Regensburg.<\/p>\n<p style=\"text-align: justify;\">Dr. Christian Werner, Sportdirektor SGV Freiberg Fu\u00dfball: Mit Marco konnten wir einen au\u00dfergew\u00f6hnlichen Spieler und Menschen von unserem Verein \u00fcberzeugen. Nat\u00fcrlich wird Marco uns durch seine spielerischen und menschlichen F\u00e4higkeiten auf dem Platz helfen, genauso wichtig ist mir aber auch seine Unterst\u00fctzung au\u00dferhalb des Platzes in seiner Funktion als sportlicher Leiter. Marco hat eine extreme Fu\u00dfballexpertise, ein abgeschlossenes Sportmanagementstudium und verf\u00fcgt \u00fcber ein breites Netzwerk im Profifu\u00dfball. Ich freue mich wirklich riesig auf unsere Zusammenarbeit.<\/p>\n<hr \/>\n<p style=\"text-align: justify;\">\n","protected":false},"excerpt":{"rendered":"<p>Marco Gr\u00fcttner kehrt zur Saison 2020\/21 zur\u00fcck auf den Wasen Dr. Christian Werner wird Sportdirektor bei den Freibergern Freiberg a. N.| Den 34-j\u00e4hrigen Kapit\u00e4n des Fu\u00dfball-Zweitligisten SSV Jahn Regensburg zieht es aus famili\u00e4ren Gr\u00fcnden zur\u00fcck in die schw\u00e4bische Heimat. Dass er seinen zu Saisonende auslaufenden Vertrag nicht verl\u00e4ngern wird, teilte er bereits im Herbst dem [&hellip;]<\/p>\n","protected":false},"author":4,"featured_media":137734,"comment_status":"closed","ping_status":"open","sticky":false,"template":"","format":"standard","meta":{"inline_featured_image":false,"_exactmetrics_skip_tracking":false,"_exactmetrics_sitenote_active":false,"_exactmetrics_sitenote_note":"","_exactmetrics_sitenote_category":0,"footnotes":""},"categories":[59,110],"tags":[14857,80,129,16568,5,1080,68,9,119],"class_list":{"0":"post-137924","1":"post","2":"type-post","3":"status-publish","4":"format-standard","5":"has-post-thumbnail","7":"category-aktuell","8":"category-sport","9":"tag-die-webzeitung","10":"tag-freiberger-seite","11":"tag-fusball","12":"tag-gruettner","13":"tag-internetzeitung","14":"tag-oberliga","15":"tag-online-zeitung","16":"tag-schaumedia","17":"tag-sgv"},"image_feature":"https:\/\/die-webzeitung.de\/stuttgart\/wp-content\/uploads\/sites\/4\/2020\/02\/004_20200211_PI_Durchschlag_Su\u0308dkopf_Foto.jpg","author_name":"Redaktion","pure_taxonomies":{"categories":[{"term_id":59,"name":"Aktuell","slug":"aktuell","term_group":0,"term_taxonomy_id":60,"taxonomy":"category","description":"","parent":0,"count":1017,"filter":"raw","image":""},{"term_id":110,"name":"Sport","slug":"sport","term_group":0,"term_taxonomy_id":112,"taxonomy":"category","description":"Sportberichte","parent":0,"count":1043,"filter":"raw","image":""}],"tags":[{"term_id":14857,"name":"Die-Webzeitung","slug":"die-webzeitung","term_group":0,"term_taxonomy_id":14876,"taxonomy":"post_tag","description":"","parent":0,"count":3623,"filter":"raw","image":""},{"term_id":80,"name":"Freiberg","slug":"freiberger-seite","term_group":0,"term_taxonomy_id":95,"taxonomy":"post_tag","description":"","parent":0,"count":78,"filter":"raw","image":""},{"term_id":129,"name":"Fu\u00dfball","slug":"fusball","term_group":0,"term_taxonomy_id":131,"taxonomy":"post_tag","description":"","parent":0,"count":171,"filter":"raw","image":""},{"term_id":16568,"name":"Gr\u00fcttner","slug":"gruettner","term_group":0,"term_taxonomy_id":16587,"taxonomy":"post_tag","description":"","parent":0,"count":1,"filter":"raw","image":""},{"term_id":5,"name":"Internetzeitung","slug":"internetzeitung","term_group":0,"term_taxonomy_id":5,"taxonomy":"post_tag","description":"","parent":0,"count":1461,"filter":"raw","image":""},{"term_id":1080,"name":"Oberliga","slug":"oberliga","term_group":0,"term_taxonomy_id":1089,"taxonomy":"post_tag","description":"","parent":0,"count":35,"filter":"raw","image":""},{"term_id":68,"name":"Online-Zeitung","slug":"online-zeitung","term_group":0,"term_taxonomy_id":69,"taxonomy":"post_tag","description":"","parent":0,"count":3593,"filter":"raw","image":""},{"term_id":9,"name":"SchauMedia","slug":"schaumedia","term_group":0,"term_taxonomy_id":9,"taxonomy":"post_tag","description":"","parent":0,"count":1607,"filter":"raw","image":""},{"term_id":119,"name":"SGV","slug":"sgv","term_group":0,"term_taxonomy_id":121,"taxonomy":"post_tag","description":"","parent":0,"count":66,"filter":"raw","image":""}]},"_links":{"self":[{"href":"https:\/\/die-webzeitung.de\/stuttgart\/wp-json\/wp\/v2\/posts\/137924","targetHints":{"allow":["GET"]}}],"collection":[{"href":"https:\/\/die-webzeitung.de\/stuttgart\/wp-json\/wp\/v2\/posts"}],"about":[{"href":"https:\/\/die-webzeitung.de\/stuttgart\/wp-json\/wp\/v2\/types\/post"}],"author":[{"embeddable":true,"href":"https:\/\/die-webzeitung.de\/stuttgart\/wp-json\/wp\/v2\/users\/4"}],"replies":[{"embeddable":true,"href":"https:\/\/die-webzeitung.de\/stuttgart\/wp-json\/wp\/v2\/comments?post=137924"}],"version-history":[{"count":1,"href":"https:\/\/die-webzeitung.de\/stuttgart\/wp-json\/wp\/v2\/posts\/137924\/revisions"}],"predecessor-version":[{"id":137925,"href":"https:\/\/die-webzeitung.de\/stuttgart\/wp-json\/wp\/v2\/posts\/137924\/revisions\/137925"}],"wp:featuredmedia":[{"embeddable":true,"href":"https:\/\/die-webzeitung.de\/stuttgart\/wp-json\/wp\/v2\/media\/137734"}],"wp:attachment":[{"href":"https:\/\/die-webzeitung.de\/stuttgart\/wp-json\/wp\/v2\/media?parent=137924"}],"wp:term":[{"taxonomy":"category","embeddable":true,"href":"https:\/\/die-webzeitung.de\/stuttgart\/wp-json\/wp\/v2\/categories?post=137924"},{"taxonomy":"post_tag","embeddable":true,"href":"https:\/\/die-webzeitung.de\/stuttgart\/wp-json\/wp\/v2\/tags?post=137924"}],"curies":[{"name":"wp","href":"https:\/\/api.w.org\/{rel}","templated":true}]}}