{"id":137904,"date":"2020-02-21T18:08:22","date_gmt":"2020-02-21T17:08:22","guid":{"rendered":"https:\/\/die-webzeitung.de\/stuttgart\/?p=137904"},"modified":"2020-02-21T18:08:41","modified_gmt":"2020-02-21T17:08:41","slug":"volleyball-gegen-italien-im-viertelfinale-der-volleyball-champions-league","status":"publish","type":"post","link":"https:\/\/die-webzeitung.de\/stuttgart\/2020\/02\/21\/volleyball-gegen-italien-im-viertelfinale-der-volleyball-champions-league\/","title":{"rendered":"Volleyball: Gegen Italien im Viertelfinale der Volleyball Champions League"},"content":{"rendered":"<h5 style=\"text-align: justify;\"><strong>Auch 2020 wieder unter den besten Acht in Europa<\/strong><\/h5>\n<p style=\"text-align: justify;\">Stuttgart.| Allianz MTV Stuttgart qualifiziert sich nach 2019 auch 2020 f\u00fcr das Viertelfinale in der CEV Champions League und trifft dort auf einen Hochkar\u00e4ter. A. Carraro Imoco Conegliano hei\u00dft der n\u00e4chste Gegner in der KO-Phase.<\/p>\n<p style=\"text-align: justify;\">Nach dem entt\u00e4uschenden Pokalfinalwochenende in Mannheim mit der 2:3-Niederlage gegen den Dresdner SC hat sich der Deutsche Meister Allianz MTV Stuttgart nach nur zwei Tagen mit einer beeindruckenden Leistung zur\u00fcckgemeldet. Mit einem glatten 3:0-Sieg in der SCHARRena gegen das ukrainische Team Khimik Yuzhny l\u00f6ste das Team um Kapit\u00e4nin Krystal Rivers zum zweiten Mal das ersehnte Ticket f\u00fcrs Viertelfinale des h\u00f6chsten europ\u00e4ischen Vereinswettbewerbs. Als einer der besten drei Zweitplatzierten nach Abschluss der Gruppenphase hat sich das schw\u00e4bische Team qualifiziert \u2013 die Europareise kann also weitergehen! Gespannt verfolgten Simone Lee, die gegen Yuzhny nach Krystal Rivers die zweitmeisten Punkte sammelte, und Co. die Auslosung am Donnerstagmittag.<\/p>\n<p style=\"text-align: justify;\">Im Viertelfinale wartet nun ein besonders harter Brocken auf die M\u00e4dels, zugleich aber auch ein au\u00dfergew\u00f6hnlicher Leckerbissen f\u00fcr alle Fans: Das italienische Topteam A. Carraro Imoco Conegliano kommt in die SCHARRena! Die Italienerinnen konnten in dieser Saison bereits zwei Titel f\u00fcr sich verbuchen. Vergangenen Dezember setzte sich das Team, dem auch die deutsche Nationalspielerin Jennifer Geerties angeh\u00f6rt, bei der Club-Weltmeisterschaft in China gegen Eczacibasi Vitra Istanbul aus der T\u00fcrkei durch. Und Anfang Februar, also vor wenigen Wochen, konnten die Norditalienerinnen auch das nationale Endspiel um den italienischen Pokal f\u00fcr sich entscheiden.<\/p>\n<p style=\"text-align: justify;\">Doch nicht nur die bisherigen Erfolge sprechen f\u00fcr sich. Dar\u00fcber hinaus ist der Kader gespickt mit au\u00dfergew\u00f6hnlichen Spielerinnen. Denn neben der bereits erw\u00e4hnten Jennifer Geerties, die sich den Panthern (wie sich das Team selbst nennt) erst zur laufenden Saison angeschlossen hat, finden sich mit Paola Egonu und Joanna Wolosz die zurzeit wohl beste Diagonalangreiferin und beste Zuspielerin im Aufgebot von Conegliano. Und auch der Mittelblock z\u00e4hlt mit Robin De Kruijf und Ogbogu Chiaka Sylla nicht nur zum Besten der italienischen Liga, sondern vermutlich zum Besten was Europa momentan zu bieten hat.<\/p>\n<p style=\"text-align: justify;\">Sportdirektorin Kim Renkema: \u201eWir freuen uns auf diesen Gegner. Das Spiel wird ein absolutes Highlight und ein tolles Event f\u00fcr unsere Fans. Wir empfangen bei uns in der SCHARRena die derzeit gr\u00f6\u00dften Volleyballstars, so dass wir in diesem Match sehr befreit aufspielen k\u00f6nnen. F\u00fcr mich ist dieses Los die \u201eKirsche auf der Torte\u201c in der aktuellen Champions-League-Saison. Italien ist immer sch\u00f6n \u2013 auch deswegen bin ich sehr zufrieden mit der Ziehung.\u201c<\/p>\n<p style=\"text-align: justify;\">Wir starten mit einem Heimspiel in die Viertelfinalpartien, dieses wird voraussichtlich am 4. M\u00e4rz 2020 in der SCHARRena ausgetragen. Termin\u00e4nderungen sind momentan noch m\u00f6glich. Das R\u00fcckspiel in Italien ist noch nicht endg\u00fcltig terminiert, wird aber im Zeitraum zwischen dem 10. und 13. M\u00e4rz 2020 stattfinden.<\/p>\n<hr \/>\n<p style=\"text-align: justify;\">\n","protected":false},"excerpt":{"rendered":"<p>Auch 2020 wieder unter den besten Acht in Europa Stuttgart.| Allianz MTV Stuttgart qualifiziert sich nach 2019 auch 2020 f\u00fcr das Viertelfinale in der CEV Champions League und trifft dort auf einen Hochkar\u00e4ter. A. Carraro Imoco Conegliano hei\u00dft der n\u00e4chste Gegner in der KO-Phase. Nach dem entt\u00e4uschenden Pokalfinalwochenende in Mannheim mit der 2:3-Niederlage gegen den [&hellip;]<\/p>\n","protected":false},"author":4,"featured_media":137905,"comment_status":"closed","ping_status":"open","sticky":false,"template":"","format":"standard","meta":{"inline_featured_image":false,"_exactmetrics_skip_tracking":false,"_exactmetrics_sitenote_active":false,"_exactmetrics_sitenote_note":"","_exactmetrics_sitenote_category":0,"footnotes":""},"categories":[59,110],"tags":[16187,131,14857,5,68,9,10629],"class_list":{"0":"post-137904","1":"post","2":"type-post","3":"status-publish","4":"format-standard","5":"has-post-thumbnail","7":"category-aktuell","8":"category-sport","9":"tag-allianz-mtv","10":"tag-bundesliga","11":"tag-die-webzeitung","12":"tag-internetzeitung","13":"tag-online-zeitung","14":"tag-schaumedia","15":"tag-volleyball"},"image_feature":"https:\/\/die-webzeitung.de\/stuttgart\/wp-content\/uploads\/sites\/4\/2020\/02\/amsCEVjushne_037.jpg","author_name":"Redaktion","pure_taxonomies":{"categories":[{"term_id":59,"name":"Aktuell","slug":"aktuell","term_group":0,"term_taxonomy_id":60,"taxonomy":"category","description":"","parent":0,"count":1017,"filter":"raw","image":""},{"term_id":110,"name":"Sport","slug":"sport","term_group":0,"term_taxonomy_id":112,"taxonomy":"category","description":"Sportberichte","parent":0,"count":1043,"filter":"raw","image":""}],"tags":[{"term_id":16187,"name":"Allianz MTV","slug":"allianz-mtv","term_group":0,"term_taxonomy_id":16206,"taxonomy":"post_tag","description":"","parent":0,"count":44,"filter":"raw","image":""},{"term_id":131,"name":"Bundesliga","slug":"bundesliga","term_group":0,"term_taxonomy_id":133,"taxonomy":"post_tag","description":"","parent":0,"count":699,"filter":"raw","image":""},{"term_id":14857,"name":"Die-Webzeitung","slug":"die-webzeitung","term_group":0,"term_taxonomy_id":14876,"taxonomy":"post_tag","description":"","parent":0,"count":3623,"filter":"raw","image":""},{"term_id":5,"name":"Internetzeitung","slug":"internetzeitung","term_group":0,"term_taxonomy_id":5,"taxonomy":"post_tag","description":"","parent":0,"count":1461,"filter":"raw","image":""},{"term_id":68,"name":"Online-Zeitung","slug":"online-zeitung","term_group":0,"term_taxonomy_id":69,"taxonomy":"post_tag","description":"","parent":0,"count":3593,"filter":"raw","image":""},{"term_id":9,"name":"SchauMedia","slug":"schaumedia","term_group":0,"term_taxonomy_id":9,"taxonomy":"post_tag","description":"","parent":0,"count":1607,"filter":"raw","image":""},{"term_id":10629,"name":"Volleyball","slug":"volleyball","term_group":0,"term_taxonomy_id":10665,"taxonomy":"post_tag","description":"","parent":0,"count":90,"filter":"raw","image":""}]},"_links":{"self":[{"href":"https:\/\/die-webzeitung.de\/stuttgart\/wp-json\/wp\/v2\/posts\/137904","targetHints":{"allow":["GET"]}}],"collection":[{"href":"https:\/\/die-webzeitung.de\/stuttgart\/wp-json\/wp\/v2\/posts"}],"about":[{"href":"https:\/\/die-webzeitung.de\/stuttgart\/wp-json\/wp\/v2\/types\/post"}],"author":[{"embeddable":true,"href":"https:\/\/die-webzeitung.de\/stuttgart\/wp-json\/wp\/v2\/users\/4"}],"replies":[{"embeddable":true,"href":"https:\/\/die-webzeitung.de\/stuttgart\/wp-json\/wp\/v2\/comments?post=137904"}],"version-history":[{"count":2,"href":"https:\/\/die-webzeitung.de\/stuttgart\/wp-json\/wp\/v2\/posts\/137904\/revisions"}],"predecessor-version":[{"id":137907,"href":"https:\/\/die-webzeitung.de\/stuttgart\/wp-json\/wp\/v2\/posts\/137904\/revisions\/137907"}],"wp:featuredmedia":[{"embeddable":true,"href":"https:\/\/die-webzeitung.de\/stuttgart\/wp-json\/wp\/v2\/media\/137905"}],"wp:attachment":[{"href":"https:\/\/die-webzeitung.de\/stuttgart\/wp-json\/wp\/v2\/media?parent=137904"}],"wp:term":[{"taxonomy":"category","embeddable":true,"href":"https:\/\/die-webzeitung.de\/stuttgart\/wp-json\/wp\/v2\/categories?post=137904"},{"taxonomy":"post_tag","embeddable":true,"href":"https:\/\/die-webzeitung.de\/stuttgart\/wp-json\/wp\/v2\/tags?post=137904"}],"curies":[{"name":"wp","href":"https:\/\/api.w.org\/{rel}","templated":true}]}}