{"id":137816,"date":"2020-02-17T10:22:38","date_gmt":"2020-02-17T09:22:38","guid":{"rendered":"https:\/\/die-webzeitung.de\/stuttgart\/?p=137816"},"modified":"2020-02-17T10:22:38","modified_gmt":"2020-02-17T09:22:38","slug":"jahresbilanz-der-einbuergerungen-2019","status":"publish","type":"post","link":"https:\/\/die-webzeitung.de\/stuttgart\/2020\/02\/17\/jahresbilanz-der-einbuergerungen-2019\/","title":{"rendered":"Jahresbilanz der Einb\u00fcrgerungen 2019"},"content":{"rendered":"<ul>\n<li style=\"text-align: justify;\">Letztes Jahr wurden 973 Personen eingeb\u00fcrgert<\/li>\n<li style=\"text-align: justify;\">Landrat Bernhard: \u201eH\u00f6chstwert des Jahrzehnts zum Abschluss\u201c<\/li>\n<\/ul>\n<p style=\"text-align: justify;\">Das Landratsamt B\u00f6blingen zieht eine Bilanz der Einb\u00fcrgerungen 2019. Landrat Roland Bernhard erkl\u00e4rt: \u201eIm letzten Kalenderjahr des vergangenen Jahrzehnts b\u00fcrgerte der Landkreis B\u00f6blingen mit 973 Einb\u00fcrgerungen so viele Menschen wie noch nie in dieser Dekade ein. Das ist ein Rekord. Im Jahr 2010 waren es noch 636 Einb\u00fcrgerungen. Dies bedeutet eine Steigerung um mehr als 50 Prozent. Das ist eine beachtliche Zunahme insbesondere wenn man bedenkt, dass die Zahl der bundesweit erfolgten Einb\u00fcrgerungen im gleichen Zeitraum um ca. 10 Prozent gestiegen ist. Die Einb\u00fcrgerung ist ein ganz besonderer Schritt und ein Zeichen der Verbundenheit mit der neuen Heimat. Ich freue mich \u00fcber jede B\u00fcrgerin und jeden B\u00fcrger, die sich f\u00fcr diesen Schritt entscheiden\u201c.<\/p>\n<p style=\"text-align: justify;\">Dass sich weltpolitische Entwicklungen bei die Arbeit der Einb\u00fcrgerungsbeh\u00f6rde des Landkreises B\u00f6blingen bemerkbar machen, wurde Mitte des letzten Jahrzehnts, insbesondere im vergangenen Jahr, mehr als deutlich. Lag die Zahl der eingeb\u00fcrgerten B\u00fcrgerinnen und B\u00fcrger des Vereinigten K\u00f6nigreichs im Jahr 2015 noch lediglich bei vier Personen, konnte seit dem \u201eBrexit-Referendum\u201c ein sprunghafter Anstieg verzeichnet werden. Vor allem das Jahr 2019 stach hierbei hervor.<\/p>\n<p style=\"text-align: justify;\">Landrat Roland Bernhard erl\u00e4utert: \u201eMit 70 eingeb\u00fcrgerten Britinnen und Briten hat sich die Zahl 2019 im Vergleich zu 2015 mehr als verzehnfacht. Doch das Vereinigte K\u00f6nigreich ist nur eines der zahlreichen Herkunftsl\u00e4nder der 973 Neub\u00fcrgerinnen und Neub\u00fcrger. Die Statistik belegt hier mehr als deutlich, was f\u00fcr ein vielf\u00e4ltiger und weltoffener Landkreis B\u00f6blingen ist\u201c.<\/p>\n<p style=\"text-align: justify;\">Denn die B\u00fcrgerinnen und B\u00fcrger, die den Schritt zur Einb\u00fcrgerung 2019 wagten, hatten insgesamt \u00fcber 80 verschiedene Nationalit\u00e4ten. Neben t\u00fcrkisch- oder rum\u00e4nisch- sowie italienischst\u00e4mmigen Personen \u2013 welche gemeinsam rund ein Drittel der Eingeb\u00fcrgerten im Landkreis ausmachten &#8211;\u00a0 entschieden sich auch Menschen aus L\u00e4ndern wie Estland, \u00c4thiopien, Peru oder auch Nepal f\u00fcr die deutsche Staatsangeh\u00f6rigkeit. In etwa 40 % der Eingeb\u00fcrgerten stammen aus L\u00e4ndern der Europ\u00e4ischen Union und profitieren dadurch in der Regel von der Ausnahme, die bisherige Staatsangeh\u00f6rigkeit behalten zu d\u00fcrfen.<\/p>\n<p style=\"text-align: justify;\">Der Landkreis B\u00f6blingen engagierte sich im Bereich der Einb\u00fcrgerungen \u00fcber die rechtlich vorgeschriebenen Aufgaben hinaus. So wurde die Anfang des Jahrzehnts begonnene Tradition, Einb\u00fcrgerungsfeiern zu veranstalten, auch 2019 mit zweier solcher Veranstaltungen fortgef\u00fchrt. Damit soll die besondere Entscheidung, sich zur Bundesrepublik Deutschland und seiner Werte zu bekennen, gew\u00fcrdigt werden. Bei den zwei vergangenen Feiern konnten insgesamt 158 Mitb\u00fcrgerinnen und Mitb\u00fcrger eingeb\u00fcrgert werden.<\/p>\n<p style=\"text-align: justify;\">Au\u00dferdem nahm Thomas Gonther-Belge, Leiter des Sachgebiets Ausl\u00e4nder- und Staatsangeh\u00f6rigkeitswesen im Landratsamt B\u00f6blingen, am 15. November 2019 im Bundeskanzleramt am Nationalen Aktionsplan Integration (NAP-I) teil. Hier unterst\u00fctzt er den bundesweiten Austausch der Bundesregierung und die Entwicklung von Handlungsempfehlungen zum Thema Einb\u00fcrgerungen, bzw. wie diese zu f\u00f6rdern sind. Bis Ende 2020 wird dort gemeinsam mit zahlreichen Partnern eruiert, welche Vorhaben und Ma\u00dfnahmen die Einb\u00fcrgerung f\u00f6rdern k\u00f6nnen. Es wurde unter anderem eine Arbeitsgruppe zum Thema Einb\u00fcrgerungskampagne eingerichtet. Ein Bereich, in dem der Landkreis B\u00f6blingen im abgelaufenen Jahrzehnt bereits mehrmals aktiv war. Insbesondere im Jahr 2019 konnten unter dem Motto \u201eLandkreis B\u00f6blingen \u2013 Hier PASS ich rein!\u201c, einige Aktionen erfolgreich durchgef\u00fchrt werden.<\/p>\n<p style=\"text-align: justify;\">Landrat Roland Bernhard betont: \u201eNeben der Erarbeitung einer Brosch\u00fcre, die die Vorteile der Einb\u00fcrgerung anschaulich darlegt und in der bereits Eingeb\u00fcrgerte von ihren Erfahrungen berichten, \u00fcber hausinterne und an Schulen im Landkreis stattfindenden Veranstaltungen bis hin zur \u00dcberarbeitung des Internetauftritts \u2013 der Landkreis darf sich hier bundesweit zu einer der Pionieren im Bereich Einb\u00fcrgerungskampagnen z\u00e4hlen. Dies spiegelt die Teilnahme am Nationalen Aktionsplan wider\u201c.<\/p>\n<p style=\"text-align: justify;\">Zu guter Letzt beschritt der Landkreis B\u00f6blingen im Bereich der Einb\u00fcrgerungen im Sommer 2019 auch den Weg der Digitalisierung &#8211; weg von der \u201ePapierakte\u201c hin zur elektronischen Aktenf\u00fchrung. So werden seit August 2019 alle Neuantr\u00e4ge nur noch digital erfasst, wodurch der Papierbestand in den B\u00fcros der Einb\u00fcrgerungsbeh\u00f6rde stetig schrumpft. Originalunterlagen, wie Zertifikate oder Urkunden, sind nur noch auf Bitten des Sachbearbeiters im Original vorzulegen. Bei der Antragstellung k\u00f6nnen Kopien, im Idealfall beglaubigte Kopien, verwendet werden.<\/p>\n<p style=\"text-align: justify;\">Landrat Roland Bernhard zieht ein Fazit: \u201eAlles in allem ging im Bereich der Einb\u00fcrgerung im Landkreis B\u00f6blingen ein ereignisreiches und erfolgreiches Jahr und Jahrzehnt zu Ende\u201c.<\/p>\n<hr \/>\n<p style=\"text-align: justify;\">\n","protected":false},"excerpt":{"rendered":"<p>Letztes Jahr wurden 973 Personen eingeb\u00fcrgert Landrat Bernhard: \u201eH\u00f6chstwert des Jahrzehnts zum Abschluss\u201c Das Landratsamt B\u00f6blingen zieht eine Bilanz der Einb\u00fcrgerungen 2019. Landrat Roland Bernhard erkl\u00e4rt: \u201eIm letzten Kalenderjahr des vergangenen Jahrzehnts b\u00fcrgerte der Landkreis B\u00f6blingen mit 973 Einb\u00fcrgerungen so viele Menschen wie noch nie in dieser Dekade ein. Das ist ein Rekord. Im Jahr [&hellip;]<\/p>\n","protected":false},"author":4,"featured_media":0,"comment_status":"closed","ping_status":"open","sticky":false,"template":"","format":"standard","meta":{"inline_featured_image":false,"_exactmetrics_skip_tracking":false,"_exactmetrics_sitenote_active":false,"_exactmetrics_sitenote_note":"","_exactmetrics_sitenote_category":0,"footnotes":""},"categories":[2246],"tags":[3061,14857,16562,5,68,9],"class_list":{"0":"post-137816","1":"post","2":"type-post","3":"status-publish","4":"format-standard","6":"category-kreis-boeblingen","7":"tag-boblingen","8":"tag-die-webzeitung","9":"tag-einbuergerungen","10":"tag-internetzeitung","11":"tag-online-zeitung","12":"tag-schaumedia"},"image_feature":null,"author_name":"Redaktion","pure_taxonomies":{"categories":[{"term_id":2246,"name":"Kreis B\u00f6blingen","slug":"kreis-boeblingen","term_group":0,"term_taxonomy_id":2259,"taxonomy":"category","description":"","parent":171,"count":197,"filter":"raw","image":""}],"tags":[{"term_id":3061,"name":"B\u00f6blingen","slug":"boblingen","term_group":0,"term_taxonomy_id":3075,"taxonomy":"post_tag","description":"","parent":0,"count":260,"filter":"raw","image":""},{"term_id":14857,"name":"Die-Webzeitung","slug":"die-webzeitung","term_group":0,"term_taxonomy_id":14876,"taxonomy":"post_tag","description":"","parent":0,"count":3623,"filter":"raw","image":""},{"term_id":16562,"name":"Einb\u00fcrgerungen","slug":"einbuergerungen","term_group":0,"term_taxonomy_id":16581,"taxonomy":"post_tag","description":"","parent":0,"count":1,"filter":"raw","image":""},{"term_id":5,"name":"Internetzeitung","slug":"internetzeitung","term_group":0,"term_taxonomy_id":5,"taxonomy":"post_tag","description":"","parent":0,"count":1461,"filter":"raw","image":""},{"term_id":68,"name":"Online-Zeitung","slug":"online-zeitung","term_group":0,"term_taxonomy_id":69,"taxonomy":"post_tag","description":"","parent":0,"count":3593,"filter":"raw","image":""},{"term_id":9,"name":"SchauMedia","slug":"schaumedia","term_group":0,"term_taxonomy_id":9,"taxonomy":"post_tag","description":"","parent":0,"count":1607,"filter":"raw","image":""}]},"_links":{"self":[{"href":"https:\/\/die-webzeitung.de\/stuttgart\/wp-json\/wp\/v2\/posts\/137816","targetHints":{"allow":["GET"]}}],"collection":[{"href":"https:\/\/die-webzeitung.de\/stuttgart\/wp-json\/wp\/v2\/posts"}],"about":[{"href":"https:\/\/die-webzeitung.de\/stuttgart\/wp-json\/wp\/v2\/types\/post"}],"author":[{"embeddable":true,"href":"https:\/\/die-webzeitung.de\/stuttgart\/wp-json\/wp\/v2\/users\/4"}],"replies":[{"embeddable":true,"href":"https:\/\/die-webzeitung.de\/stuttgart\/wp-json\/wp\/v2\/comments?post=137816"}],"version-history":[{"count":1,"href":"https:\/\/die-webzeitung.de\/stuttgart\/wp-json\/wp\/v2\/posts\/137816\/revisions"}],"predecessor-version":[{"id":137817,"href":"https:\/\/die-webzeitung.de\/stuttgart\/wp-json\/wp\/v2\/posts\/137816\/revisions\/137817"}],"wp:attachment":[{"href":"https:\/\/die-webzeitung.de\/stuttgart\/wp-json\/wp\/v2\/media?parent=137816"}],"wp:term":[{"taxonomy":"category","embeddable":true,"href":"https:\/\/die-webzeitung.de\/stuttgart\/wp-json\/wp\/v2\/categories?post=137816"},{"taxonomy":"post_tag","embeddable":true,"href":"https:\/\/die-webzeitung.de\/stuttgart\/wp-json\/wp\/v2\/tags?post=137816"}],"curies":[{"name":"wp","href":"https:\/\/api.w.org\/{rel}","templated":true}]}}