{"id":137773,"date":"2020-02-13T15:34:26","date_gmt":"2020-02-13T14:34:26","guid":{"rendered":"https:\/\/die-webzeitung.de\/stuttgart\/?p=137773"},"modified":"2020-02-13T15:34:59","modified_gmt":"2020-02-13T14:34:59","slug":"cold-case-aufgeklaert","status":"publish","type":"post","link":"https:\/\/die-webzeitung.de\/stuttgart\/2020\/02\/13\/cold-case-aufgeklaert\/","title":{"rendered":"&#8220;Cold Case&#8221; aufgekl\u00e4rt"},"content":{"rendered":"<h5 style=\"text-align: justify;\"><strong>Kriminalpolizei ermittelt Tatverd\u00e4chtigen zu einem am 14. Juli 1995 in Sindelfingen ver\u00fcbten Mord<\/strong><\/h5>\n<p style=\"text-align: justify;\">Akribische Ermittlungsarbeit, der sprichw\u00f6rtliche lange Atem und nicht zuletzt die stetig fortschreitende Weiterentwicklung im Bereich der DNA-Analyse hat die Kriminalpolizeidirektion B\u00f6blingen in einem fast 25 Jahre alten, bislang ungekl\u00e4rten Mordfall in Sindelfingen zu einem heute 69-j\u00e4hrigen Tatverd\u00e4chtigen gef\u00fchrt, der am Mittwoch in Hamburg festgenommen wurde.<\/p>\n<p style=\"text-align: justify;\">Am Freitag, den 14. Juli 1995, gegen 23:40 Uhr, wurde eine damals 35-j\u00e4hrige Frau auf dem Nachhauseweg von ihrer Arbeitsstelle in der Tilsiter Stra\u00dfe in Sindelfingen von einem unbekannten T\u00e4ter \u00fcberfallen und mit zahlreichen Messerstichen get\u00f6tet.<\/p>\n<p style=\"text-align: justify;\">Die damalige Landespolizeidirektion Stuttgart I richtete in der Folge die Sonderkommission &#8220;Tilsit&#8221; ein, deren monatelange Ermittlungen aber nicht zu einem konkreten Tatverdacht f\u00fchrten. Der heute 69-J\u00e4hrige, der zur Tatzeit im Kreis B\u00f6blingen wohnte, war damals durch die Ermittlungen und kriminaltechnischen Untersuchungen mit ihren damaligen M\u00f6glichkeiten nicht in den Fokus der Ermittler geraten.<\/p>\n<p style=\"text-align: justify;\">Mord verj\u00e4hrt nicht und diese T\u00f6tungsdelikte unterliegen daher auch nach einem vorl\u00e4ufigen Abschluss der Ermittlungen regelm\u00e4\u00dfigen Wiederholungs\u00fcberpr\u00fcfungen. Im Rahmen einer solchen \u00dcberpr\u00fcfung wurde eine damals am K\u00f6rper des Opfers gesicherte DNA-Mischspur im Kriminaltechnischen Institut des Landeskriminalsamts Baden-W\u00fcrttemberg erneut untersucht. Das Untersuchungsergebnis erh\u00e4rtete nunmehr den Tatverdacht gegen den 69-J\u00e4hrigen.<\/p>\n<p style=\"text-align: justify;\">Die folgenden Ermittlungen f\u00fchrten die Kriminalpolizei nach Hamburg, wo der Tatverd\u00e4chtige zwischenzeitlich wegen eines weiteren T\u00f6tungsdelikts und einer Erpressung eine mehrj\u00e4hrige Haftstrafe verb\u00fc\u00dft hatte. In enger Zusammenarbeit mit der Polizei Hamburg wurde der 69-j\u00e4hrige Deutsche schlie\u00dflich in einer dortigen Schrebergartensiedlung ausfindig gemacht und von Hamburger Spezialkr\u00e4ften mit Unterst\u00fctzung von Zielfahndern des Stuttgarter Landeskriminalamts in einem von ihm bewohnten Gartenhaus widerstandlos festgenommen.<\/p>\n<p style=\"text-align: justify;\">Er wurde am Donnerstag einem Haftrichter in Hamburg vorgef\u00fchrt, der den auf Antrag der Staatsanwaltschaft Stuttgart gegen ihn erlassenen Haftbefehl wegen Mordes in Vollzug setzte und ihn in eine Justizvollzugsanstalt einwies.<\/p>\n<p style=\"text-align: justify;\">Kriminaldirektor Mathias B\u00f6lle, der Leiter der Kriminalpolizeidirektion B\u00f6blingen freut sich \u00fcber diesen Ermittlungserfolg: &#8220;Dieser Fall zeigt uns einmal mehr, zu welch herausragenden Ergebnissen die hartn\u00e4ckige und intensive Arbeit unserer Kolleginnen und Kollegen im Zusammenspiel mit modernen kriminaltechnischen Methoden f\u00fchren kann.&#8221; B\u00f6lle w\u00fcrdigte dabei auch die sehr gute Zusammenarbeit mit der Polizei Hamburg, deren Unterst\u00fctzung ma\u00dfgeblich zu diesem Erfolg beigetragen habe.<\/p>\n<hr \/>\n<p style=\"text-align: justify;\">\n","protected":false},"excerpt":{"rendered":"<p>Kriminalpolizei ermittelt Tatverd\u00e4chtigen zu einem am 14. Juli 1995 in Sindelfingen ver\u00fcbten Mord Akribische Ermittlungsarbeit, der sprichw\u00f6rtliche lange Atem und nicht zuletzt die stetig fortschreitende Weiterentwicklung im Bereich der DNA-Analyse hat die Kriminalpolizeidirektion B\u00f6blingen in einem fast 25 Jahre alten, bislang ungekl\u00e4rten Mordfall in Sindelfingen zu einem heute 69-j\u00e4hrigen Tatverd\u00e4chtigen gef\u00fchrt, der am Mittwoch in [&hellip;]<\/p>\n","protected":false},"author":4,"featured_media":0,"comment_status":"closed","ping_status":"open","sticky":false,"template":"","format":"standard","meta":{"inline_featured_image":false,"_exactmetrics_skip_tracking":false,"_exactmetrics_sitenote_active":false,"_exactmetrics_sitenote_note":"","_exactmetrics_sitenote_category":0,"footnotes":""},"categories":[59,9098],"tags":[14857,15188,16058,5,12612,68,9,7532,8062],"class_list":{"0":"post-137773","1":"post","2":"type-post","3":"status-publish","4":"format-standard","6":"category-aktuell","7":"category-baden-wuerttemberg","8":"tag-die-webzeitung","9":"tag-ermittlung","10":"tag-festnahme","11":"tag-internetzeitung","12":"tag-mord","13":"tag-online-zeitung","14":"tag-schaumedia","15":"tag-sindelfingen","16":"tag-tater"},"image_feature":null,"author_name":"Redaktion","pure_taxonomies":{"categories":[{"term_id":59,"name":"Aktuell","slug":"aktuell","term_group":0,"term_taxonomy_id":60,"taxonomy":"category","description":"","parent":0,"count":1017,"filter":"raw","image":""},{"term_id":9098,"name":"Baden-W\u00fcrttemberg","slug":"baden-wuerttemberg","term_group":0,"term_taxonomy_id":9124,"taxonomy":"category","description":"","parent":171,"count":238,"filter":"raw","image":""}],"tags":[{"term_id":14857,"name":"Die-Webzeitung","slug":"die-webzeitung","term_group":0,"term_taxonomy_id":14876,"taxonomy":"post_tag","description":"","parent":0,"count":3623,"filter":"raw","image":""},{"term_id":15188,"name":"Ermittlung","slug":"ermittlung","term_group":0,"term_taxonomy_id":15207,"taxonomy":"post_tag","description":"","parent":0,"count":2,"filter":"raw","image":""},{"term_id":16058,"name":"Festnahme","slug":"festnahme","term_group":0,"term_taxonomy_id":16077,"taxonomy":"post_tag","description":"","parent":0,"count":7,"filter":"raw","image":""},{"term_id":5,"name":"Internetzeitung","slug":"internetzeitung","term_group":0,"term_taxonomy_id":5,"taxonomy":"post_tag","description":"","parent":0,"count":1461,"filter":"raw","image":""},{"term_id":12612,"name":"Mord","slug":"mord","term_group":0,"term_taxonomy_id":12652,"taxonomy":"post_tag","description":"","parent":0,"count":2,"filter":"raw","image":""},{"term_id":68,"name":"Online-Zeitung","slug":"online-zeitung","term_group":0,"term_taxonomy_id":69,"taxonomy":"post_tag","description":"","parent":0,"count":3593,"filter":"raw","image":""},{"term_id":9,"name":"SchauMedia","slug":"schaumedia","term_group":0,"term_taxonomy_id":9,"taxonomy":"post_tag","description":"","parent":0,"count":1607,"filter":"raw","image":""},{"term_id":7532,"name":"Sindelfingen","slug":"sindelfingen","term_group":0,"term_taxonomy_id":7554,"taxonomy":"post_tag","description":"","parent":0,"count":8,"filter":"raw","image":""},{"term_id":8062,"name":"T\u00e4ter","slug":"tater","term_group":0,"term_taxonomy_id":8085,"taxonomy":"post_tag","description":"","parent":0,"count":2,"filter":"raw","image":""}]},"_links":{"self":[{"href":"https:\/\/die-webzeitung.de\/stuttgart\/wp-json\/wp\/v2\/posts\/137773","targetHints":{"allow":["GET"]}}],"collection":[{"href":"https:\/\/die-webzeitung.de\/stuttgart\/wp-json\/wp\/v2\/posts"}],"about":[{"href":"https:\/\/die-webzeitung.de\/stuttgart\/wp-json\/wp\/v2\/types\/post"}],"author":[{"embeddable":true,"href":"https:\/\/die-webzeitung.de\/stuttgart\/wp-json\/wp\/v2\/users\/4"}],"replies":[{"embeddable":true,"href":"https:\/\/die-webzeitung.de\/stuttgart\/wp-json\/wp\/v2\/comments?post=137773"}],"version-history":[{"count":2,"href":"https:\/\/die-webzeitung.de\/stuttgart\/wp-json\/wp\/v2\/posts\/137773\/revisions"}],"predecessor-version":[{"id":137775,"href":"https:\/\/die-webzeitung.de\/stuttgart\/wp-json\/wp\/v2\/posts\/137773\/revisions\/137775"}],"wp:attachment":[{"href":"https:\/\/die-webzeitung.de\/stuttgart\/wp-json\/wp\/v2\/media?parent=137773"}],"wp:term":[{"taxonomy":"category","embeddable":true,"href":"https:\/\/die-webzeitung.de\/stuttgart\/wp-json\/wp\/v2\/categories?post=137773"},{"taxonomy":"post_tag","embeddable":true,"href":"https:\/\/die-webzeitung.de\/stuttgart\/wp-json\/wp\/v2\/tags?post=137773"}],"curies":[{"name":"wp","href":"https:\/\/api.w.org\/{rel}","templated":true}]}}